{"id":688,"date":"2012-06-29T10:15:43","date_gmt":"2012-06-29T07:15:43","guid":{"rendered":"https:\/\/www.enerjigazetesi.ist\/?p=688"},"modified":"2012-06-29T10:15:43","modified_gmt":"2012-06-29T07:15:43","slug":"turkiye-tunusta-baraj-yapacak","status":"publish","type":"post","link":"https:\/\/www.enerjigazetesi.ist\/en\/turkiye-tunusta-baraj-yapacak\/","title":{"rendered":"(Turkish) T\u00fcrkiye Tunus&#8217;ta Baraj Yapacak"},"content":{"rendered":"<p class=\"qtranxs-available-languages-message qtranxs-available-languages-message-en\">Sorry, this entry is only available in <a href=\"https:\/\/www.enerjigazetesi.ist\/tr\/wp-json\/wp\/v2\/posts\/688\" class=\"qtranxs-available-language-link qtranxs-available-language-link-tr\" title=\"Turkish\">Turkish<\/a>. For the sake of viewer convenience, the content is shown below in the alternative language. You may click the link to switch the active language.<\/p><p><strong>Orman ve Su \u0130\u015fleri Bakanl\u0131\u011f\u0131 Devlet Su \u0130\u015fleri Genel M\u00fcd\u00fcrl\u00fc\u011f\u00fc Tunus&#8217;ta baraj in\u015fa edecek.<\/strong><\/p>\n<p><img loading=\"lazy\" class=\"alignleft size-medium wp-image-689\" title=\"tunus-baraj-yapimi\" src=\"https:\/\/www.enerjigazetesi.ist\/wp-content\/uploads\/2012\/06\/tunus-baraj-yapimi-300x169.jpg\" alt=\"\" width=\"300\" height=\"169\" srcset=\"https:\/\/www.enerjigazetesi.ist\/wp-content\/uploads\/2012\/06\/tunus-baraj-yapimi-300x169.jpg 300w, https:\/\/www.enerjigazetesi.ist\/wp-content\/uploads\/2012\/06\/tunus-baraj-yapimi-80x45.jpg 80w, https:\/\/www.enerjigazetesi.ist\/wp-content\/uploads\/2012\/06\/tunus-baraj-yapimi.jpg 478w\" sizes=\"(max-width: 300px) 100vw, 300px\" \/>Orman ve Su \u0130\u015fleri Bakanl\u0131\u011f\u0131&#8217;ndan yap\u0131lan a\u00e7\u0131klamaya g\u00f6re, Tunus B\u00f6lgesel Kalk\u0131nma ve Planlama Bakan\u0131 Jamel-Eddine Gharbi bir s\u00fcre \u00f6nce T\u00fcrkiye&#8217;de \u00e7e\u015fitli ziyaretlerde bulundu.<\/p>\n<p>Gharbi ile Orman ve Su \u0130\u015fleri Bakan\u0131 Veysel Ero\u011flu&#8217;nun g\u00f6r\u00fc\u015fmesinde, Tunus&#8217;un kuzeyinde yer alan Madjerda Nehri ta\u015fk\u0131nlar\u0131n\u0131n \u00f6nlenmesi konusu g\u00fcndeme geldi.<\/p>\n<p>Bu maksatla su ve ormanc\u0131l\u0131k konular\u0131nda olu\u015fturulan uzman bir heyet taraf\u0131ndan 9-14 Nisan tarihlerinde Tunus&#8217;a \u00e7al\u0131\u015fma ziyareti d\u00fczenlendi. Madjerda Nehri havzas\u0131nda ta\u015fk\u0131n sahalar\u0131nda incelemeler yapan heyet, baz\u0131 tespitlerde bulundu.<\/p>\n<p>Yap\u0131lmas\u0131 planlanan ve yakla\u015f\u0131k maliyeti 97 milyon ABD dolar\u0131 olan Melleque Amont Baraj\u0131&#8217;n\u0131n finanse edilmesi, Madjerda Nehri yata\u011f\u0131nda ta\u015fk\u0131na sebep olan b\u00f6l\u00fcmlerin \u0131slah\u0131 ve ta\u015fk\u0131nlara acil olarak m\u00fcdahale edilebilmesi i\u00e7in 5 milyon ABD dolar\u0131 tutar\u0131nda uygun i\u015f makineleri ekipman\u0131 g\u00f6nderilmesi kararla\u015ft\u0131r\u0131ld\u0131.<\/p>\n<p>A\u00e7\u0131klamada, g\u00f6r\u00fc\u015flerine yer verilen Bakan Ero\u011flu, T\u00fcrkiye ile Tunus aras\u0131nda geli\u015fen yeni i\u015fbirli\u011fine ta\u015fk\u0131n ve ormanc\u0131l\u0131k hususlar\u0131nda ba\u015flang\u0131\u00e7 yap\u0131ld\u0131\u011f\u0131n\u0131 belirterek, ilerleyen zamanlarda ise i\u015fbirliklerinin turizmden milli savunmaya kadar bir\u00e7ok alanda geni\u015fleyece\u011fini kaydetti.<\/p>\n<p>Tunus ile farmas\u00f6tik, t\u0131bbi ve kozmetik bitkiler alanlar\u0131nda da i\u015fbirli\u011fi yapmak istediklerine dikkati \u00e7eken Ero\u011flu, su kaynaklar\u0131n\u0131n geli\u015ftirilmesinde d\u00fcnyada 3. s\u0131rada yer alan T\u00fcrkiye&#8217;nin konuyla ilgili bilgi ve tecr\u00fcbelerini Tunus&#8217;a aktaraca\u011f\u0131n\u0131 bildirdi.<\/p>\n<p>Afrika&#8217;daki bir\u00e7ok \u00fclkeyle sulama, baraj yap\u0131m\u0131, dere \u0131slah\u0131, modern sulama teknikleri hususunda da e\u011fitim \u00e7al\u0131\u015fmalar\u0131 yapt\u0131klar\u0131n\u0131 anlatan Ero\u011flu, &#8221;Ya\u015fanan su s\u0131k\u0131nt\u0131lar\u0131na \u00e7\u00f6z\u00fcm bulunmas\u0131 maksad\u0131yla Devlet Su \u0130\u015fleri Genel M\u00fcd\u00fcrl\u00fc\u011f\u00fc&#8217;n\u00fc harekete ge\u00e7irdik. \u0130nsani yard\u0131m projeleri ile Burkina Faso, Nijer, Etiyopya, Sudan ve Cibuti&#8217;de y\u00fcz binlerce ki\u015fiye i\u00e7me suyu temin ettik. Yard\u0131m elimiz art\u0131k b\u00fct\u00fcn d\u00fcnyaya uzan\u0131yor&#8221; ifadelerini kulland\u0131.<\/p>\n<p>Kaynak: <a href=\"http:\/\/www.sabah.com.tr\/YesilEkran\/2012\/06\/22\/turkiye-tunustaa-baraj-yapacak\" target=\"_blank\">Sabah<\/a><\/p>","protected":false},"excerpt":{"rendered":"<p>Sorry, this entry is only available in Turkish. For the sake of viewer convenience, the content is shown below in the alternative language. You may click the link to switch the active language.Orman ve Su \u0130\u015fleri Bakanl\u0131\u011f\u0131 Devlet Su \u0130\u015fleri Genel M\u00fcd\u00fcrl\u00fc\u011f\u00fc Tunus&#8217;ta baraj in\u015fa edecek. Orman ve Su \u0130\u015fleri Bakanl\u0131\u011f\u0131&#8217;ndan yap\u0131lan a\u00e7\u0131klamaya g\u00f6re, Tunus [&hellip;]<\/p>\n","protected":false},"author":1,"featured_media":689,"comment_status":"open","ping_status":"open","sticky":false,"template":"","format":"standard","meta":[],"categories":[53],"tags":[100,99],"views":912,"_links":{"self":[{"href":"https:\/\/www.enerjigazetesi.ist\/en\/wp-json\/wp\/v2\/posts\/688"}],"collection":[{"href":"https:\/\/www.enerjigazetesi.ist\/en\/wp-json\/wp\/v2\/posts"}],"about":[{"href":"https:\/\/www.enerjigazetesi.ist\/en\/wp-json\/wp\/v2\/types\/post"}],"author":[{"embeddable":true,"href":"https:\/\/www.enerjigazetesi.ist\/en\/wp-json\/wp\/v2\/users\/1"}],"replies":[{"embeddable":true,"href":"https:\/\/www.enerjigazetesi.ist\/en\/wp-json\/wp\/v2\/comments?post=688"}],"version-history":[{"count":2,"href":"https:\/\/www.enerjigazetesi.ist\/en\/wp-json\/wp\/v2\/posts\/688\/revisions"}],"predecessor-version":[{"id":691,"href":"https:\/\/www.enerjigazetesi.ist\/en\/wp-json\/wp\/v2\/posts\/688\/revisions\/691"}],"wp:featuredmedia":[{"embeddable":true,"href":"https:\/\/www.enerjigazetesi.ist\/en\/wp-json\/wp\/v2\/media\/689"}],"wp:attachment":[{"href":"https:\/\/www.enerjigazetesi.ist\/en\/wp-json\/wp\/v2\/media?parent=688"}],"wp:term":[{"taxonomy":"category","embeddable":true,"href":"https:\/\/www.enerjigazetesi.ist\/en\/wp-json\/wp\/v2\/categories?post=688"},{"taxonomy":"post_tag","embeddable":true,"href":"https:\/\/www.enerjigazetesi.ist\/en\/wp-json\/wp\/v2\/tags?post=688"}],"curies":[{"name":"wp","href":"https:\/\/api.w.org\/{rel}","templated":true}]}}