{"id":68792,"date":"2017-10-31T11:48:56","date_gmt":"2017-10-31T08:48:56","guid":{"rendered":"https:\/\/www.enerjigazetesi.ist\/?p=68792"},"modified":"2017-10-31T11:48:56","modified_gmt":"2017-10-31T08:48:56","slug":"yatagan-termik-santraline-yonelik-toplu-is-sozlesmesi-anlasmayla-sonuclandi","status":"publish","type":"post","link":"https:\/\/www.enerjigazetesi.ist\/en\/yatagan-termik-santraline-yonelik-toplu-is-sozlesmesi-anlasmayla-sonuclandi\/","title":{"rendered":"(Turkish) Yata\u011fan Termik Santrali&#8217;ne Y\u00f6nelik Toplu \u0130\u015f S\u00f6zle\u015fmesi Anla\u015fmayla Sonu\u00e7land\u0131"},"content":{"rendered":"<p class=\"qtranxs-available-languages-message qtranxs-available-languages-message-en\">Sorry, this entry is only available in <a href=\"https:\/\/www.enerjigazetesi.ist\/tr\/wp-json\/wp\/v2\/posts\/68792\" class=\"qtranxs-available-language-link qtranxs-available-language-link-tr\" title=\"Turkish\">Turkish<\/a>. For the sake of viewer convenience, the content is shown below in the alternative language. You may click the link to switch the active language.<\/p><p><strong>Bereket Enerji b\u00fcnyesinde faaliyet g\u00f6steren Yata\u011fan Termik Enerji \u00dcretim A.\u015e. ile Maden \u0130\u015f Sendikas\u0131 aras\u0131nda s\u00fcrd\u00fcr\u00fclen toplu i\u015f s\u00f6zle\u015fmesi g\u00f6r\u00fc\u015fmelerinin anla\u015fmayla sonu\u00e7land\u0131.<\/strong><\/p>\n<p>Termik santralin maden b\u00f6l\u00fcm\u00fcnde \u00e7al\u0131\u015fan 360 i\u015f\u00e7iyi kapsayan yeni d\u00f6nem toplu i\u015f s\u00f6zle\u015fmesi 1 Ocak 2017\u2019den ge\u00e7erli olmak \u00fczere 2 y\u0131ll\u0131k bir s\u00fcreyi kapsayacak. Toplu i\u015f s\u00f6zle\u015fmesiyle \u00fccretleri ve sosyal <img loading=\"lazy\" class=\"alignleft size-medium wp-image-68793\" src=\"https:\/\/www.enerjigazetesi.ist\/wp-content\/uploads\/2017\/10\/yatagan-termik-santraline-yonelik-toplu-is-sozlesmesi-anlasmayla-sonuclandi-300x169.jpg\" alt=\"\" width=\"300\" height=\"169\" srcset=\"https:\/\/www.enerjigazetesi.ist\/wp-content\/uploads\/2017\/10\/yatagan-termik-santraline-yonelik-toplu-is-sozlesmesi-anlasmayla-sonuclandi-300x169.jpg 300w, https:\/\/www.enerjigazetesi.ist\/wp-content\/uploads\/2017\/10\/yatagan-termik-santraline-yonelik-toplu-is-sozlesmesi-anlasmayla-sonuclandi-500x282.jpg 500w, https:\/\/www.enerjigazetesi.ist\/wp-content\/uploads\/2017\/10\/yatagan-termik-santraline-yonelik-toplu-is-sozlesmesi-anlasmayla-sonuclandi-80x45.jpg 80w, https:\/\/www.enerjigazetesi.ist\/wp-content\/uploads\/2017\/10\/yatagan-termik-santraline-yonelik-toplu-is-sozlesmesi-anlasmayla-sonuclandi.jpg 608w\" sizes=\"(max-width: 300px) 100vw, 300px\" \/>haklar\u0131 iyile\u015ftirilen i\u015f\u00e7iler, b\u00f6ylece sorunsuz bir \u015fekilde yeni haklara kavu\u015ftu.<\/p>\n<p>Ankara\u2019da d\u00fczenlenen toplu i\u015f s\u00f6zle\u015fmesi imza t\u00f6reninde konu\u015fan Maden \u0130\u015f Sendikas\u0131 Genel Ba\u015fkan\u0131 Nurettin Ak\u00e7ul, i\u015f\u00e7ilerin emeklerinin kar\u015f\u0131l\u0131\u011f\u0131 olarak yeni haklara kavu\u015ftu\u011funu belirterek, \u2018\u2019 Bereket Enerji ve Yata\u011fan Termik Enerji \u00dcretim \u015firketinin y\u00f6neticilerine g\u00f6r\u00fc\u015fmelerdeki olumlu ve \u00f6zverili yakla\u015f\u0131mlar\u0131 i\u00e7in te\u015fekk\u00fcr ediyoruz\u2019\u2019 dedi. Maden \u2013 \u0130\u015f Genel T\u0130S ve Mevzuat Sekreteri Hasan H\u00fcseyin G\u00fcrb\u00fcz ise \u00f6zelle\u015ftirme s\u00fcrecinden sonra sendika ve i\u015fveren aras\u0131nda g\u00fcvene dayal\u0131 bir diyalog olu\u015ftu\u011funu, bu olumlu havan\u0131n s\u00f6zle\u015fme g\u00f6r\u00fc\u015fmelerine yans\u0131d\u0131\u011f\u0131n\u0131 ifade etti. Maden \u0130\u015f Yata\u011fan ve havalisi \u015fube ba\u015fkan\u0131 Osman \u0130lhan da, \u2018\u2019Yata\u011fan\u2019da i\u015f\u00e7iler de i\u015fveren de mutlu\u2019\u2019 diyerek toplu s\u00f6zle\u015fmeyle ya\u015fanan sevinci \u00f6zetledi.<\/p>\n<p>Toplu \u0130\u015f s\u00f6zle\u015fmesi imza t\u00f6renine Yata\u011fan Termik Enerji \u00dcretim A.\u015e. ad\u0131na Aykut Atlas, Arif Y\u0131lmaz Durucan, Yusuf Din\u00e7, Serhat Ba\u015fara ve Av. Nazan \u00c7all\u0131 ile birlikte kat\u0131lan \u0130cra Kurulu \u00fcyesi ve Bereket Enerji \u0130nsan Kaynaklar\u0131 M\u00fcd\u00fcr\u00fc Ersin Yaz\u0131c\u0131, \u2018\u2019Yata\u011fan\u2019\u0131n hava kalitesine, \u00fcretime ve eme\u011fin de\u011ferlendirilmesine bereket geldi\u2019\u2019 diye konu\u015ftu. Bereket Grubu olarak, insana sayg\u0131l\u0131 ve \u00e7evreye duyarl\u0131 bir y\u00f6netim anlay\u0131\u015f\u0131n\u0131 ilke kabul ettiklerini anlatan Yaz\u0131c\u0131 \u2018\u2019Bu nedenle, her konuda duyarl\u0131 hareket ediyoruz. Toplu i\u015f s\u00f6zle\u015fmesinin sorunsuz bir \u015fekilde sonu\u00e7lanmas\u0131 her iki taraf i\u00e7in sevindirici bir geli\u015fmedir\u2019\u2019 diye konu\u015ftu.<\/p>","protected":false},"excerpt":{"rendered":"<p>Sorry, this entry is only available in Turkish. For the sake of viewer convenience, the content is shown below in the alternative language. You may click the link to switch the active language.Bereket Enerji b\u00fcnyesinde faaliyet g\u00f6steren Yata\u011fan Termik Enerji \u00dcretim A.\u015e. ile Maden \u0130\u015f Sendikas\u0131 aras\u0131nda s\u00fcrd\u00fcr\u00fclen toplu i\u015f s\u00f6zle\u015fmesi g\u00f6r\u00fc\u015fmelerinin anla\u015fmayla sonu\u00e7land\u0131. Termik [&hellip;]<\/p>\n","protected":false},"author":1,"featured_media":68793,"comment_status":"open","ping_status":"open","sticky":false,"template":"","format":"standard","meta":[],"categories":[53,24649],"tags":[35884,4720,67,1009,35121,438,22424],"views":1380,"_links":{"self":[{"href":"https:\/\/www.enerjigazetesi.ist\/en\/wp-json\/wp\/v2\/posts\/68792"}],"collection":[{"href":"https:\/\/www.enerjigazetesi.ist\/en\/wp-json\/wp\/v2\/posts"}],"about":[{"href":"https:\/\/www.enerjigazetesi.ist\/en\/wp-json\/wp\/v2\/types\/post"}],"author":[{"embeddable":true,"href":"https:\/\/www.enerjigazetesi.ist\/en\/wp-json\/wp\/v2\/users\/1"}],"replies":[{"embeddable":true,"href":"https:\/\/www.enerjigazetesi.ist\/en\/wp-json\/wp\/v2\/comments?post=68792"}],"version-history":[{"count":1,"href":"https:\/\/www.enerjigazetesi.ist\/en\/wp-json\/wp\/v2\/posts\/68792\/revisions"}],"predecessor-version":[{"id":68794,"href":"https:\/\/www.enerjigazetesi.ist\/en\/wp-json\/wp\/v2\/posts\/68792\/revisions\/68794"}],"wp:featuredmedia":[{"embeddable":true,"href":"https:\/\/www.enerjigazetesi.ist\/en\/wp-json\/wp\/v2\/media\/68793"}],"wp:attachment":[{"href":"https:\/\/www.enerjigazetesi.ist\/en\/wp-json\/wp\/v2\/media?parent=68792"}],"wp:term":[{"taxonomy":"category","embeddable":true,"href":"https:\/\/www.enerjigazetesi.ist\/en\/wp-json\/wp\/v2\/categories?post=68792"},{"taxonomy":"post_tag","embeddable":true,"href":"https:\/\/www.enerjigazetesi.ist\/en\/wp-json\/wp\/v2\/tags?post=68792"}],"curies":[{"name":"wp","href":"https:\/\/api.w.org\/{rel}","templated":true}]}}