{"id":68785,"date":"2017-10-31T10:19:26","date_gmt":"2017-10-31T07:19:26","guid":{"rendered":"https:\/\/www.enerjigazetesi.ist\/?p=68785"},"modified":"2017-10-31T10:20:23","modified_gmt":"2017-10-31T07:20:23","slug":"kalyon-enerji-gunes-ve-ruzgar-santrali-yatirimlari-ile-buyuyecegiz","status":"publish","type":"post","link":"https:\/\/www.enerjigazetesi.ist\/en\/kalyon-enerji-gunes-ve-ruzgar-santrali-yatirimlari-ile-buyuyecegiz\/","title":{"rendered":"(Turkish) Kalyon Enerji: &#8220;G\u00fcne\u015f ve R\u00fczgar Santrali Yat\u0131r\u0131mlar\u0131 \u0130le B\u00fcy\u00fcyece\u011fiz&#8221;"},"content":{"rendered":"<p class=\"qtranxs-available-languages-message qtranxs-available-languages-message-en\">Sorry, this entry is only available in <a href=\"https:\/\/www.enerjigazetesi.ist\/tr\/wp-json\/wp\/v2\/posts\/68785\" class=\"qtranxs-available-language-link qtranxs-available-language-link-tr\" title=\"Turkish\">Turkish<\/a>. For the sake of viewer convenience, the content is shown below in the alternative language. You may click the link to switch the active language.<\/p><p><strong>Kalyon Holding Enerji Grup Ba\u015fkan\u0131 Dr. Murtaza Ata taraf\u0131ndan yenilenebilir enerji ba\u015fta olmak \u00fczere enerjinin her alan\u0131 ile ilgilenildi\u011fi belirtildi.<\/strong><\/p>\n<p><img loading=\"lazy\" class=\"alignleft wp-image-14867 size-medium\" src=\"https:\/\/www.enerjigazetesi.ist\/wp-content\/uploads\/2013\/09\/avustralya-nin-elektriginin-yarisi-gunes-ve-ruzgar-enerjisi-ile-yesilleniyor-300x203.jpg\" alt=\"kalyon-enerji-gunes-ve-ruzgar-santrali-yatirimlari-ile-buyuyecegiz\" width=\"300\" height=\"203\" srcset=\"https:\/\/www.enerjigazetesi.ist\/wp-content\/uploads\/2013\/09\/avustralya-nin-elektriginin-yarisi-gunes-ve-ruzgar-enerjisi-ile-yesilleniyor-300x203.jpg 300w, https:\/\/www.enerjigazetesi.ist\/wp-content\/uploads\/2013\/09\/avustralya-nin-elektriginin-yarisi-gunes-ve-ruzgar-enerjisi-ile-yesilleniyor-73x50.jpg 73w, https:\/\/www.enerjigazetesi.ist\/wp-content\/uploads\/2013\/09\/avustralya-nin-elektriginin-yarisi-gunes-ve-ruzgar-enerjisi-ile-yesilleniyor.jpg 420w\" sizes=\"(max-width: 300px) 100vw, 300px\" \/><\/p>\n<p>2040&#8217;l\u0131 y\u0131llarda T\u00fcrkiye\u2019nin elektri\u011finin b\u00fcy\u00fck b\u00f6l\u00fcm\u00fcn\u00fc g\u00fcne\u015ften sa\u011flanaca\u011f\u0131n\u0131 belirten Ata, \u201cG\u00fcne\u015f teknolojisinde daha fazla yat\u0131r\u0131m yapmaya haz\u0131r\u0131z. Hedefimiz g\u00fcne\u015f ve r\u00fczg\u00e2r santral yat\u0131r\u0131mlar\u0131yla b\u00fcy\u00fcmemizi s\u00fcrd\u00fcrmektir, tabii bunlar\u0131n teknolojilerinin yurt i\u00e7inde \u00fcretilmesini sa\u011flayarak\u201d ifadelerini kulland\u0131.<\/p>\n<p>T\u00fcrkiye\u2019nin ilk yerli entegre g\u00fcne\u015f paneli \u00fcretim tesisi i\u00e7in hafriyat \u00e7al\u0131\u015fmalar\u0131n\u0131n ba\u015flad\u0131\u011f\u0131n\u0131 belirten Ata, Enerji ve Tabii Kaynaklar Bakanl\u0131\u011f\u0131\u2019n\u0131n uygun g\u00f6rece\u011fi bir tarihte temel atma t\u00f6reni i\u00e7in haz\u0131r olacaklar\u0131n\u0131 s\u00f6yledi. Ata ayr\u0131ca Kalyon-T\u00fcrkerler-Siemens konsorsiyumu olarak kazand\u0131klar\u0131 r\u00fczg\u00e2r YEKA kapsam\u0131ndaki t\u00fcrbin fabrikas\u0131n\u0131 Siemens\u2019in kuraca\u011f\u0131n\u0131 s\u00f6yledi.<\/p>","protected":false},"excerpt":{"rendered":"<p>Sorry, this entry is only available in Turkish. For the sake of viewer convenience, the content is shown below in the alternative language. You may click the link to switch the active language.Kalyon Holding Enerji Grup Ba\u015fkan\u0131 Dr. Murtaza Ata taraf\u0131ndan yenilenebilir enerji ba\u015fta olmak \u00fczere enerjinin her alan\u0131 ile ilgilenildi\u011fi belirtildi. 2040&#8217;l\u0131 y\u0131llarda T\u00fcrkiye\u2019nin [&hellip;]<\/p>\n","protected":false},"author":1,"featured_media":14867,"comment_status":"open","ping_status":"open","sticky":false,"template":"","format":"standard","meta":[],"categories":[53,49,50],"tags":[963,67,1009,227,13,23416,142,35882,69,16,24949,1053,25578,105,35883],"views":1270,"_links":{"self":[{"href":"https:\/\/www.enerjigazetesi.ist\/en\/wp-json\/wp\/v2\/posts\/68785"}],"collection":[{"href":"https:\/\/www.enerjigazetesi.ist\/en\/wp-json\/wp\/v2\/posts"}],"about":[{"href":"https:\/\/www.enerjigazetesi.ist\/en\/wp-json\/wp\/v2\/types\/post"}],"author":[{"embeddable":true,"href":"https:\/\/www.enerjigazetesi.ist\/en\/wp-json\/wp\/v2\/users\/1"}],"replies":[{"embeddable":true,"href":"https:\/\/www.enerjigazetesi.ist\/en\/wp-json\/wp\/v2\/comments?post=68785"}],"version-history":[{"count":3,"href":"https:\/\/www.enerjigazetesi.ist\/en\/wp-json\/wp\/v2\/posts\/68785\/revisions"}],"predecessor-version":[{"id":68788,"href":"https:\/\/www.enerjigazetesi.ist\/en\/wp-json\/wp\/v2\/posts\/68785\/revisions\/68788"}],"wp:featuredmedia":[{"embeddable":true,"href":"https:\/\/www.enerjigazetesi.ist\/en\/wp-json\/wp\/v2\/media\/14867"}],"wp:attachment":[{"href":"https:\/\/www.enerjigazetesi.ist\/en\/wp-json\/wp\/v2\/media?parent=68785"}],"wp:term":[{"taxonomy":"category","embeddable":true,"href":"https:\/\/www.enerjigazetesi.ist\/en\/wp-json\/wp\/v2\/categories?post=68785"},{"taxonomy":"post_tag","embeddable":true,"href":"https:\/\/www.enerjigazetesi.ist\/en\/wp-json\/wp\/v2\/tags?post=68785"}],"curies":[{"name":"wp","href":"https:\/\/api.w.org\/{rel}","templated":true}]}}