{"id":68777,"date":"2017-10-30T23:07:05","date_gmt":"2017-10-30T20:07:05","guid":{"rendered":"https:\/\/www.enerjigazetesi.ist\/?p=68777"},"modified":"2017-10-30T23:07:05","modified_gmt":"2017-10-30T20:07:05","slug":"benzin-ve-motorin-fiyatlarina-buyuk-zam-kapida","status":"publish","type":"post","link":"https:\/\/www.enerjigazetesi.ist\/en\/benzin-ve-motorin-fiyatlarina-buyuk-zam-kapida\/","title":{"rendered":"(Turkish) Benzin ve Motorin Fiyatlar\u0131na B\u00fcy\u00fck Zam Kap\u0131da!"},"content":{"rendered":"<p class=\"qtranxs-available-languages-message qtranxs-available-languages-message-en\">Sorry, this entry is only available in <a href=\"https:\/\/www.enerjigazetesi.ist\/tr\/wp-json\/wp\/v2\/posts\/68777\" class=\"qtranxs-available-language-link qtranxs-available-language-link-tr\" title=\"Turkish\">Turkish<\/a>. For the sake of viewer convenience, the content is shown below in the alternative language. You may click the link to switch the active language.<\/p><p><strong>Petrol \u00fcr\u00fcnleri \u0130\u015fverenler Sendikas\u0131&#8217;nca yap\u0131lan a\u00e7\u0131klamada \u201c31 Ekim 2017&#8217;den itibaren ge\u00e7erli olmak \u00fczere benzin grubunda 10 \u2013 12 kuru\u015f \u2013 motorin grubunda 17 \u2013 19 kuru\u015f<img loading=\"lazy\" class=\"alignright size-medium wp-image-44534\" src=\"https:\/\/www.enerjigazetesi.ist\/wp-content\/uploads\/2015\/09\/benzin-ve-motorin-satislari-temmuz-ayinda-artti-300x165.jpg\" alt=\"\" width=\"300\" height=\"165\" srcset=\"https:\/\/www.enerjigazetesi.ist\/wp-content\/uploads\/2015\/09\/benzin-ve-motorin-satislari-temmuz-ayinda-artti-300x165.jpg 300w, https:\/\/www.enerjigazetesi.ist\/wp-content\/uploads\/2015\/09\/benzin-ve-motorin-satislari-temmuz-ayinda-artti-500x276.jpg 500w, https:\/\/www.enerjigazetesi.ist\/wp-content\/uploads\/2015\/09\/benzin-ve-motorin-satislari-temmuz-ayinda-artti-80x44.jpg 80w, https:\/\/www.enerjigazetesi.ist\/wp-content\/uploads\/2015\/09\/benzin-ve-motorin-satislari-temmuz-ayinda-artti.jpg 696w\" sizes=\"(max-width: 300px) 100vw, 300px\" \/> fiyat art\u0131\u015f\u0131 beklenmektedir.\u201d denildi.<\/strong><\/p>\n<p>S\u00f6z konusu a\u00e7\u0131klamada \u201d Fiyat de\u011fi\u015fim indeksleri yat\u0131r\u0131m tavsiyesi niteli\u011fi ta\u015f\u0131mamakta olup, P\u00dc\u0130S bayilerine stok kontrol\u00fc i\u00e7in verilmektedir.\u201d ifadeleri kullan\u0131ld\u0131.<\/p>\n<p>Bundan \u00f6nce 25 Ekim 2017&#8217;de benzin fiyatlar\u0131na bir zam daha yap\u0131lm\u0131\u015ft\u0131. 25 Ekim 2017 tarihinde benzine 9 kuru\u015f zam ger\u00e7ekle\u015ftirildi. Zam ile birlikte benzinin litresi Ankara\u2019da 5,32 TL\u2019den sat\u0131l\u0131yordu. Bu zamdan sonra Ankara\u2019da benzin fiyatlar\u0131 5,41 TL olurken benzinin litresi \u0130stanbul\u2019da 5,27 TL\u2019den 5,36 TL\u2019ye, \u0130zmir\u2019de ise 5,29 TL\u2019den 5,38 TL\u2019ye \u00e7\u0131kt\u0131.<\/p>","protected":false},"excerpt":{"rendered":"<p>Sorry, this entry is only available in Turkish. For the sake of viewer convenience, the content is shown below in the alternative language. You may click the link to switch the active language.Petrol \u00fcr\u00fcnleri \u0130\u015fverenler Sendikas\u0131&#8217;nca yap\u0131lan a\u00e7\u0131klamada \u201c31 Ekim 2017&#8217;den itibaren ge\u00e7erli olmak \u00fczere benzin grubunda 10 \u2013 12 kuru\u015f \u2013 motorin grubunda 17 [&hellip;]<\/p>\n","protected":false},"author":1,"featured_media":44534,"comment_status":"open","ping_status":"open","sticky":false,"template":"","format":"standard","meta":[],"categories":[53,44],"tags":[27682,2142,16937,35877,67,1009,2279,7909,59,34935,2388,34936,23819,19841],"views":718,"_links":{"self":[{"href":"https:\/\/www.enerjigazetesi.ist\/en\/wp-json\/wp\/v2\/posts\/68777"}],"collection":[{"href":"https:\/\/www.enerjigazetesi.ist\/en\/wp-json\/wp\/v2\/posts"}],"about":[{"href":"https:\/\/www.enerjigazetesi.ist\/en\/wp-json\/wp\/v2\/types\/post"}],"author":[{"embeddable":true,"href":"https:\/\/www.enerjigazetesi.ist\/en\/wp-json\/wp\/v2\/users\/1"}],"replies":[{"embeddable":true,"href":"https:\/\/www.enerjigazetesi.ist\/en\/wp-json\/wp\/v2\/comments?post=68777"}],"version-history":[{"count":1,"href":"https:\/\/www.enerjigazetesi.ist\/en\/wp-json\/wp\/v2\/posts\/68777\/revisions"}],"predecessor-version":[{"id":68778,"href":"https:\/\/www.enerjigazetesi.ist\/en\/wp-json\/wp\/v2\/posts\/68777\/revisions\/68778"}],"wp:featuredmedia":[{"embeddable":true,"href":"https:\/\/www.enerjigazetesi.ist\/en\/wp-json\/wp\/v2\/media\/44534"}],"wp:attachment":[{"href":"https:\/\/www.enerjigazetesi.ist\/en\/wp-json\/wp\/v2\/media?parent=68777"}],"wp:term":[{"taxonomy":"category","embeddable":true,"href":"https:\/\/www.enerjigazetesi.ist\/en\/wp-json\/wp\/v2\/categories?post=68777"},{"taxonomy":"post_tag","embeddable":true,"href":"https:\/\/www.enerjigazetesi.ist\/en\/wp-json\/wp\/v2\/tags?post=68777"}],"curies":[{"name":"wp","href":"https:\/\/api.w.org\/{rel}","templated":true}]}}