{"id":68770,"date":"2017-10-30T17:37:33","date_gmt":"2017-10-30T14:37:33","guid":{"rendered":"https:\/\/www.enerjigazetesi.ist\/?p=68770"},"modified":"2017-10-30T17:37:33","modified_gmt":"2017-10-30T14:37:33","slug":"dunya-tasarruf-gununde-ne-kadar-bilincliyiz","status":"publish","type":"post","link":"https:\/\/www.enerjigazetesi.ist\/en\/dunya-tasarruf-gununde-ne-kadar-bilincliyiz\/","title":{"rendered":"(Turkish) D\u00fcnya Tasarruf G\u00fcn\u00fc&#8217;nde Ne Kadar Bilin\u00e7liyiz?"},"content":{"rendered":"<p class=\"qtranxs-available-languages-message qtranxs-available-languages-message-en\">Sorry, this entry is only available in <a href=\"https:\/\/www.enerjigazetesi.ist\/tr\/wp-json\/wp\/v2\/posts\/68770\" class=\"qtranxs-available-language-link qtranxs-available-language-link-tr\" title=\"Turkish\">Turkish<\/a>. For the sake of viewer convenience, the content is shown below in the alternative language. You may click the link to switch the active language.<\/p><p><strong>T\u00fcm d\u00fcnyaya tasarrufun \u00f6nemini hat\u0131rlatmak amac\u0131yla her y\u0131l 31 Ekim&#8217;de kutlanan D\u00fcnya Tasarruf G\u00fcn\u00fc, enerji kaynaklar\u0131n\u0131n fazlaca sarf edildi\u011fi g\u00fcn\u00fcm\u00fczde her ge\u00e7en y\u0131l daha da \u00f6nem ta\u015f\u0131yor.<\/strong><\/p>\n<p>Tasarruf etmenin insanlar ve \u00fclke ekonomileri i\u00e7in ne kadar \u00f6nemli oldu\u011funu vurgulamak amac\u0131yla 1924 y\u0131l\u0131nda kutlanmaya ba\u015flanan D\u00fcnya Tasarruf G\u00fcn\u00fc, g\u00fcn\u00fcm\u00fcz t\u00fcketim d\u00fcnyas\u0131nda \u00e7ok daha de\u011ferli <img loading=\"lazy\" class=\"alignright size-medium wp-image-68771\" src=\"https:\/\/www.enerjigazetesi.ist\/wp-content\/uploads\/2017\/10\/dunya-tasarruf-gununde-ne-kadar-bilincliyiz-300x188.jpg\" alt=\"\" width=\"300\" height=\"188\" srcset=\"https:\/\/www.enerjigazetesi.ist\/wp-content\/uploads\/2017\/10\/dunya-tasarruf-gununde-ne-kadar-bilincliyiz-300x188.jpg 300w, https:\/\/www.enerjigazetesi.ist\/wp-content\/uploads\/2017\/10\/dunya-tasarruf-gununde-ne-kadar-bilincliyiz-768x480.jpg 768w, https:\/\/www.enerjigazetesi.ist\/wp-content\/uploads\/2017\/10\/dunya-tasarruf-gununde-ne-kadar-bilincliyiz-1024x640.jpg 1024w, https:\/\/www.enerjigazetesi.ist\/wp-content\/uploads\/2017\/10\/dunya-tasarruf-gununde-ne-kadar-bilincliyiz-500x313.jpg 500w, https:\/\/www.enerjigazetesi.ist\/wp-content\/uploads\/2017\/10\/dunya-tasarruf-gununde-ne-kadar-bilincliyiz-80x50.jpg 80w, https:\/\/www.enerjigazetesi.ist\/wp-content\/uploads\/2017\/10\/dunya-tasarruf-gununde-ne-kadar-bilincliyiz.jpg 1920w\" sizes=\"(max-width: 300px) 100vw, 300px\" \/>hale geldi ve geleneksel olarak her y\u0131l kutlan\u0131yor.<\/p>\n<p>Her bireyin kendi \u00fcst\u00fcne d\u00fc\u015fen g\u00f6revi lay\u0131k\u0131yla yerine getirmesi gerekti\u011fini hat\u0131rlatan T\u00fcrkiye\u2019nin ilk ak\u0131ll\u0131 oda termostat\u0131 Cosa\u2019n\u0131n Kurucu Orta\u011f\u0131 Dr. Emre Erkin s\u00f6zlerine \u015fu \u015fekilde devam etti: \u201c\u00d6rne\u011fin tasarrufu birikime d\u00f6n\u00fc\u015ft\u00fcrmek i\u00e7in, enerji kaynaklar\u0131n\u0131 k\u0131s\u0131tl\u0131 kullanmak en \u00e7ok ba\u015fvurdu\u011fumuz y\u00f6ntemlerinden biri. Ancak, bu y\u00f6ntemler konforsuz ve al\u0131\u015ft\u0131\u011f\u0131m\u0131z standartlar\u0131n alt\u0131nda bir ya\u015fam s\u00fcrmemize neden oldu\u011fundan, hayat\u0131m\u0131z\u0131 olumsuz etkileyebiliyor ve yapmaktan \u00e7ekiniyoruz. Biz geli\u015ftirdi\u011fimiz ve b\u00fcy\u00fck ilgi g\u00f6ren %100 yerli ak\u0131ll\u0131 oda termostat\u0131 ile haneleri, tasarruf etmeye ve enerjiyi gereksiz yere harcamamaya te\u015fvik ediyoruz. Kullan\u0131c\u0131lar ya\u015fam konforlar\u0131ndan hi\u00e7 \u00f6d\u00fcn vermeden %30\u2019lara varan tasarruf sa\u011flayabiliyorlar. Bu \u00e7ok \u00f6nemli bir rakam. Enerji tasarrufu en \u00f6nemli g\u00fcndem konular\u0131ndan biri. Bu alanda \u00e7ok ciddi ara\u015ft\u0131rmalar\u0131m\u0131z var. T\u00fcrkiye\u2019de 10 milyon hane var ve t\u00fcm bu hanelerde ak\u0131ll\u0131 oda termostat\u0131 kullan\u0131m\u0131 olsa, T\u00fcrkiye y\u0131lda 3 ila 5 Milyar TL aras\u0131nda tasarruf edebilir. Bu ayn\u0131 zamanda elimizde \u00e7ok k\u0131ymetli bir veri havuzu da olu\u015fturur, her hanede t\u00fcketilen enerjiyi bildi\u011fimizde, ne kadar enerjiye ihtiya\u00e7 duydu\u011fumuzu da daha net \u00f6ng\u00f6rebiliriz.<\/p>\n<p>\u00dcretti\u011fimiz yeni nesil teknolojiler, t\u00fcketicilere enerji kaynaklar\u0131m\u0131z\u0131 do\u011fru ve verimli kullanmay\u0131 basit y\u00f6ntemlerle \u00f6\u011fretiyor. Ak\u0131ll\u0131 algoritmalar\u0131 sayesinde enerji t\u00fcketiminin kontrol alt\u0131nda tutulmas\u0131n\u0131 sa\u011fl\u0131yor. Bu \u00f6nemli g\u00fcne \u00f6zel olarak enerji kaynaklar\u0131m\u0131z\u0131 israf etmeden, tasarruflu kullanman\u0131n \u00f6nemini bir kez daha vurgulamak istiyoruz.&#8221;<\/p>","protected":false},"excerpt":{"rendered":"<p>Sorry, this entry is only available in Turkish. For the sake of viewer convenience, the content is shown below in the alternative language. You may click the link to switch the active language.T\u00fcm d\u00fcnyaya tasarrufun \u00f6nemini hat\u0131rlatmak amac\u0131yla her y\u0131l 31 Ekim&#8217;de kutlanan D\u00fcnya Tasarruf G\u00fcn\u00fc, enerji kaynaklar\u0131n\u0131n fazlaca sarf edildi\u011fi g\u00fcn\u00fcm\u00fczde her ge\u00e7en y\u0131l [&hellip;]<\/p>\n","protected":false},"author":1,"featured_media":68771,"comment_status":"open","ping_status":"open","sticky":false,"template":"","format":"standard","meta":[],"categories":[53,52],"tags":[33767,35608,33768,35606,26761,104,35607,67,1009,796,1440],"views":840,"_links":{"self":[{"href":"https:\/\/www.enerjigazetesi.ist\/en\/wp-json\/wp\/v2\/posts\/68770"}],"collection":[{"href":"https:\/\/www.enerjigazetesi.ist\/en\/wp-json\/wp\/v2\/posts"}],"about":[{"href":"https:\/\/www.enerjigazetesi.ist\/en\/wp-json\/wp\/v2\/types\/post"}],"author":[{"embeddable":true,"href":"https:\/\/www.enerjigazetesi.ist\/en\/wp-json\/wp\/v2\/users\/1"}],"replies":[{"embeddable":true,"href":"https:\/\/www.enerjigazetesi.ist\/en\/wp-json\/wp\/v2\/comments?post=68770"}],"version-history":[{"count":1,"href":"https:\/\/www.enerjigazetesi.ist\/en\/wp-json\/wp\/v2\/posts\/68770\/revisions"}],"predecessor-version":[{"id":68772,"href":"https:\/\/www.enerjigazetesi.ist\/en\/wp-json\/wp\/v2\/posts\/68770\/revisions\/68772"}],"wp:featuredmedia":[{"embeddable":true,"href":"https:\/\/www.enerjigazetesi.ist\/en\/wp-json\/wp\/v2\/media\/68771"}],"wp:attachment":[{"href":"https:\/\/www.enerjigazetesi.ist\/en\/wp-json\/wp\/v2\/media?parent=68770"}],"wp:term":[{"taxonomy":"category","embeddable":true,"href":"https:\/\/www.enerjigazetesi.ist\/en\/wp-json\/wp\/v2\/categories?post=68770"},{"taxonomy":"post_tag","embeddable":true,"href":"https:\/\/www.enerjigazetesi.ist\/en\/wp-json\/wp\/v2\/tags?post=68770"}],"curies":[{"name":"wp","href":"https:\/\/api.w.org\/{rel}","templated":true}]}}