{"id":68766,"date":"2017-10-30T17:25:23","date_gmt":"2017-10-30T14:25:23","guid":{"rendered":"https:\/\/www.enerjigazetesi.ist\/?p=68766"},"modified":"2017-10-30T17:25:32","modified_gmt":"2017-10-30T14:25:32","slug":"enerjik-bir-gelecek-icin-enerji-tasarrufu","status":"publish","type":"post","link":"https:\/\/www.enerjigazetesi.ist\/en\/enerjik-bir-gelecek-icin-enerji-tasarrufu\/","title":{"rendered":"(Turkish) Enerjik Bir Gelecek \u0130\u00e7in Enerji Tasarrufu!"},"content":{"rendered":"<p class=\"qtranxs-available-languages-message qtranxs-available-languages-message-en\">Sorry, this entry is only available in <a href=\"https:\/\/www.enerjigazetesi.ist\/tr\/wp-json\/wp\/v2\/posts\/68766\" class=\"qtranxs-available-language-link qtranxs-available-language-link-tr\" title=\"Turkish\">Turkish<\/a>. For the sake of viewer convenience, the content is shown below in the alternative language. You may click the link to switch the active language.<\/p><p><strong>Enerji kaynaklar\u0131n\u0131n t\u00fckenmeye ba\u015flamas\u0131yla birlikte enerjinin verimli kullan\u0131lmas\u0131 t\u00fcm d\u00fcnyan\u0131n g\u00fcndeminde ilk s\u0131ralarda yer al\u0131yor. Bu tablo i\u00e7erisinde her y\u0131l kutlanan 31 Ekim D\u00fcnya Tasarruf G\u00fcn\u00fc\u2019nde enerji kaynaklar\u0131n\u0131n daha verimli kullan\u0131m\u0131n\u0131n \u00f6nemi de gittik\u00e7e art\u0131yor. T\u00fcrkiye en b\u00fcy\u00fck sivil toplum kurulu\u015flar\u0131 aras\u0131nda yer alan \u0130TO, \u0130SO, M\u00dcS\u0130AD ve ENVER ba\u015fkanlar\u0131 ile \u0130GDA\u015e ve \u0130ETT Genel M\u00fcd\u00fcrleri 31 Ekim D\u00fcnya Tasarruf G\u00fcn\u00fc dolay\u0131s\u0131yla bireysel ya\u015famda t\u00fcm vatanda\u015flar\u0131, kurumsal hayatta t\u00fcm sanayicileri ve i\u015f adamlar\u0131n\u0131 enerjiyi verimli kullanmaya \u00e7a\u011f\u0131rd\u0131.<\/strong><\/p>\n<p>31 Ekim, tasarruf etmenin insanlar ve \u00fclke ekonomileri i\u00e7in ne kadar \u00f6nemli oldu\u011funu vurgulamak <img loading=\"lazy\" class=\"alignleft size-medium wp-image-68767\" src=\"https:\/\/www.enerjigazetesi.ist\/wp-content\/uploads\/2017\/10\/enerjik-bir-gelecek-icin-enerji-tasarrufu-300x192.jpg\" alt=\"\" width=\"300\" height=\"192\" srcset=\"https:\/\/www.enerjigazetesi.ist\/wp-content\/uploads\/2017\/10\/enerjik-bir-gelecek-icin-enerji-tasarrufu-300x192.jpg 300w, https:\/\/www.enerjigazetesi.ist\/wp-content\/uploads\/2017\/10\/enerjik-bir-gelecek-icin-enerji-tasarrufu-768x492.jpg 768w, https:\/\/www.enerjigazetesi.ist\/wp-content\/uploads\/2017\/10\/enerjik-bir-gelecek-icin-enerji-tasarrufu-500x320.jpg 500w, https:\/\/www.enerjigazetesi.ist\/wp-content\/uploads\/2017\/10\/enerjik-bir-gelecek-icin-enerji-tasarrufu-78x50.jpg 78w, https:\/\/www.enerjigazetesi.ist\/wp-content\/uploads\/2017\/10\/enerjik-bir-gelecek-icin-enerji-tasarrufu.jpg 974w\" sizes=\"(max-width: 300px) 100vw, 300px\" \/>amac\u0131yla 1924 y\u0131l\u0131ndan beri D\u00fcnya Tasarruf G\u00fcn\u00fc olarak kutlan\u0131yor. G\u00fcn\u00fcm\u00fczde ise en tasarruflu kullan\u0131lmas\u0131 gereken \u015feylerin ba\u015f\u0131nda enerji geliyor. Enerjiye olan talep t\u00fcm d\u00fcnyada her ge\u00e7en y\u0131l artarken, enerji kaynaklar\u0131 da gittik\u00e7e t\u00fckeniyor. \u00c7\u00f6z\u00fcm ise ya\u015fam\u0131n her alan\u0131nda\u00a0 enerjinin verimli kullan\u0131lmas\u0131 ve yenilenebilir enerji kaynaklar\u0131n\u0131n \u00e7e\u015fitlendirilmesi&#8230;<\/p>\n<p>Evde, sanayide, ula\u015f\u0131mda k\u0131saca ya\u015fam\u0131n her alan\u0131nda enerji tasarrufu sa\u011flayan enerji verimli \u00fcr\u00fcnler ve \u00e7\u00f6z\u00fcmler 11-14 Ocak 2018 tarihleri aras\u0131nda <strong>ENIPE Enerji Verimli Sanayi ve \u00dcr\u00fcnler Fuar\u0131 ve Zirvesi\u2019<\/strong>nde t\u00fcketicilere ve yat\u0131r\u0131mc\u0131lara sunulacak. \u0130stanbul D\u00fcnya Ticaret Merkezi (\u0130DTM), \u0130stanbul Ticaret Odas\u0131 (\u0130TO), \u0130stanbul Sanayi Odas\u0131 (\u0130SO) i\u015fbirli\u011fi ve M\u00fcstakil Sanayici ve \u0130\u015f Adamlar\u0131 Derne\u011fi\u2019nin (M\u00dcS\u0130AD) deste\u011fiyle ger\u00e7ekle\u015ftirilecek fuar \u0130GDA\u015e, \u00a0\u0130ETT, Enerji A.\u015e. ve TURKCELL\u2019in sponsorlu\u011funda ger\u00e7ekle\u015ftirilecek.<\/p>\n<p><strong>\u00a0\u201cB\u00fct\u00e7enize enerji kat\u0131n\u201d<\/strong><\/p>\n<p>D\u00fcnya Tasarruf G\u00fcn\u00fc dolay\u0131s\u0131yla a\u00e7\u0131klama yapan <strong>\u0130TO ve Enerji Verimlili\u011fi Derne\u011fi Ba\u015fkan\u0131 \u0130brahim \u00c7a\u011flar,\u00a0 <\/strong>\u00fclke olarak daha \u00e7ok \u00fcretimi, daha az enerji t\u00fcketerek yapmak zorunda oldu\u011fumuzu s\u00f6yledi. \u00c7a\u011flar, \u201cVerimli enerjinin form\u00fcl\u00fcn\u00fc Ocak ay\u0131nda ENIPE Enerji Verimli Sanayi ve \u00dcr\u00fcnler Fuar\u0131\u2019nda a\u00e7\u0131kl\u0131yoruz. 11-14 Ocak 2018\u2019de Ye\u015filk\u00f6y \u0130FM\u2019de d\u00fczenleyece\u011fimiz fuar, enerji tasarrufu sa\u011flayan en yeni beyaz e\u015fyalar, k\u00fc\u00e7\u00fck ev aletleri \u00a0ve ayd\u0131nlatma sistemleri ile \u00f6nemli bir adres olacak. Enerji \u00fcretici ve t\u00fcketicileri fuarda ilk kez bu \u00f6l\u00e7ekte bir araya gelecek. Tasarrufun enerjisini hep birlikte ENIPE\u2019de ya\u015fayal\u0131m\u201d dedi. Yar\u0131n D\u00fcnya Tasarruf G\u00fcn\u00fc\u2019n\u00fcn kutlanaca\u011f\u0131n\u0131 hat\u0131rlatan Ba\u015fkan \u00c7a\u011flar, \u201cEnerji tasarrufuyla b\u00fct\u00e7enize enerji kat\u0131n. 31 Ekim D\u00fcnya Tasarruf G\u00fcn\u00fc\u2019n\u00fc destekliyoruz. \u00c7\u00fcnk\u00fc bir \u00fclkede tasarruf, enerjide verimlilikle ba\u015flar. \u0130stanbul Ticaret Odas\u0131 ve Enerji Verimlili\u011fi Derne\u011fi Ba\u015fkan\u0131 olarak herkesi evinde ve i\u015finde verimli enerji kullanmaya davet ediyorum\u201d diye konu\u015ftu.<\/p>\n<p><strong>\u201cEn \u00f6nemli enerji tasarrufu, enerjinin verimli kullan\u0131lmas\u0131\u201d<\/strong><\/p>\n<p>\u201cEnerji verimlili\u011fi g\u00fcn\u00fcm\u00fczde de\u011feri \u00e7ok daha fazla anla\u015f\u0131lan, stratejik noktada takip etti\u011fimizde \u00f6nemini farkl\u0131 alanlarda g\u00f6rd\u00fc\u011f\u00fcm\u00fcz \u00e7ok g\u00fc\u00e7l\u00fc bir ger\u00e7ek\u201d diyen \u0130SO Ba\u015fkan\u0131 Erdal Bah\u00e7\u0131van ise \u201cBug\u00fcn art\u0131k d\u00fcnyadaki stratejik \u00fclkeler, b\u00f6lgeler aras\u0131ndaki t\u00fcm uzun vadeli hesapla\u015fmalar\u0131n temelinde enerjinin yatt\u0131\u011f\u0131n\u0131 g\u00f6r\u00fcyoruz. T\u00fcrkiye gibi hedefleri \u00e7ok b\u00fcy\u00fck olan ve geli\u015fim hedeflerinde de b\u00fcy\u00fcmenin \u00f6nemli etkisi olan bir \u00fclkede enerji di\u011ferlerinden biraz daha fazla \u00f6nem ta\u015f\u0131yor. Bu nedenle elimizdeki enerji kaynaklar\u0131n\u0131n \u00e7ok do\u011fru ve dikkatli kullan\u0131lmas\u0131 konusunda hepimize \u00e7ok b\u00fcy\u00fck sorumluluk d\u00fc\u015f\u00fcyor\u201d diye konu\u015ftu. Bah\u00e7\u0131van, enerji kaynaklar\u0131n\u0131n e\u015fitlenmesi konusunda olumlu geli\u015fmeler olsa da enerjinin en \u00f6nemli tasarruf kayna\u011f\u0131n\u0131n enerjinin verimli kullan\u0131lmas\u0131 oldu\u011funa dikkat \u00e7ekti.<\/p>\n<p>\u0130stanbul Sanayi Odas\u0131 olarak enerji verimlili\u011fi k\u00fclt\u00fcr\u00fcn\u00fcn olu\u015fmas\u0131 konusunda son y\u0131llarda farkl\u0131 \u00e7al\u0131\u015fmalar yapt\u0131klar\u0131n\u0131 belirten Bah\u00e7\u0131van \u015f\u00f6yle devam etti:<br \/>\n\u201cBu k\u00fclt\u00fcr\u00fcn tabana yay\u0131lmas\u0131 konusunda adeta bir seferberlik ba\u015flatm\u0131\u015f durumday\u0131z. Bunlar\u0131n i\u00e7inde en anlaml\u0131 olan\u0131 da ge\u00e7ti\u011fimiz g\u00fcnlerde \u00f6d\u00fcl t\u00f6renini yapt\u0131\u011f\u0131m\u0131z \u2018Sanayide Enerji Verimlili\u011fi \u00d6d\u00fclleri\u2019ydi. Firmalar\u0131m\u0131z \u00f6d\u00fcllerini Enerji ve Tabii Kaynaklar Bakan\u0131m\u0131z Say\u0131n Berat Albayrak\u2019\u0131n elinden ald\u0131lar. Bu \u00f6d\u00fcl \u00e7al\u0131\u015fmam\u0131za, \u00f6n\u00fcm\u00fczdeki y\u0131llarda daha farkl\u0131 kategorilerde ve daha farkl\u0131 alanlarda zenginle\u015ftirerek devam edece\u011fiz. S\u00fcrd\u00fcr\u00fclebilir bir enerji k\u00fclt\u00fcr\u00fc ve bu konuda fark\u0131ndal\u0131\u011f\u0131n olu\u015fmas\u0131 konusunda sanayiciler olarak \u00fczerimize d\u00fc\u015feni yapaca\u011f\u0131z.\u201d<\/p>\n<p>ENIPE\u2019ye destek veren <strong>M\u00dcS\u0130AD Ba\u015fkan\u0131 Abdurrahman Kaan<\/strong> ise enerji verimlili\u011fi ve tasarrufu art\u0131\u015f\u0131n\u0131n sa\u011flanmas\u0131 ve bu konuda fark\u0131ndal\u0131\u011f\u0131n artmas\u0131n\u0131n ancak verimlilik bilinci y\u00fcksek bireylerin yeti\u015fmesi ile m\u00fcmk\u00fcn olaca\u011f\u0131na dikkat \u00e7ekti. Abdurrahman Kaan, bu \u00e7er\u00e7evede M\u00dcS\u0130AD olarak ENIPE Fuar\u0131 ve Zirvesi\u2019ni desteklediklerini s\u00f6yledi.<\/p>\n<p><strong>\u201cBeyaz e\u015fyalar\u0131n\u0131z\u0131 enerji verimli \u00fcr\u00fcnlerden se\u00e7in!&#8221;<\/strong><\/p>\n<p><strong>Enerji Verimlili\u011fi Derne\u011fi \u0130stanbul \u015eube Ba\u015fkan\u0131 ve \u0130TO Meclis \u00dcyesi Rasim Mazlum<\/strong> da D\u00fcnya Tasarrufu G\u00fcn\u00fc dolay\u0131s\u0131yla enerji tasarrufunun aile b\u00fct\u00e7esindeki \u00f6nemine dikkat \u00e7ekti. Rasim Mazlum,<strong>\u00a0 <\/strong>d\u00fcnyan\u0131n korunmas\u0131n\u0131n, sanayinin ve aile b\u00fct\u00e7esinin \u00fczerindeki a\u011f\u0131r enerji maliyeti y\u00fck\u00fcn\u00fcn hafifletilmesinin enerji tasarrufu sa\u011flayan \u00e7\u00f6z\u00fcmlerin yayg\u0131nla\u015ft\u0131r\u0131lmas\u0131yla m\u00fcmk\u00fcn oldu\u011funu s\u00f6yledi. \u00a0Enerji verimli \u00fcr\u00fcn olarak sat\u0131lan bula\u015f\u0131k makinelerinin y\u00fczde 67\u2019sinin, klimalar\u0131n y\u00fczde 64\u2019\u00fcn\u00fcn, buzdolaplar\u0131n\u0131n ise y\u00fczde 40\u2019\u0131n\u0131n kriterleri ta\u015f\u0131mad\u0131\u011f\u0131na dikkat \u00e7eken Mazlum, \u201cParam\u0131z\u0131n %29&#8217;u \u0131s\u0131nmaya, %17&#8217;si so\u011futmaya, %13&#8217;\u00fc beyaz e\u015fyalara ve %12&#8217;si ise ayd\u0131nlatmaya gidiyor. Enerji verimli \u00fcr\u00fcn kullan\u0131m\u0131na ve tasarruf y\u00f6ntemlerine dikkat ederek bu oranlar\u0131 olduk\u00e7a azaltmak m\u00fcmk\u00fcn.\u00a0Beyaz e\u015fyalarda enerji verimli \u00fcr\u00fcn kriterleri nelerdir? Enerji tasarrufu i\u00e7in hangi beyaz e\u015fyalar\u0131 tercih etmeliyiz? T\u00fcm bu sorular\u0131n cevab\u0131 ise enerji \u00fcretici ve da\u011f\u0131t\u0131mc\u0131lar\u0131n\u0131n bulu\u015fma noktas\u0131 olan 11-14 Ocak 2018 tarihinde \u0130stanbul Fuar Merkezi&#8217;nde yap\u0131lacak olan ENIPE Enerji Verimli Sanayi ve \u00dcr\u00fcnler Fuar\u0131 ve Zirvesi\u2019nde bulmak m\u00fcmk\u00fcn\u201d dedi.<\/p>\n<p><strong>\u201cEn b\u00fcy\u00fck tasarruf toplu ta\u015f\u0131mad\u0131r!\u201d<\/strong><\/p>\n<p>ENIPE Fuar\u0131 ve Zirvesi\u2019nin sponsorlar\u0131ndan<strong> \u0130ETT Genel M\u00fcd\u00fcr\u00fc Arif Emecen <\/strong>de D\u00fcnya Tasarruf G\u00fcn\u00fc dolay\u0131s\u0131yla t\u00fcm \u0130stanbullular\u0131 toplu ta\u015f\u0131ma kullanmaya davet etti<strong>. \u00a0<\/strong>Toplu ta\u015f\u0131man\u0131n ba\u015fl\u0131 ba\u015f\u0131na bir tasarruf oldu\u011funu ifade eden Emecen 12 metre uzunlu\u011fundaki ara\u00e7 ortalama 80-100 ki\u015fi, \u00f6zel ara\u00e7lar ise ortalama 1,5 ki\u015fi ta\u015f\u0131maktad\u0131r. Fiziksel metrekare a\u00e7\u0131s\u0131nda\u00a0 bakt\u0131\u011f\u0131m\u0131zda olduk\u00e7a b\u00fcy\u00fck bir tasarruf s\u00f6z konusudur\u201d dedi.<\/p>\n<p><strong>\u00a0\u201cTasarruf, refah demek, tasarruf i\u00e7in de verimlilik gerek\u201d<\/strong><\/p>\n<p>T\u00fcrkiye\u2019nin en \u00f6nemli enerji kaynaklar\u0131ndan do\u011fal gaz\u0131n \u0130stanbul\u2019daki da\u011f\u0131t\u0131m\u0131 ger\u00e7ekle\u015ftiren <strong>\u0130GDA\u015e Genel M\u00fcd\u00fcr\u00fc Mehmet \u00c7evik<\/strong> ise \u201cRefah\u0131m\u0131z\u0131 art\u0131rman\u0131n yolu tasarruftan ge\u00e7iyor. Hayat\u0131m\u0131z\u0131n her alan\u0131nda, her t\u00fcrl\u00fc kayna\u011f\u0131n kullan\u0131m\u0131nda tasarruf b\u00fcy\u00fck \u00f6nem ta\u015f\u0131yor\u201d dedi.\u00a0 \u201cTasarrufu da sadece t\u00fcketimi azaltarak de\u011fil, verimlili\u011fi art\u0131rarak yapmak gerekiyor\u201d diyen \u00c7evik \u015f\u00f6yle konu\u015ftu: \u201cVerimlilik ve tasarruf s\u00fcrd\u00fcr\u00fclebilir geli\u015fme ve kalk\u0131nman\u0131n merkezinde yer al\u0131yor. Bu nedenle de, T\u00fcrkiye\u2019nin ilk ve tek enerji verimlili\u011fi fuar organizasyonu olan ENIPE, Enerji Verimli \u00dcr\u00fcnler Sanayi ve \u00dcr\u00fcnler Fuar\u0131 ve Zirvesi \u00fclkemiz i\u00e7in b\u00fcy\u00fck \u00f6nem ta\u015f\u0131yor. \u0130GDA\u015e olarak bizde bu fuar\u0131 destekliyor herkesi enerjide verimlili\u011fi art\u0131rmaya ve tasarrufa davet ediyoruz.\u201d<\/p>","protected":false},"excerpt":{"rendered":"<p>Sorry, this entry is only available in Turkish. For the sake of viewer convenience, the content is shown below in the alternative language. You may click the link to switch the active language.Enerji kaynaklar\u0131n\u0131n t\u00fckenmeye ba\u015flamas\u0131yla birlikte enerjinin verimli kullan\u0131lmas\u0131 t\u00fcm d\u00fcnyan\u0131n g\u00fcndeminde ilk s\u0131ralarda yer al\u0131yor. Bu tablo i\u00e7erisinde her y\u0131l kutlanan 31 Ekim [&hellip;]<\/p>\n","protected":false},"author":1,"featured_media":68768,"comment_status":"open","ping_status":"open","sticky":false,"template":"","format":"standard","meta":[],"categories":[53,52],"tags":[26761,67,1009,103,35874,12,33740,793],"views":1133,"_links":{"self":[{"href":"https:\/\/www.enerjigazetesi.ist\/en\/wp-json\/wp\/v2\/posts\/68766"}],"collection":[{"href":"https:\/\/www.enerjigazetesi.ist\/en\/wp-json\/wp\/v2\/posts"}],"about":[{"href":"https:\/\/www.enerjigazetesi.ist\/en\/wp-json\/wp\/v2\/types\/post"}],"author":[{"embeddable":true,"href":"https:\/\/www.enerjigazetesi.ist\/en\/wp-json\/wp\/v2\/users\/1"}],"replies":[{"embeddable":true,"href":"https:\/\/www.enerjigazetesi.ist\/en\/wp-json\/wp\/v2\/comments?post=68766"}],"version-history":[{"count":1,"href":"https:\/\/www.enerjigazetesi.ist\/en\/wp-json\/wp\/v2\/posts\/68766\/revisions"}],"predecessor-version":[{"id":68769,"href":"https:\/\/www.enerjigazetesi.ist\/en\/wp-json\/wp\/v2\/posts\/68766\/revisions\/68769"}],"wp:featuredmedia":[{"embeddable":true,"href":"https:\/\/www.enerjigazetesi.ist\/en\/wp-json\/wp\/v2\/media\/68768"}],"wp:attachment":[{"href":"https:\/\/www.enerjigazetesi.ist\/en\/wp-json\/wp\/v2\/media?parent=68766"}],"wp:term":[{"taxonomy":"category","embeddable":true,"href":"https:\/\/www.enerjigazetesi.ist\/en\/wp-json\/wp\/v2\/categories?post=68766"},{"taxonomy":"post_tag","embeddable":true,"href":"https:\/\/www.enerjigazetesi.ist\/en\/wp-json\/wp\/v2\/tags?post=68766"}],"curies":[{"name":"wp","href":"https:\/\/api.w.org\/{rel}","templated":true}]}}