{"id":68741,"date":"2017-10-29T18:54:01","date_gmt":"2017-10-29T15:54:01","guid":{"rendered":"https:\/\/www.enerjigazetesi.ist\/?p=68741"},"modified":"2017-10-29T18:55:06","modified_gmt":"2017-10-29T15:55:06","slug":"gunder-tayvanda-turkiyedeki-gunes-enerjisini-tanitti","status":"publish","type":"post","link":"https:\/\/www.enerjigazetesi.ist\/en\/gunder-tayvanda-turkiyedeki-gunes-enerjisini-tanitti\/","title":{"rendered":"(Turkish) G\u00dcNDER Tayvan\u2019da T\u00fcrkiye\u2019yi G\u00fcne\u015f Enerjisinde Temsil Etti"},"content":{"rendered":"<p class=\"qtranxs-available-languages-message qtranxs-available-languages-message-en\">Sorry, this entry is only available in <a href=\"https:\/\/www.enerjigazetesi.ist\/tr\/wp-json\/wp\/v2\/posts\/68741\" class=\"qtranxs-available-language-link qtranxs-available-language-link-tr\" title=\"Turkish\">Turkish<\/a>. For the sake of viewer convenience, the content is shown below in the alternative language. You may click the link to switch the active language.<\/p><p><strong>Uluslararas\u0131 G\u00fcne\u015f Enerjisi Toplulu\u011fu T\u00fcrkiye B\u00f6l\u00fcm\u00fc (G\u00dcNDER) taraf\u0131ndan sekt\u00f6r\u00fcn<img loading=\"lazy\" class=\"alignright size-medium wp-image-68742\" src=\"https:\/\/www.enerjigazetesi.ist\/wp-content\/uploads\/2017\/10\/gunder-tayvanda-turkiyedeki-gunes-enerjisini-tanitti-300x150.jpg\" alt=\"\" width=\"300\" height=\"150\" srcset=\"https:\/\/www.enerjigazetesi.ist\/wp-content\/uploads\/2017\/10\/gunder-tayvanda-turkiyedeki-gunes-enerjisini-tanitti-300x150.jpg 300w, https:\/\/www.enerjigazetesi.ist\/wp-content\/uploads\/2017\/10\/gunder-tayvanda-turkiyedeki-gunes-enerjisini-tanitti-500x250.jpg 500w, https:\/\/www.enerjigazetesi.ist\/wp-content\/uploads\/2017\/10\/gunder-tayvanda-turkiyedeki-gunes-enerjisini-tanitti-80x40.jpg 80w, https:\/\/www.enerjigazetesi.ist\/wp-content\/uploads\/2017\/10\/gunder-tayvanda-turkiyedeki-gunes-enerjisini-tanitti.jpg 640w\" sizes=\"(max-width: 300px) 100vw, 300px\" \/> \u00f6nc\u00fc fuarlar\u0131ndan olan PV Taiwan\u2019da, Anadolu\u2019nun g\u00fcne\u015f enerjisinde yer alan potansiyeli ve i\u015fbirli\u011fine y\u00f6nelik imkanlar \u00f6nde gelen Asyal\u0131 yat\u0131r\u0131mc\u0131lara tan\u0131t\u0131ld\u0131.<\/strong><\/p>\n<p>G\u00dcNDER heyeti, T\u00fcrkiye\u2019nin g\u00fcne\u015f enerjisindeki mevcut durumuna y\u00f6nelik d\u00fcnyan\u0131n sekt\u00f6rde \u00f6nde gelen \u00fclkelerindeki uygulamalar\u0131 ve teknolojik geli\u015fmelerin de k\u0131yaslamas\u0131n\u0131 yapt\u0131.<\/p>\n<p>G\u00fcne\u015f enerjisi sekt\u00f6r\u00fcnde yakla\u015f\u0131k 1.600 mw kurulu g\u00fcc\u00fc olan T\u00fcrkiye, 2023 itibari ile sekt\u00f6rde 5.000 mw kapasiteye ula\u015fmay\u0131 hedeflemektedir.<\/p>\n<p>Kaynak: <a href=\"http:\/\/solar.ist\/gunder-tayvanda-turkiyenin-gunesini-tanitti\/\" target=\"_blank\" rel=\"noopener\">Solar.Ist<\/a><\/p>","protected":false},"excerpt":{"rendered":"<p>Sorry, this entry is only available in Turkish. For the sake of viewer convenience, the content is shown below in the alternative language. You may click the link to switch the active language.Uluslararas\u0131 G\u00fcne\u015f Enerjisi Toplulu\u011fu T\u00fcrkiye B\u00f6l\u00fcm\u00fc (G\u00dcNDER) taraf\u0131ndan sekt\u00f6r\u00fcn \u00f6nc\u00fc fuarlar\u0131ndan olan PV Taiwan\u2019da, Anadolu\u2019nun g\u00fcne\u015f enerjisinde yer alan potansiyeli ve i\u015fbirli\u011fine y\u00f6nelik [&hellip;]<\/p>\n","protected":false},"author":1,"featured_media":68742,"comment_status":"open","ping_status":"open","sticky":false,"template":"","format":"standard","meta":[],"categories":[53,49,18007],"tags":[67,1009,34923,23311,1382,23416,23133,34925,23131],"views":733,"_links":{"self":[{"href":"https:\/\/www.enerjigazetesi.ist\/en\/wp-json\/wp\/v2\/posts\/68741"}],"collection":[{"href":"https:\/\/www.enerjigazetesi.ist\/en\/wp-json\/wp\/v2\/posts"}],"about":[{"href":"https:\/\/www.enerjigazetesi.ist\/en\/wp-json\/wp\/v2\/types\/post"}],"author":[{"embeddable":true,"href":"https:\/\/www.enerjigazetesi.ist\/en\/wp-json\/wp\/v2\/users\/1"}],"replies":[{"embeddable":true,"href":"https:\/\/www.enerjigazetesi.ist\/en\/wp-json\/wp\/v2\/comments?post=68741"}],"version-history":[{"count":3,"href":"https:\/\/www.enerjigazetesi.ist\/en\/wp-json\/wp\/v2\/posts\/68741\/revisions"}],"predecessor-version":[{"id":68745,"href":"https:\/\/www.enerjigazetesi.ist\/en\/wp-json\/wp\/v2\/posts\/68741\/revisions\/68745"}],"wp:featuredmedia":[{"embeddable":true,"href":"https:\/\/www.enerjigazetesi.ist\/en\/wp-json\/wp\/v2\/media\/68742"}],"wp:attachment":[{"href":"https:\/\/www.enerjigazetesi.ist\/en\/wp-json\/wp\/v2\/media?parent=68741"}],"wp:term":[{"taxonomy":"category","embeddable":true,"href":"https:\/\/www.enerjigazetesi.ist\/en\/wp-json\/wp\/v2\/categories?post=68741"},{"taxonomy":"post_tag","embeddable":true,"href":"https:\/\/www.enerjigazetesi.ist\/en\/wp-json\/wp\/v2\/tags?post=68741"}],"curies":[{"name":"wp","href":"https:\/\/api.w.org\/{rel}","templated":true}]}}