{"id":68698,"date":"2017-10-27T12:14:46","date_gmt":"2017-10-27T09:14:46","guid":{"rendered":"https:\/\/www.enerjigazetesi.ist\/?p=68698"},"modified":"2017-10-27T12:14:57","modified_gmt":"2017-10-27T09:14:57","slug":"ab-ile-enerjiye-yonelik-yapilacak-isbirlikleriyle-olumlu-katki-saglanacak","status":"publish","type":"post","link":"https:\/\/www.enerjigazetesi.ist\/en\/ab-ile-enerjiye-yonelik-yapilacak-isbirlikleriyle-olumlu-katki-saglanacak\/","title":{"rendered":"(Turkish) \u201cAB \u0130le Enerjiye Y\u00f6nelik Yap\u0131lacak \u0130\u015fbirlikleriyle Olumlu Katk\u0131 Sa\u011flanacak\u201d"},"content":{"rendered":"<p class=\"qtranxs-available-languages-message qtranxs-available-languages-message-en\">Sorry, this entry is only available in <a href=\"https:\/\/www.enerjigazetesi.ist\/tr\/wp-json\/wp\/v2\/posts\/68698\" class=\"qtranxs-available-language-link qtranxs-available-language-link-tr\" title=\"Turkish\">Turkish<\/a>. For the sake of viewer convenience, the content is shown below in the alternative language. You may click the link to switch the active language.<\/p><p><strong>Bruegel taraf\u0131ndan \u201cAB-T\u00fcrkiye enerji i\u015f birli\u011fi i\u00e7in yeni bir strateji\u201d isimli rapor yay\u0131mland\u0131. Br\u00fcksel\u2019deki d\u00fc\u015f\u00fcnce kurulu\u015fu Bruegel&#8217;in Avrupa Birli\u011fi (AB) ve T\u00fcrkiye aras\u0131nda ili\u015fkilere y\u00f6nelik enerjide yap\u0131lacak i\u015f birliklerinin olumlu katk\u0131 sa\u011flayaca\u011f\u0131, \u00f6zellikle yenilenebilir enerjinin bu konuda anahtar role sahip oldu\u011fu a\u00e7\u0131kland\u0131.<\/strong><\/p>\n<p><img loading=\"lazy\" class=\"alignright size-medium wp-image-40193\" src=\"https:\/\/www.enerjigazetesi.ist\/wp-content\/uploads\/2015\/06\/enerji-sektoru-istikrarin-devam-etmesini-istiyor-300x200.jpg\" alt=\"\" width=\"300\" height=\"200\" srcset=\"https:\/\/www.enerjigazetesi.ist\/wp-content\/uploads\/2015\/06\/enerji-sektoru-istikrarin-devam-etmesini-istiyor-300x200.jpg 300w, https:\/\/www.enerjigazetesi.ist\/wp-content\/uploads\/2015\/06\/enerji-sektoru-istikrarin-devam-etmesini-istiyor-500x333.jpg 500w, https:\/\/www.enerjigazetesi.ist\/wp-content\/uploads\/2015\/06\/enerji-sektoru-istikrarin-devam-etmesini-istiyor-75x50.jpg 75w, https:\/\/www.enerjigazetesi.ist\/wp-content\/uploads\/2015\/06\/enerji-sektoru-istikrarin-devam-etmesini-istiyor.jpg 870w\" sizes=\"(max-width: 300px) 100vw, 300px\" \/><\/p>\n<p>Yay\u0131mlanan raporda, enerji ve iklimde i\u015f birli\u011finin T\u00fcrkiye ve AB ili\u015fkilerinde pozitif g\u00fcndeme katk\u0131 sa\u011flayabilece\u011finin vurgusu yap\u0131larak, do\u011falgaz ve elektri\u011fe verilen \u00f6nceli\u011fin yenilenebilir enerji, enerji verimlili\u011fi ve n\u00fckleer enerji gibi konulara kayd\u0131r\u0131lmas\u0131 gerekti\u011fi belirtildi.<\/p>\n<p>Yenilenebilir enerji kaynaklar\u0131 ve enerji verimlili\u011fi konusunda AB\u2019nin T\u00fcrkiye\u2019ye mali destek sa\u011flad\u0131\u011f\u0131n\u0131n hat\u0131rlat\u0131ld\u0131\u011f\u0131 raporda, bu deste\u011fin art\u0131r\u0131lmas\u0131n\u0131n \u00fclkedeki projeleri g\u00fc\u00e7lendirece\u011fi ifadesi de yer ald\u0131. AB\u2019nin T\u00fcrkiye\u2019ye n\u00fckleer enerjide makul bir katk\u0131 sa\u011flayabilece\u011fi de belirtilen raporda, \u00c7in gibi \u00fclkelere karbon piyasalar\u0131nda verilen deste\u011fin T\u00fcrkiye i\u00e7in de devreye al\u0131nabilece\u011fi a\u00e7\u0131kland\u0131.<\/p>","protected":false},"excerpt":{"rendered":"<p>Sorry, this entry is only available in Turkish. For the sake of viewer convenience, the content is shown below in the alternative language. You may click the link to switch the active language.Bruegel taraf\u0131ndan \u201cAB-T\u00fcrkiye enerji i\u015f birli\u011fi i\u00e7in yeni bir strateji\u201d isimli rapor yay\u0131mland\u0131. Br\u00fcksel\u2019deki d\u00fc\u015f\u00fcnce kurulu\u015fu Bruegel&#8217;in Avrupa Birli\u011fi (AB) ve T\u00fcrkiye aras\u0131nda [&hellip;]<\/p>\n","protected":false},"author":1,"featured_media":40193,"comment_status":"open","ping_status":"open","sticky":false,"template":"","format":"standard","meta":[],"categories":[53],"tags":[1192,92,68,67,1009,22113,12,21,105],"views":722,"_links":{"self":[{"href":"https:\/\/www.enerjigazetesi.ist\/en\/wp-json\/wp\/v2\/posts\/68698"}],"collection":[{"href":"https:\/\/www.enerjigazetesi.ist\/en\/wp-json\/wp\/v2\/posts"}],"about":[{"href":"https:\/\/www.enerjigazetesi.ist\/en\/wp-json\/wp\/v2\/types\/post"}],"author":[{"embeddable":true,"href":"https:\/\/www.enerjigazetesi.ist\/en\/wp-json\/wp\/v2\/users\/1"}],"replies":[{"embeddable":true,"href":"https:\/\/www.enerjigazetesi.ist\/en\/wp-json\/wp\/v2\/comments?post=68698"}],"version-history":[{"count":1,"href":"https:\/\/www.enerjigazetesi.ist\/en\/wp-json\/wp\/v2\/posts\/68698\/revisions"}],"predecessor-version":[{"id":68699,"href":"https:\/\/www.enerjigazetesi.ist\/en\/wp-json\/wp\/v2\/posts\/68698\/revisions\/68699"}],"wp:featuredmedia":[{"embeddable":true,"href":"https:\/\/www.enerjigazetesi.ist\/en\/wp-json\/wp\/v2\/media\/40193"}],"wp:attachment":[{"href":"https:\/\/www.enerjigazetesi.ist\/en\/wp-json\/wp\/v2\/media?parent=68698"}],"wp:term":[{"taxonomy":"category","embeddable":true,"href":"https:\/\/www.enerjigazetesi.ist\/en\/wp-json\/wp\/v2\/categories?post=68698"},{"taxonomy":"post_tag","embeddable":true,"href":"https:\/\/www.enerjigazetesi.ist\/en\/wp-json\/wp\/v2\/tags?post=68698"}],"curies":[{"name":"wp","href":"https:\/\/api.w.org\/{rel}","templated":true}]}}