{"id":68674,"date":"2017-10-25T10:23:16","date_gmt":"2017-10-25T07:23:16","guid":{"rendered":"https:\/\/www.enerjigazetesi.ist\/?p=68674"},"modified":"2017-10-25T10:23:16","modified_gmt":"2017-10-25T07:23:16","slug":"puis-26-ekimde-benzine-zam-geliyor","status":"publish","type":"post","link":"https:\/\/www.enerjigazetesi.ist\/en\/puis-26-ekimde-benzine-zam-geliyor\/","title":{"rendered":"(Turkish) P\u00dc\u0130S: \u201c26 Ekim\u2019de Benzine Zam Geliyor&#8221;"},"content":{"rendered":"<p class=\"qtranxs-available-languages-message qtranxs-available-languages-message-en\">Sorry, this entry is only available in <a href=\"https:\/\/www.enerjigazetesi.ist\/tr\/wp-json\/wp\/v2\/posts\/68674\" class=\"qtranxs-available-language-link qtranxs-available-language-link-tr\" title=\"Turkish\">Turkish<\/a>. For the sake of viewer convenience, the content is shown below in the alternative language. You may click the link to switch the active language.<\/p><p><strong>Petrol \u00dcr\u00fcnleri \u0130\u015fverenler Sendikas\u0131 (P\u00dc\u0130S) taraf\u0131ndan benzin fiyatlar\u0131nda ara\u00e7 <img loading=\"lazy\" class=\"size-medium wp-image-29449 alignleft\" src=\"https:\/\/www.enerjigazetesi.ist\/wp-content\/uploads\/2014\/07\/akaryak\u0131t-benzin-pompa-300x200.jpg\" alt=\"\" width=\"300\" height=\"200\" srcset=\"https:\/\/www.enerjigazetesi.ist\/wp-content\/uploads\/2014\/07\/akaryak\u0131t-benzin-pompa-300x200.jpg 300w, https:\/\/www.enerjigazetesi.ist\/wp-content\/uploads\/2014\/07\/akaryak\u0131t-benzin-pompa-500x333.jpg 500w, https:\/\/www.enerjigazetesi.ist\/wp-content\/uploads\/2014\/07\/akaryak\u0131t-benzin-pompa-75x50.jpg 75w, https:\/\/www.enerjigazetesi.ist\/wp-content\/uploads\/2014\/07\/akaryak\u0131t-benzin-pompa.jpg 870w\" sizes=\"(max-width: 300px) 100vw, 300px\" \/>sahiplerini yak\u0131ndan ilgilendirecek \u00f6nemli a\u00e7\u0131klamalar yap\u0131ld\u0131.<\/strong><\/p>\n<p>Petrol \u00dcr\u00fcnleri \u0130\u015fverenler Sendikas\u0131 (P\u00dc\u0130S)\u2019nce ger\u00e7ekle\u015ftirilen a\u00e7\u0131klamalar do\u011frultusunda benzin fiyatlar\u0131na 50 g\u00fcn sonra ilk zam yap\u0131lacak. Petrol \u00dcr\u00fcnleri \u0130\u015fverenler Sendikas\u0131 (P\u00dc\u0130S), benzin fiyatlar\u0131nda 26 Ekim Per\u015fembe itibariyle zam yap\u0131lmas\u0131n\u0131n beklendi\u011fini duyurdu.<\/p>\n<p>Benzin fiyatlar\u0131na son art\u0131\u015f 6 Eyl\u00fcl&#8217;de yap\u0131lm\u0131\u015f ve kur\u015funsuz benzinin litresi \u0130stanbul\u2019da 5.18 liradan 5.27 liraya \u00e7\u0131kar\u0131lm\u0131\u015ft\u0131. Motorine ise ayn\u0131 d\u00f6nemde \u00fc\u00e7 kere zam yap\u0131lm\u0131\u015f ve motorinin litre fiyat\u0131 4.50 TL\u2019den 4.76 TL\u2019ye y\u00fckselmi\u015fti.<\/p>","protected":false},"excerpt":{"rendered":"<p>Sorry, this entry is only available in Turkish. For the sake of viewer convenience, the content is shown below in the alternative language. You may click the link to switch the active language.Petrol \u00dcr\u00fcnleri \u0130\u015fverenler Sendikas\u0131 (P\u00dc\u0130S) taraf\u0131ndan benzin fiyatlar\u0131nda ara\u00e7 sahiplerini yak\u0131ndan ilgilendirecek \u00f6nemli a\u00e7\u0131klamalar yap\u0131ld\u0131. Petrol \u00dcr\u00fcnleri \u0130\u015fverenler Sendikas\u0131 (P\u00dc\u0130S)\u2019nce ger\u00e7ekle\u015ftirilen a\u00e7\u0131klamalar do\u011frultusunda [&hellip;]<\/p>\n","protected":false},"author":1,"featured_media":29449,"comment_status":"open","ping_status":"open","sticky":false,"template":"","format":"standard","meta":[],"categories":[53,44],"tags":[2289,2725,19855,2142,2919,67,1009,35862,2279,59,34935,2388,34936,19841],"views":646,"_links":{"self":[{"href":"https:\/\/www.enerjigazetesi.ist\/en\/wp-json\/wp\/v2\/posts\/68674"}],"collection":[{"href":"https:\/\/www.enerjigazetesi.ist\/en\/wp-json\/wp\/v2\/posts"}],"about":[{"href":"https:\/\/www.enerjigazetesi.ist\/en\/wp-json\/wp\/v2\/types\/post"}],"author":[{"embeddable":true,"href":"https:\/\/www.enerjigazetesi.ist\/en\/wp-json\/wp\/v2\/users\/1"}],"replies":[{"embeddable":true,"href":"https:\/\/www.enerjigazetesi.ist\/en\/wp-json\/wp\/v2\/comments?post=68674"}],"version-history":[{"count":1,"href":"https:\/\/www.enerjigazetesi.ist\/en\/wp-json\/wp\/v2\/posts\/68674\/revisions"}],"predecessor-version":[{"id":68675,"href":"https:\/\/www.enerjigazetesi.ist\/en\/wp-json\/wp\/v2\/posts\/68674\/revisions\/68675"}],"wp:featuredmedia":[{"embeddable":true,"href":"https:\/\/www.enerjigazetesi.ist\/en\/wp-json\/wp\/v2\/media\/29449"}],"wp:attachment":[{"href":"https:\/\/www.enerjigazetesi.ist\/en\/wp-json\/wp\/v2\/media?parent=68674"}],"wp:term":[{"taxonomy":"category","embeddable":true,"href":"https:\/\/www.enerjigazetesi.ist\/en\/wp-json\/wp\/v2\/categories?post=68674"},{"taxonomy":"post_tag","embeddable":true,"href":"https:\/\/www.enerjigazetesi.ist\/en\/wp-json\/wp\/v2\/tags?post=68674"}],"curies":[{"name":"wp","href":"https:\/\/api.w.org\/{rel}","templated":true}]}}