{"id":68613,"date":"2017-10-23T11:50:17","date_gmt":"2017-10-23T08:50:17","guid":{"rendered":"https:\/\/www.enerjigazetesi.ist\/?p=68613"},"modified":"2017-10-23T11:50:17","modified_gmt":"2017-10-23T08:50:17","slug":"tumkafin-yildizi-bereket-enerji-oldu","status":"publish","type":"post","link":"https:\/\/www.enerjigazetesi.ist\/en\/tumkafin-yildizi-bereket-enerji-oldu\/","title":{"rendered":"(Turkish) T\u00dcMKAF\u2019\u0131n Y\u0131ld\u0131z\u0131 Bereket Enerji Oldu"},"content":{"rendered":"<p class=\"qtranxs-available-languages-message qtranxs-available-languages-message-en\">Sorry, this entry is only available in <a href=\"https:\/\/www.enerjigazetesi.ist\/tr\/wp-json\/wp\/v2\/posts\/68613\" class=\"qtranxs-available-language-link qtranxs-available-language-link-tr\" title=\"Turkish\">Turkish<\/a>. For the sake of viewer convenience, the content is shown below in the alternative language. You may click the link to switch the active language.<\/p><p><strong>Enerji sekt\u00f6r\u00fcn\u00fcn T\u00fcrkiye\u2019deki \u00f6nemli oyuncular\u0131ndan biri olan Bereket Enerji Grubu, \u0130stanbul Teknik \u00dcniversitesi\u2019nce organize edilen T\u00fcrkiye M\u00fchendislik ve Kariyer Fuar\u0131nda, i\u015f arayan ve umudunu bu sekt\u00f6re ba\u011flayan gen\u00e7 m\u00fchendislerin ilgi oda\u011f\u0131 oldu.<\/strong><\/p>\n<p>\u0130stanbul\u2019daki \u00fcniversitelerin m\u00fchendislik b\u00f6l\u00fcmlerinde \u00f6\u011frenim g\u00f6ren ve mezun olan T\u00fcrkiye\u2019nin gen\u00e7 yeteneklerinin i\u015f ve staj platformu olan Be\u015fikta\u015f Vodafone Park\u2019taki fuara bu y\u0131l enerji sekt\u00f6r\u00fc <img loading=\"lazy\" class=\"alignleft size-medium wp-image-68614\" src=\"https:\/\/www.enerjigazetesi.ist\/wp-content\/uploads\/2017\/10\/tumkafin-yildizi-bereket-enerji-oldu-300x169.jpg\" alt=\"\" width=\"300\" height=\"169\" srcset=\"https:\/\/www.enerjigazetesi.ist\/wp-content\/uploads\/2017\/10\/tumkafin-yildizi-bereket-enerji-oldu-300x169.jpg 300w, https:\/\/www.enerjigazetesi.ist\/wp-content\/uploads\/2017\/10\/tumkafin-yildizi-bereket-enerji-oldu-500x281.jpg 500w, https:\/\/www.enerjigazetesi.ist\/wp-content\/uploads\/2017\/10\/tumkafin-yildizi-bereket-enerji-oldu-80x45.jpg 80w, https:\/\/www.enerjigazetesi.ist\/wp-content\/uploads\/2017\/10\/tumkafin-yildizi-bereket-enerji-oldu.jpg 576w\" sizes=\"(max-width: 300px) 100vw, 300px\" \/>damgas\u0131n\u0131 vurdu.<\/p>\n<p>Fuara &#8220;Enerjinizi bizimle ke\u015ffedin&#8221; slogan\u0131yla kat\u0131lan Bereket Enerji\u2019nin stand\u0131, m\u00fchendis ve m\u00fchendis adaylar\u0131n\u0131n adeta ak\u0131n\u0131na u\u011frad\u0131. \u0130nsan Kaynaklar\u0131 y\u00f6netmeni Sultan Piltan, \u00d6zge Din\u00e7er, Merve Yurtseven ve Nazan Nur T\u00fcmay, staj ve i\u015f ba\u015fvurusu yapan m\u00fchendisler ile m\u00fchendis adaylarla tek tek ilgilendi. Gen\u00e7 yeteneklerin grubu daha iyi tan\u0131yabilmesi i\u00e7in grubun t\u00fcm faaliyetlerinin anlat\u0131ld\u0131\u011f\u0131 bro\u015f\u00fcr ile baz\u0131 promosyon \u00fcr\u00fcnlerinin da\u011f\u0131t\u0131ld\u0131\u011f\u0131 standa 2 binin \u00fczerinde \u00f6\u011frencinin ziyaret etti\u011fi belirlendi.<\/p>\n<p>Bereket Enerji\u2019nin R\u00fczgar biriminden Volkan Sert, \u00c7evre biriminden \u00d6zg\u00fcn G\u00fcl Koparan, Sena Turfanda, Elektrik biriminden Cihat Akko\u00e7, Enerji sat\u0131\u015f biriminden \u0130smail Mahmur ve Berkay Akp\u0131nar ile \u0130nsan Kaynaklar\u0131 birimi y\u00f6neticileri, \u00f6\u011frencilere ayr\u0131ca \u2018\u2019 Enerji ticarette, mezun olmak, mezunlar\u0131 m\u00fclakatta ne bekliyor, ye\u015fil i\u015f ve r\u00fczgar enerjisi \u2018\u2019 konular\u0131nda sunumlar yaparak bilgilendirdiler.<\/p>\n<p>Bereket Enerji \u00dcretim A.\u015e. \u0130nsan Kaynaklar\u0131 Y\u00f6netmeni Sultan Piltan, fuar ile ilgili olarak\u00a0\u00a0 m\u00fchendis ve m\u00fchendis adaylar\u0131n\u0131n \u2018\u2019Gelecek enerjide\u2019\u2019 d\u00fc\u015f\u00fcncesini benimsedi\u011fini ve gelecek i\u00e7in bu sekt\u00f6re umut ba\u011flad\u0131\u011f\u0131n\u0131 g\u00f6zlemlediklerini dile getirdi. Bu beklentileri kar\u015f\u0131lama ve gen\u00e7 yetenekleri ayd\u0131nlatma konusunda Bereket Enerji olarak \u00f6nemli bir s\u0131nav verdiklerini vurgulayan Piltan, \u2018\u2019 Amac\u0131m\u0131z yenilenebilir enerjinin \u00f6nemini anlat\u0131rken, \u00f6\u011frencilere staj ve i\u015f konular\u0131nda yard\u0131mc\u0131 olmak ve i\u015f hayat\u0131na at\u0131lmalar\u0131 konusunda rehberlik etmektir\u2019\u2019 dedi.<\/p>","protected":false},"excerpt":{"rendered":"<p>Sorry, this entry is only available in Turkish. For the sake of viewer convenience, the content is shown below in the alternative language. You may click the link to switch the active language.Enerji sekt\u00f6r\u00fcn\u00fcn T\u00fcrkiye\u2019deki \u00f6nemli oyuncular\u0131ndan biri olan Bereket Enerji Grubu, \u0130stanbul Teknik \u00dcniversitesi\u2019nce organize edilen T\u00fcrkiye M\u00fchendislik ve Kariyer Fuar\u0131nda, i\u015f arayan ve [&hellip;]<\/p>\n","protected":false},"author":1,"featured_media":68614,"comment_status":"open","ping_status":"open","sticky":false,"template":"","format":"standard","meta":[],"categories":[53],"tags":[4720,30154,35847,7728,35848,35846],"views":967,"_links":{"self":[{"href":"https:\/\/www.enerjigazetesi.ist\/en\/wp-json\/wp\/v2\/posts\/68613"}],"collection":[{"href":"https:\/\/www.enerjigazetesi.ist\/en\/wp-json\/wp\/v2\/posts"}],"about":[{"href":"https:\/\/www.enerjigazetesi.ist\/en\/wp-json\/wp\/v2\/types\/post"}],"author":[{"embeddable":true,"href":"https:\/\/www.enerjigazetesi.ist\/en\/wp-json\/wp\/v2\/users\/1"}],"replies":[{"embeddable":true,"href":"https:\/\/www.enerjigazetesi.ist\/en\/wp-json\/wp\/v2\/comments?post=68613"}],"version-history":[{"count":1,"href":"https:\/\/www.enerjigazetesi.ist\/en\/wp-json\/wp\/v2\/posts\/68613\/revisions"}],"predecessor-version":[{"id":68615,"href":"https:\/\/www.enerjigazetesi.ist\/en\/wp-json\/wp\/v2\/posts\/68613\/revisions\/68615"}],"wp:featuredmedia":[{"embeddable":true,"href":"https:\/\/www.enerjigazetesi.ist\/en\/wp-json\/wp\/v2\/media\/68614"}],"wp:attachment":[{"href":"https:\/\/www.enerjigazetesi.ist\/en\/wp-json\/wp\/v2\/media?parent=68613"}],"wp:term":[{"taxonomy":"category","embeddable":true,"href":"https:\/\/www.enerjigazetesi.ist\/en\/wp-json\/wp\/v2\/categories?post=68613"},{"taxonomy":"post_tag","embeddable":true,"href":"https:\/\/www.enerjigazetesi.ist\/en\/wp-json\/wp\/v2\/tags?post=68613"}],"curies":[{"name":"wp","href":"https:\/\/api.w.org\/{rel}","templated":true}]}}