{"id":68599,"date":"2017-10-22T15:48:54","date_gmt":"2017-10-22T12:48:54","guid":{"rendered":"https:\/\/www.enerjigazetesi.ist\/?p=68599"},"modified":"2017-10-22T16:45:38","modified_gmt":"2017-10-22T13:45:38","slug":"cinli-sirketlerden-guneydoguya-gunes-enerjisi-yatirimi","status":"publish","type":"post","link":"https:\/\/www.enerjigazetesi.ist\/en\/cinli-sirketlerden-guneydoguya-gunes-enerjisi-yatirimi\/","title":{"rendered":"(Turkish) \u00c7inli \u015eirketlerden G\u00fcneydo\u011fu\u2019ya G\u00fcne\u015f Enerjisi Yat\u0131r\u0131m\u0131&#8230;"},"content":{"rendered":"<p class=\"qtranxs-available-languages-message qtranxs-available-languages-message-en\">Sorry, this entry is only available in <a href=\"https:\/\/www.enerjigazetesi.ist\/tr\/wp-json\/wp\/v2\/posts\/68599\" class=\"qtranxs-available-language-link qtranxs-available-language-link-tr\" title=\"Turkish\">Turkish<\/a>. For the sake of viewer convenience, the content is shown below in the alternative language. You may click the link to switch the active language.<\/p><p><strong>\u0130pekyolu Kalk\u0131nma Ajans\u0131\u2019n\u0131 ziyarette bulunan \u00c7in \u0130\u015fadamlar\u0131 Derne\u011fi Ba\u015fkan\u0131 Song Z\u0131b\u0131n ve beraberindeki heyet taraf\u0131ndan TRC1 (Gaziantep, Ad\u0131yaman, Kilis) B\u00f6lgesi\u2019ne 100 MW g\u00fcc\u00fcnde G\u00fcne\u015f Enerjisi yat\u0131r\u0131m\u0131 yap\u0131lmas\u0131 planlanmaktad\u0131r.<\/strong><\/p>\n<p><img loading=\"lazy\" class=\"alignleft wp-image-40037 size-medium\" src=\"https:\/\/www.enerjigazetesi.ist\/wp-content\/uploads\/2015\/06\/karamana-4-mwlik-gunes-enerjisi-santrali-ges-kurulumu-yapilacak-300x190.jpg\" alt=\"cinli-sirketlerden-guneydoguya-gunes-enerjisi-yatirimi\" width=\"300\" height=\"190\" srcset=\"https:\/\/www.enerjigazetesi.ist\/wp-content\/uploads\/2015\/06\/karamana-4-mwlik-gunes-enerjisi-santrali-ges-kurulumu-yapilacak-300x190.jpg 300w, https:\/\/www.enerjigazetesi.ist\/wp-content\/uploads\/2015\/06\/karamana-4-mwlik-gunes-enerjisi-santrali-ges-kurulumu-yapilacak-80x50.jpg 80w, https:\/\/www.enerjigazetesi.ist\/wp-content\/uploads\/2015\/06\/karamana-4-mwlik-gunes-enerjisi-santrali-ges-kurulumu-yapilacak.jpg 448w\" sizes=\"(max-width: 300px) 100vw, 300px\" \/><\/p>\n<p>Ziyaretlerde bulunmak \u00fczere Gaziantep\u2019e gelen \u00c7in \u0130\u015fadamalar\u0131 Derne\u011fi y\u00f6neticileri ve beraberindeki \u00c7inli i\u015f adamlar\u0131ndan olu\u015fan heyet, \u0130pekyolu Kalk\u0131nma Ajans\u0131\u2019n\u0131 ziyaret ettiler.<\/p>\n<p>Yap\u0131lan ziyarette; \u00c7in\u2019in ilk 500&#8217;\u00fc i\u00e7erisinde bulunan firmalar, b\u00f6lgede G\u00fcne\u015f Enerjisi yat\u0131r\u0131m\u0131 yapmak istediklerini ifade ettiler. TRC1 B\u00f6lgesi te\u015fvikleri ve yat\u0131r\u0131m olanaklar\u0131 hakk\u0131nda \u0130pekyolu Kalk\u0131nma Ajans\u0131 (\u0130KA) Genel Sekreteri Burhan Aky\u0131lmaz taraf\u0131ndan bir dizi sunum yap\u0131ld\u0131.<\/p>","protected":false},"excerpt":{"rendered":"<p>Sorry, this entry is only available in Turkish. For the sake of viewer convenience, the content is shown below in the alternative language. You may click the link to switch the active language.\u0130pekyolu Kalk\u0131nma Ajans\u0131\u2019n\u0131 ziyarette bulunan \u00c7in \u0130\u015fadamlar\u0131 Derne\u011fi Ba\u015fkan\u0131 Song Z\u0131b\u0131n ve beraberindeki heyet taraf\u0131ndan TRC1 (Gaziantep, Ad\u0131yaman, Kilis) B\u00f6lgesi\u2019ne 100 MW g\u00fcc\u00fcnde [&hellip;]<\/p>\n","protected":false},"author":1,"featured_media":40037,"comment_status":"open","ping_status":"open","sticky":false,"template":"","format":"standard","meta":[],"categories":[53,49,18007],"tags":[3115,886,67,1009,984,2326,13,23416,2569,23133,34925,23131,968,1286],"views":982,"_links":{"self":[{"href":"https:\/\/www.enerjigazetesi.ist\/en\/wp-json\/wp\/v2\/posts\/68599"}],"collection":[{"href":"https:\/\/www.enerjigazetesi.ist\/en\/wp-json\/wp\/v2\/posts"}],"about":[{"href":"https:\/\/www.enerjigazetesi.ist\/en\/wp-json\/wp\/v2\/types\/post"}],"author":[{"embeddable":true,"href":"https:\/\/www.enerjigazetesi.ist\/en\/wp-json\/wp\/v2\/users\/1"}],"replies":[{"embeddable":true,"href":"https:\/\/www.enerjigazetesi.ist\/en\/wp-json\/wp\/v2\/comments?post=68599"}],"version-history":[{"count":2,"href":"https:\/\/www.enerjigazetesi.ist\/en\/wp-json\/wp\/v2\/posts\/68599\/revisions"}],"predecessor-version":[{"id":68601,"href":"https:\/\/www.enerjigazetesi.ist\/en\/wp-json\/wp\/v2\/posts\/68599\/revisions\/68601"}],"wp:featuredmedia":[{"embeddable":true,"href":"https:\/\/www.enerjigazetesi.ist\/en\/wp-json\/wp\/v2\/media\/40037"}],"wp:attachment":[{"href":"https:\/\/www.enerjigazetesi.ist\/en\/wp-json\/wp\/v2\/media?parent=68599"}],"wp:term":[{"taxonomy":"category","embeddable":true,"href":"https:\/\/www.enerjigazetesi.ist\/en\/wp-json\/wp\/v2\/categories?post=68599"},{"taxonomy":"post_tag","embeddable":true,"href":"https:\/\/www.enerjigazetesi.ist\/en\/wp-json\/wp\/v2\/tags?post=68599"}],"curies":[{"name":"wp","href":"https:\/\/api.w.org\/{rel}","templated":true}]}}