{"id":68580,"date":"2017-10-21T16:56:21","date_gmt":"2017-10-21T13:56:21","guid":{"rendered":"https:\/\/www.enerjigazetesi.ist\/?p=68580"},"modified":"2017-10-21T16:56:21","modified_gmt":"2017-10-21T13:56:21","slug":"huyukte-res-calismalari-suruyor","status":"publish","type":"post","link":"https:\/\/www.enerjigazetesi.ist\/en\/huyukte-res-calismalari-suruyor\/","title":{"rendered":"(Turkish) H\u00fcy\u00fck&#8217;te RES \u00c7al\u0131\u015fmalar\u0131 S\u00fcr\u00fcyor&#8230;"},"content":{"rendered":"<p class=\"qtranxs-available-languages-message qtranxs-available-languages-message-en\">Sorry, this entry is only available in <a href=\"https:\/\/www.enerjigazetesi.ist\/tr\/wp-json\/wp\/v2\/posts\/68580\" class=\"qtranxs-available-language-link qtranxs-available-language-link-tr\" title=\"Turkish\">Turkish<\/a>. For the sake of viewer convenience, the content is shown below in the alternative language. You may click the link to switch the active language.<\/p><p><strong>H\u00fcy\u00fck Ziraat Odas\u0131 Ba\u015fkan\u0131 H\u00fcrriyet \u015eahin taraf\u0131ndan yap\u0131lan a\u00e7\u0131klamada, \u0130lmen Mahallesi Yass\u0131yurt mevkisinde yap\u0131lan 500 kw&#8217;l\u0131k r\u00fczgar enerji santralinde son montajlar\u0131n yap\u0131ld\u0131\u011f\u0131 belirtildi.<\/strong><\/p>\n<p><img loading=\"lazy\" class=\"alignleft size-medium wp-image-68581\" src=\"https:\/\/www.enerjigazetesi.ist\/wp-content\/uploads\/2017\/10\/huyukte-res-calismalari-suruyor-300x200.jpg\" alt=\"\" width=\"300\" height=\"200\" srcset=\"https:\/\/www.enerjigazetesi.ist\/wp-content\/uploads\/2017\/10\/huyukte-res-calismalari-suruyor-300x200.jpg 300w, https:\/\/www.enerjigazetesi.ist\/wp-content\/uploads\/2017\/10\/huyukte-res-calismalari-suruyor-500x333.jpg 500w, https:\/\/www.enerjigazetesi.ist\/wp-content\/uploads\/2017\/10\/huyukte-res-calismalari-suruyor-75x50.jpg 75w, https:\/\/www.enerjigazetesi.ist\/wp-content\/uploads\/2017\/10\/huyukte-res-calismalari-suruyor.jpg 630w\" sizes=\"(max-width: 300px) 100vw, 300px\" \/><\/p>\n<p>Projenin devreye al\u0131nmas\u0131yla sulanamayan arazilerin de sulanabilece\u011fini belirten \u015eahin, \u015funlar\u0131 belirtti.<\/p>\n<p>&#8220;Proje ile b\u00f6lgede y\u0131lda 1 milyon 300 bin kilowat elektrik \u00fcretimi planlanarak 2 trib\u00fcn in\u015fa edilerek montaj \u00e7al\u0131\u015fmalar\u0131 bitirilmi\u015ftir. Tamamlanan \u00e7al\u0131\u015fmalar\u0131n ard\u0131ndan ge\u00e7ici kabul i\u00e7in ilgili dosya MEDA\u015e\u2019a tekam\u00fcl ettirilmi\u015ftir. B\u00f6lge \u00e7ift\u00e7imiz, projenin bir \u00f6nce devreye girmesiyle b\u00f6lgede r\u00fczgar enerjisinden elektrik enerjisi \u00fcretiminin ba\u015flamas\u0131n\u0131 d\u00f6rt g\u00f6zle beklemektedir. Proje kapsam\u0131nda \u00fcretilecek enerji b\u00f6lgedeki sulama elektri\u011fine kar\u015f\u0131l\u0131k MEDA\u015e taraf\u0131ndan kullan\u0131lacak. B\u00f6ylece \u00fcretici art\u0131k sulama faaliyetlerine para \u00f6demeyerek sulama girdilerini \u00f6nemli \u00f6l\u00e7\u00fcde azaltacak.&#8221;<\/p>","protected":false},"excerpt":{"rendered":"<p>Sorry, this entry is only available in Turkish. For the sake of viewer convenience, the content is shown below in the alternative language. You may click the link to switch the active language.H\u00fcy\u00fck Ziraat Odas\u0131 Ba\u015fkan\u0131 H\u00fcrriyet \u015eahin taraf\u0131ndan yap\u0131lan a\u00e7\u0131klamada, \u0130lmen Mahallesi Yass\u0131yurt mevkisinde yap\u0131lan 500 kw&#8217;l\u0131k r\u00fczgar enerji santralinde son montajlar\u0131n yap\u0131ld\u0131\u011f\u0131 belirtildi. [&hellip;]<\/p>\n","protected":false},"author":1,"featured_media":68581,"comment_status":"open","ping_status":"open","sticky":false,"template":"","format":"standard","meta":[],"categories":[53,50],"tags":[63,67,1009,165,474,69,16,23318,22615,4784],"views":1590,"_links":{"self":[{"href":"https:\/\/www.enerjigazetesi.ist\/en\/wp-json\/wp\/v2\/posts\/68580"}],"collection":[{"href":"https:\/\/www.enerjigazetesi.ist\/en\/wp-json\/wp\/v2\/posts"}],"about":[{"href":"https:\/\/www.enerjigazetesi.ist\/en\/wp-json\/wp\/v2\/types\/post"}],"author":[{"embeddable":true,"href":"https:\/\/www.enerjigazetesi.ist\/en\/wp-json\/wp\/v2\/users\/1"}],"replies":[{"embeddable":true,"href":"https:\/\/www.enerjigazetesi.ist\/en\/wp-json\/wp\/v2\/comments?post=68580"}],"version-history":[{"count":1,"href":"https:\/\/www.enerjigazetesi.ist\/en\/wp-json\/wp\/v2\/posts\/68580\/revisions"}],"predecessor-version":[{"id":68582,"href":"https:\/\/www.enerjigazetesi.ist\/en\/wp-json\/wp\/v2\/posts\/68580\/revisions\/68582"}],"wp:featuredmedia":[{"embeddable":true,"href":"https:\/\/www.enerjigazetesi.ist\/en\/wp-json\/wp\/v2\/media\/68581"}],"wp:attachment":[{"href":"https:\/\/www.enerjigazetesi.ist\/en\/wp-json\/wp\/v2\/media?parent=68580"}],"wp:term":[{"taxonomy":"category","embeddable":true,"href":"https:\/\/www.enerjigazetesi.ist\/en\/wp-json\/wp\/v2\/categories?post=68580"},{"taxonomy":"post_tag","embeddable":true,"href":"https:\/\/www.enerjigazetesi.ist\/en\/wp-json\/wp\/v2\/tags?post=68580"}],"curies":[{"name":"wp","href":"https:\/\/api.w.org\/{rel}","templated":true}]}}