{"id":68574,"date":"2017-10-21T12:47:24","date_gmt":"2017-10-21T09:47:24","guid":{"rendered":"https:\/\/www.enerjigazetesi.ist\/?p=68574"},"modified":"2017-10-21T12:47:24","modified_gmt":"2017-10-21T09:47:24","slug":"kop-bolgesi-cok-yakin-gelecekte-enerji-ussune-donusecek","status":"publish","type":"post","link":"https:\/\/www.enerjigazetesi.ist\/en\/kop-bolgesi-cok-yakin-gelecekte-enerji-ussune-donusecek\/","title":{"rendered":"(Turkish) KOP B\u00f6lgesi \u00c7ok Yak\u0131n Gelecekte Enerji \u00dcss\u00fcne D\u00f6n\u00fc\u015fecek"},"content":{"rendered":"<p class=\"qtranxs-available-languages-message qtranxs-available-languages-message-en\">Sorry, this entry is only available in <a href=\"https:\/\/www.enerjigazetesi.ist\/tr\/wp-json\/wp\/v2\/posts\/68574\" class=\"qtranxs-available-language-link qtranxs-available-language-link-tr\" title=\"Turkish\">Turkish<\/a>. For the sake of viewer convenience, the content is shown below in the alternative language. You may click the link to switch the active language.<\/p><p><strong>Kalk\u0131nma Bakanl\u0131\u011f\u0131na ba\u011fl\u0131 KOP B\u00f6lge Kalk\u0131nma \u0130daresi Ba\u015fkanl\u0131\u011f\u0131&#8217;nca desteklenen, T\u00dcB\u0130TAK Marmara Ara\u015ft\u0131rma Merkezince (MAM) y\u00fcr\u00fct\u00fclen ve Orta Do\u011fu Teknik \u00dcniversitesi (ODT\u00dc) ile Ni\u011fde \u00d6mer Halisdemir \u00dcniversitesi\u2019nin katk\u0131lar\u0131 ile s\u00fcrd\u00fcr\u00fclen \u201cG\u00fcne\u015f Pillerinin \u00dclkemizde \u00dcretilebilmesine Y\u00f6nelik Et\u00fct \u00c7al\u0131\u015fmalar\u0131 Projesi\u201dnin sonu\u00e7lar\u0131 Konya\u2019da ger\u00e7ekle\u015ftirilen panelle a\u00e7\u0131kland\u0131.<\/strong><\/p>\n<p><img loading=\"lazy\" class=\"alignleft size-medium wp-image-68576\" src=\"https:\/\/www.enerjigazetesi.ist\/wp-content\/uploads\/2017\/10\/kop-bolgesi-cok-yakin-gelecekte-enerji-ussune-donusecek-300x200.jpg\" alt=\"\" width=\"300\" height=\"200\" srcset=\"https:\/\/www.enerjigazetesi.ist\/wp-content\/uploads\/2017\/10\/kop-bolgesi-cok-yakin-gelecekte-enerji-ussune-donusecek-300x200.jpg 300w, https:\/\/www.enerjigazetesi.ist\/wp-content\/uploads\/2017\/10\/kop-bolgesi-cok-yakin-gelecekte-enerji-ussune-donusecek-75x50.jpg 75w, https:\/\/www.enerjigazetesi.ist\/wp-content\/uploads\/2017\/10\/kop-bolgesi-cok-yakin-gelecekte-enerji-ussune-donusecek.jpg 354w\" sizes=\"(max-width: 300px) 100vw, 300px\" \/><\/p>\n<p>Panelin a\u00e7\u0131l\u0131\u015f konu\u015fmas\u0131n\u0131 yapan KOP \u0130daresi Ba\u015fkan\u0131 \u0130hsan Bostanc\u0131, &#8220;KOP B\u00f6lgesi g\u00fcne\u015f enerjisi d\u0131\u015f\u0131nda Ayranc\u0131\u2019daki 1,8 milyar tonluk k\u00f6m\u00fcr rezervi, Karaman ile K\u0131r\u0131kkale\u2019deki 2.180 MW\u2019l\u0131k do\u011falgaz kombine \u00e7evrim santralleri ve Ermenek ile Hirfanl\u0131 Hidroelektirik santralleriyle toplamda 7 bin MW\u2019a ula\u015fan bir potansiyeli vard\u0131r. Bu b\u00fcy\u00fck potansiyelden yararlan\u0131lmas\u0131yla inan\u0131yorum ki KOP B\u00f6lgesi yak\u0131n gelecekte bir enerji \u00fcss\u00fc haline de d\u00f6n\u00fc\u015fecektir&#8221;dedi.<\/p>\n<p>Orta Do\u011fu Teknik \u00dcniversitesi, Fen-Edebiyat Fak\u00fcltesi Dekan\u0131 Prof. Dr. Ahmet Oral ise, &#8220;\u00dclkemizde g\u00fcne\u015f enerjisi konusunda \u00e7ok ciddi bir at\u0131l\u0131mlar mevcut. Karap\u0131nar\u2019a kurulacak santralin kapasitesi tek ba\u015f\u0131na bu oran\u0131 iki kat\u0131na y\u00fckseltecektir. Hedef rakama ula\u015f\u0131ld\u0131\u011f\u0131nda T\u00fcrkiye\u2019nin enerji ihtiyac\u0131n\u0131n y\u00fczde 3\u2019\u00fcn\u00fc yani her 30 fabrikadan birini g\u00fcne\u015f enerjisi ile kullan\u0131l\u0131r hale getirmi\u015f olaca\u011f\u0131z. Kom\u015fu \u00fclkelerimizde bu oran her 12 evden birine denk gelmektedir. Bundan dolay\u0131 bu projeye \u00fcniversitemiz ad\u0131na destek vermekten ve T\u00fcrkiye\u2019nin yenilenebilir enerjisine katk\u0131 sunmaktan dolay\u0131 gurur duyuyoruz.&#8221; diye konu\u015ftu.<\/p>","protected":false},"excerpt":{"rendered":"<p>Sorry, this entry is only available in Turkish. For the sake of viewer convenience, the content is shown below in the alternative language. You may click the link to switch the active language.Kalk\u0131nma Bakanl\u0131\u011f\u0131na ba\u011fl\u0131 KOP B\u00f6lge Kalk\u0131nma \u0130daresi Ba\u015fkanl\u0131\u011f\u0131&#8217;nca desteklenen, T\u00dcB\u0130TAK Marmara Ara\u015ft\u0131rma Merkezince (MAM) y\u00fcr\u00fct\u00fclen ve Orta Do\u011fu Teknik \u00dcniversitesi (ODT\u00dc) ile Ni\u011fde [&hellip;]<\/p>\n","protected":false},"author":1,"featured_media":68576,"comment_status":"open","ping_status":"open","sticky":false,"template":"","format":"standard","meta":[],"categories":[46,53,49,24649],"tags":[67,1009,23416,23133,34925,23131,35837],"views":939,"_links":{"self":[{"href":"https:\/\/www.enerjigazetesi.ist\/en\/wp-json\/wp\/v2\/posts\/68574"}],"collection":[{"href":"https:\/\/www.enerjigazetesi.ist\/en\/wp-json\/wp\/v2\/posts"}],"about":[{"href":"https:\/\/www.enerjigazetesi.ist\/en\/wp-json\/wp\/v2\/types\/post"}],"author":[{"embeddable":true,"href":"https:\/\/www.enerjigazetesi.ist\/en\/wp-json\/wp\/v2\/users\/1"}],"replies":[{"embeddable":true,"href":"https:\/\/www.enerjigazetesi.ist\/en\/wp-json\/wp\/v2\/comments?post=68574"}],"version-history":[{"count":1,"href":"https:\/\/www.enerjigazetesi.ist\/en\/wp-json\/wp\/v2\/posts\/68574\/revisions"}],"predecessor-version":[{"id":68577,"href":"https:\/\/www.enerjigazetesi.ist\/en\/wp-json\/wp\/v2\/posts\/68574\/revisions\/68577"}],"wp:featuredmedia":[{"embeddable":true,"href":"https:\/\/www.enerjigazetesi.ist\/en\/wp-json\/wp\/v2\/media\/68576"}],"wp:attachment":[{"href":"https:\/\/www.enerjigazetesi.ist\/en\/wp-json\/wp\/v2\/media?parent=68574"}],"wp:term":[{"taxonomy":"category","embeddable":true,"href":"https:\/\/www.enerjigazetesi.ist\/en\/wp-json\/wp\/v2\/categories?post=68574"},{"taxonomy":"post_tag","embeddable":true,"href":"https:\/\/www.enerjigazetesi.ist\/en\/wp-json\/wp\/v2\/tags?post=68574"}],"curies":[{"name":"wp","href":"https:\/\/api.w.org\/{rel}","templated":true}]}}