{"id":6855,"date":"2013-02-18T10:55:19","date_gmt":"2013-02-18T07:55:19","guid":{"rendered":"https:\/\/www.enerjigazetesi.ist\/?p=6855"},"modified":"2013-02-18T10:55:19","modified_gmt":"2013-02-18T07:55:19","slug":"turkiye-enerji-verimliligi-ve-tasarrufunu-nihayet-basaracak-gibi","status":"publish","type":"post","link":"https:\/\/www.enerjigazetesi.ist\/en\/turkiye-enerji-verimliligi-ve-tasarrufunu-nihayet-basaracak-gibi\/","title":{"rendered":"(Turkish) T\u00fcrkiye Enerji Verimlili\u011fi Ve Tasarrufunu Nihayet Ba\u015faracak Gibi\u2026"},"content":{"rendered":"<p class=\"qtranxs-available-languages-message qtranxs-available-languages-message-en\">Sorry, this entry is only available in <a href=\"https:\/\/www.enerjigazetesi.ist\/tr\/wp-json\/wp\/v2\/posts\/6855\" class=\"qtranxs-available-language-link qtranxs-available-language-link-tr\" title=\"Turkish\">Turkish<\/a>. For the sake of viewer convenience, the content is shown below in the alternative language. You may click the link to switch the active language.<\/p><p><strong>Enerji tasarrufu, son k\u00fcresel krizin ard\u0131ndan t\u00fcm d\u00fcnyada k\u00f6m\u00fcr, petrol ve do\u011falgazla birlikte en \u00f6nemli 4 yak\u0131ttan biri kabul ediliyor. Art\u0131k enerjiyle ilgili uluslararas\u0131 platformlarda mutlaka enerji verimlili\u011fi \u00fczerine uzmanla\u015fm\u0131\u015f bir konu\u015fmac\u0131 da bulunuyor. O platformlarda konu\u015fulanlara bakt\u0131\u011f\u0131m\u0131zda, tasarruf \u00f6nlemlerinin pek \u00e7ok alanda topyek\u00fbn pe\u015fpe\u015fe s\u0131raland\u0131\u011f\u0131n\u0131 ve bunun sonucu olarak da toplumda k\u0131sa s\u00fcrede fark\u0131ndal\u0131k yarat\u0131labildi\u011fini g\u00f6r\u00fcyoruz.<\/strong><\/p>\n<p>Bizde ise d\u00fcne kadar ENVER ve Enerji Han\u0131m gibi iyi niyetli, ancak ba\u015far\u0131s\u0131z olaca\u011f\u0131 ba\u015ftan belli kampanyalarla enerji tasarrufu sa\u011flanmaya \u00e7al\u0131\u015f\u0131ld\u0131. \u00d6nlemler o derece k\u00e2\u011f\u0131t \u00fczerindeydi ki \u00f6rne\u011fin Hilmi G\u00fcler Enerji Bakan\u0131\u2019yken d\u00fczenlenen ENVER kampanyas\u0131nda da, 4 y\u0131l sonra Enerji Bakan\u0131 Taner Y\u0131ld\u0131z\u2019\u0131n a\u00e7\u0131klad\u0131\u011f\u0131 Enerji Han\u0131m kampanyas\u0131nda da 4 milyar liral\u0131k tasarruf hedeflenmi\u015fti. 2008\u2019den bug\u00fcne bakanlar de\u011fi\u015fti, T\u00fcrkiye de\u011fi\u015fti, fiyatlar de\u011fi\u015fti, ara\u00e7lar de\u011fi\u015fti, ama 4 milyar lira sabit kald\u0131!<\/p>\n<h2>\u015eahenk ve Ko\u00e7\u2019la\u2026<\/h2>\n<p><img loading=\"lazy\" class=\"alignleft size-medium wp-image-6856\" title=\"enerji-tasarrufu11-450x450\" src=\"https:\/\/www.enerjigazetesi.ist\/wp-content\/uploads\/2013\/02\/enerji-tasarrufu11-450x450-300x226.jpg\" alt=\"\" width=\"300\" height=\"226\" srcset=\"https:\/\/www.enerjigazetesi.ist\/wp-content\/uploads\/2013\/02\/enerji-tasarrufu11-450x450-300x226.jpg 300w, https:\/\/www.enerjigazetesi.ist\/wp-content\/uploads\/2013\/02\/enerji-tasarrufu11-450x450-500x377.jpg 500w, https:\/\/www.enerjigazetesi.ist\/wp-content\/uploads\/2013\/02\/enerji-tasarrufu11-450x450-66x50.jpg 66w, https:\/\/www.enerjigazetesi.ist\/wp-content\/uploads\/2013\/02\/enerji-tasarrufu11-450x450.jpg 504w\" sizes=\"(max-width: 300px) 100vw, 300px\" \/><a href=\"http:\/\/www.enve.com.tr\" target=\"_blank\">Enerji verimlili\u011fi<\/a> \u00fczerine y\u0131llarca kafa yormu\u015f olan ODE Yal\u0131t\u0131m Y\u00f6netim Kurulu Ba\u015fkan\u0131 Orhan Turan\u2019a g\u00f6re \u00e7ok y\u00f6nl\u00fc bir planlamayla 15 milyar dolarl\u0131k bir enerji tasarrufu sa\u011flamak m\u00fcmk\u00fcn. Bu rakam, y\u0131ll\u0131k 60 milyar dolarl\u0131k enerji ithalat\u0131m\u0131z\u0131n % 25\u2019ine e\u015fde\u011fer; cari a\u00e7\u0131\u011f\u0131m\u0131z\u0131n d\u00fc\u015fmesine de ciddi katk\u0131s\u0131 olur.<\/p>\n<p>Ve umuyorum ki Enerji Verimlili\u011fi Derne\u011fi\u2019nin ge\u00e7en hafta sonu yap\u0131lan Genel Kurulu\u2019nda y\u00f6netime giren T\u00fcrkiye\u2019nin k\u00f6kl\u00fc sanayicileri, kampanyalar\u0131 ev kad\u0131n\u0131yla s\u0131n\u0131rl\u0131 tutmay\u0131p pek \u00e7ok alanda ve geni\u015f bir yelpazede, e\u015fzamanl\u0131 olarak devreye sokarlar.<\/p>\n<p>Arkada\u015f\u0131m\u0131z Eylem T\u00fcrk\u2019\u00fcn haberine g\u00f6re Do\u011fu\u015f Holding Y\u00f6netim Kurulu Ba\u015fkan\u0131 Ferit \u015eahenk, Ko\u00e7 Holding\u2019in 3. ku\u015fak patronlar\u0131ndan Ali Ko\u00e7, Limak Holding Y\u00f6netim Kurulu Ba\u015fkan\u0131 Nihat \u00d6zdemir, Kibar Holding Y\u00f6netim Kurulu Ba\u015fkan\u0131 Ali Kibar ve Bakan Fatma \u015eahin\u2019in dan\u0131\u015fman\u0131 \u015eafak M\u00fcderrisgil gibi tuttu\u011funu koparan isimlerin girdi\u011fi yeni Y\u00f6netim Kurulu\u2019nun ba\u015fkanl\u0131\u011f\u0131na \u0130stanbul Ticaret Odas\u0131 Meclis Ba\u015fkan\u0131 \u0130brahim \u00c7a\u011flar getirilmi\u015f.<\/p>\n<h2>Enerji Han\u0131m\u2019la olmaz<\/h2>\n<p>Eylem\u2019in haberinde yeni y\u00f6netimin sanayi, ula\u015f\u0131m, konut ve ayd\u0131nlatmadaki enerjinin verimli kullan\u0131lmas\u0131 konusunda \u00e7al\u0131\u015fmalar yapaca\u011f\u0131 belirtiliyor ki bu iyi haber. Umar\u0131z otomobillerin daha az yak\u0131t kullanmas\u0131ndan beyaz e\u015fyan\u0131n daha az enerji t\u00fcketeninin te\u015fvikine kadar pek \u00e7ok \u00f6nlem getirilir. Zaten bu t\u00fcr \u00f6nlemler olmadan, b\u00fcy\u00fck umutlar ba\u011flanan Enerji Han\u0131m kampanyas\u0131ndan da sonu\u00e7 al\u0131namaz diye d\u00fc\u015f\u00fcn\u00fcyorum.<\/p>\n<p>Ge\u00e7en ay Kayseri\u2019de ba\u015flat\u0131lan ve evlerde enerji t\u00fcketiminin azalt\u0131lmas\u0131n\u0131 ama\u00e7layan Enerji Han\u0131m kampanyas\u0131na Adana, Ankara, Bursa, Gaziantep, \u0130stanbul, \u0130zmir, Diyarbak\u0131r, Van, Hakkari, Konya, Mersin ve Trabzon\u2019da devam edilecekmi\u015f. Yahu bu illerde, evlerini idare etmeye u\u011fra\u015fan kad\u0131nlar, herhalde \u00e7ok hafife al\u0131n\u0131yor. S\u00f6z konusu olan aile b\u00fct\u00e7esiyse, kad\u0131nlardaki fark\u0131ndal\u0131k zaten nicedir tavan yapm\u0131\u015f durumda. Ama kimi illerde elektri\u011fin b\u00fcy\u00fck \u00e7o\u011funlu\u011fu ka\u00e7ak olarak kullan\u0131l\u0131yorsa nas\u0131l bir fark\u0131ndal\u0131k d\u00fc\u015f\u00fcn\u00fcl\u00fcyor acaba?<\/p>\n<p>\u0130stanbul, Ankara, \u0130zmir, Bursa ve Adana gibi zenginlerimizin ya\u015fad\u0131\u011f\u0131 illerde ise bana g\u00f6re \u00e7ok ciddi ba\u015fka bir sorun var. O evlerdeki hizmetk\u00e2rlar\u0131n ikna edilmesi laz\u0131m ki onlar da maalesef kendi evlerinde tek bir lambay\u0131 bile gereksiz a\u00e7mazken, \u00e7al\u0131\u015ft\u0131klar\u0131 evlerde tam tersi davranabiliyorlar. \u00d6rne\u011fin \u0130stanbul\u2019un farkl\u0131 semtlerindeki konutlarda enerji t\u00fcketimiyle ilgili bir harita \u00e7\u0131kar\u0131lsa, bence bu durum \u00e7ok net g\u00f6r\u00fclecektir ve al\u0131nacak \u00f6nlemler a\u00e7\u0131s\u0131ndan da yararl\u0131 olabilir.<\/p>\n<p>Kaynak: <a href=\"http:\/\/enerjienstitusu.com\/2013\/02\/18\/kose-yazisi-turkiye-enerji-tasarrufunu-nihayet-basaracak-gibi\/\" target=\"_blank\">Enerji Enstit\u00fcs\u00fc<\/a><\/p>","protected":false},"excerpt":{"rendered":"<p>Sorry, this entry is only available in Turkish. For the sake of viewer convenience, the content is shown below in the alternative language. You may click the link to switch the active language.Enerji tasarrufu, son k\u00fcresel krizin ard\u0131ndan t\u00fcm d\u00fcnyada k\u00f6m\u00fcr, petrol ve do\u011falgazla birlikte en \u00f6nemli 4 yak\u0131ttan biri kabul ediliyor. Art\u0131k enerjiyle ilgili [&hellip;]<\/p>\n","protected":false},"author":1,"featured_media":6856,"comment_status":"open","ping_status":"open","sticky":false,"template":"","format":"standard","meta":[],"categories":[53,52],"tags":[67,103,12,846],"views":705,"_links":{"self":[{"href":"https:\/\/www.enerjigazetesi.ist\/en\/wp-json\/wp\/v2\/posts\/6855"}],"collection":[{"href":"https:\/\/www.enerjigazetesi.ist\/en\/wp-json\/wp\/v2\/posts"}],"about":[{"href":"https:\/\/www.enerjigazetesi.ist\/en\/wp-json\/wp\/v2\/types\/post"}],"author":[{"embeddable":true,"href":"https:\/\/www.enerjigazetesi.ist\/en\/wp-json\/wp\/v2\/users\/1"}],"replies":[{"embeddable":true,"href":"https:\/\/www.enerjigazetesi.ist\/en\/wp-json\/wp\/v2\/comments?post=6855"}],"version-history":[{"count":1,"href":"https:\/\/www.enerjigazetesi.ist\/en\/wp-json\/wp\/v2\/posts\/6855\/revisions"}],"predecessor-version":[{"id":6857,"href":"https:\/\/www.enerjigazetesi.ist\/en\/wp-json\/wp\/v2\/posts\/6855\/revisions\/6857"}],"wp:featuredmedia":[{"embeddable":true,"href":"https:\/\/www.enerjigazetesi.ist\/en\/wp-json\/wp\/v2\/media\/6856"}],"wp:attachment":[{"href":"https:\/\/www.enerjigazetesi.ist\/en\/wp-json\/wp\/v2\/media?parent=6855"}],"wp:term":[{"taxonomy":"category","embeddable":true,"href":"https:\/\/www.enerjigazetesi.ist\/en\/wp-json\/wp\/v2\/categories?post=6855"},{"taxonomy":"post_tag","embeddable":true,"href":"https:\/\/www.enerjigazetesi.ist\/en\/wp-json\/wp\/v2\/tags?post=6855"}],"curies":[{"name":"wp","href":"https:\/\/api.w.org\/{rel}","templated":true}]}}