{"id":68515,"date":"2017-10-18T16:18:38","date_gmt":"2017-10-18T13:18:38","guid":{"rendered":"https:\/\/www.enerjigazetesi.ist\/?p=68515"},"modified":"2017-10-18T16:21:57","modified_gmt":"2017-10-18T13:21:57","slug":"sirnakta-komur-ocaginda-olan-gocukten-7-isci-hayatini-kaybetti","status":"publish","type":"post","link":"https:\/\/www.enerjigazetesi.ist\/en\/sirnakta-komur-ocaginda-olan-gocukten-7-isci-hayatini-kaybetti\/","title":{"rendered":"(Turkish) \u015e\u0131rnak\u2019ta K\u00f6m\u00fcr Oca\u011f\u0131nda Olan G\u00f6\u00e7\u00fckten 7 \u0130\u015f\u00e7i Hayat\u0131n\u0131 Kaybetti"},"content":{"rendered":"<p class=\"qtranxs-available-languages-message qtranxs-available-languages-message-en\">Sorry, this entry is only available in <a href=\"https:\/\/www.enerjigazetesi.ist\/tr\/wp-json\/wp\/v2\/posts\/68515\" class=\"qtranxs-available-language-link qtranxs-available-language-link-tr\" title=\"Turkish\">Turkish<\/a>. For the sake of viewer convenience, the content is shown below in the alternative language. You may click the link to switch the active language.<\/p><p><strong>\u015e\u0131rnak k\u00f6m\u00fcr ocaklar\u0131 b\u00f6lgesinde g\u00f6\u00e7\u00fck meydana geldi. Ba\u015fbakan Yard\u0131mc\u0131s\u0131 Bekir Bozda\u011f taraf\u0131ndan 3 no\u2019lu k\u00f6m\u00fcr oca\u011f\u0131nda olu\u015fan g\u00f6\u00e7\u00fckte 7 i\u015f\u00e7inin hayat\u0131n\u0131 kaybetti\u011fi,\u00a0<\/strong><\/p>\n<p><img loading=\"lazy\" class=\"alignleft size-medium wp-image-68516\" src=\"https:\/\/www.enerjigazetesi.ist\/wp-content\/uploads\/2017\/10\/sirnakta-komur-ocaginda-olan-gocukten-7-isci-hayatini-kaybetti-300x166.jpg\" alt=\"\" width=\"300\" height=\"166\" srcset=\"https:\/\/www.enerjigazetesi.ist\/wp-content\/uploads\/2017\/10\/sirnakta-komur-ocaginda-olan-gocukten-7-isci-hayatini-kaybetti-300x166.jpg 300w, https:\/\/www.enerjigazetesi.ist\/wp-content\/uploads\/2017\/10\/sirnakta-komur-ocaginda-olan-gocukten-7-isci-hayatini-kaybetti-768x425.jpg 768w, https:\/\/www.enerjigazetesi.ist\/wp-content\/uploads\/2017\/10\/sirnakta-komur-ocaginda-olan-gocukten-7-isci-hayatini-kaybetti-500x277.jpg 500w, https:\/\/www.enerjigazetesi.ist\/wp-content\/uploads\/2017\/10\/sirnakta-komur-ocaginda-olan-gocukten-7-isci-hayatini-kaybetti-80x44.jpg 80w, https:\/\/www.enerjigazetesi.ist\/wp-content\/uploads\/2017\/10\/sirnakta-komur-ocaginda-olan-gocukten-7-isci-hayatini-kaybetti.jpg 880w\" sizes=\"(max-width: 300px) 100vw, 300px\" \/><\/p>\n<p><strong>1 i\u015f\u00e7inin ise kay\u0131p oldu\u011fu ifade edildi.<\/strong><span id=\"more-94805\"><\/span><\/p>\n<p>Enerji ve Tabii Kaynaklar Bakanl\u0131\u011f\u0131 ise kazan\u0131n oldu\u011fu madenin ruhsats\u0131z ve ka\u00e7ak oldu\u011funu a\u00e7\u0131klad\u0131.<\/p>\n<p>Bakanl\u0131k yetkililerince yap\u0131lan a\u00e7\u0131klamada, kazan\u0131n meydana geldi\u011fi maden sahas\u0131n\u0131n faaliyetinin, i\u015fletme ve i\u015f g\u00fcvenli\u011fi riski bar\u0131nd\u0131rd\u0131\u011f\u0131 i\u00e7in Maden \u0130\u015fleri Genel M\u00fcd\u00fcrl\u00fc\u011f\u00fc&#8217;nce (M\u0130GEM) 2013 y\u0131l\u0131nda durduruldu\u011fu belirtildi.<\/p>\n<p>&nbsp;<\/p>","protected":false},"excerpt":{"rendered":"<p>Sorry, this entry is only available in Turkish. For the sake of viewer convenience, the content is shown below in the alternative language. You may click the link to switch the active language.\u015e\u0131rnak k\u00f6m\u00fcr ocaklar\u0131 b\u00f6lgesinde g\u00f6\u00e7\u00fck meydana geldi. Ba\u015fbakan Yard\u0131mc\u0131s\u0131 Bekir Bozda\u011f taraf\u0131ndan 3 no\u2019lu k\u00f6m\u00fcr oca\u011f\u0131nda olu\u015fan g\u00f6\u00e7\u00fckte 7 i\u015f\u00e7inin hayat\u0131n\u0131 kaybetti\u011fi,\u00a0 1 [&hellip;]<\/p>\n","protected":false},"author":1,"featured_media":68516,"comment_status":"open","ping_status":"open","sticky":false,"template":"","format":"standard","meta":[],"categories":[53,24649],"tags":[1675,1816,35814,5562,4908,35815],"views":605,"_links":{"self":[{"href":"https:\/\/www.enerjigazetesi.ist\/en\/wp-json\/wp\/v2\/posts\/68515"}],"collection":[{"href":"https:\/\/www.enerjigazetesi.ist\/en\/wp-json\/wp\/v2\/posts"}],"about":[{"href":"https:\/\/www.enerjigazetesi.ist\/en\/wp-json\/wp\/v2\/types\/post"}],"author":[{"embeddable":true,"href":"https:\/\/www.enerjigazetesi.ist\/en\/wp-json\/wp\/v2\/users\/1"}],"replies":[{"embeddable":true,"href":"https:\/\/www.enerjigazetesi.ist\/en\/wp-json\/wp\/v2\/comments?post=68515"}],"version-history":[{"count":6,"href":"https:\/\/www.enerjigazetesi.ist\/en\/wp-json\/wp\/v2\/posts\/68515\/revisions"}],"predecessor-version":[{"id":68522,"href":"https:\/\/www.enerjigazetesi.ist\/en\/wp-json\/wp\/v2\/posts\/68515\/revisions\/68522"}],"wp:featuredmedia":[{"embeddable":true,"href":"https:\/\/www.enerjigazetesi.ist\/en\/wp-json\/wp\/v2\/media\/68516"}],"wp:attachment":[{"href":"https:\/\/www.enerjigazetesi.ist\/en\/wp-json\/wp\/v2\/media?parent=68515"}],"wp:term":[{"taxonomy":"category","embeddable":true,"href":"https:\/\/www.enerjigazetesi.ist\/en\/wp-json\/wp\/v2\/categories?post=68515"},{"taxonomy":"post_tag","embeddable":true,"href":"https:\/\/www.enerjigazetesi.ist\/en\/wp-json\/wp\/v2\/tags?post=68515"}],"curies":[{"name":"wp","href":"https:\/\/api.w.org\/{rel}","templated":true}]}}