{"id":68509,"date":"2017-11-05T20:28:38","date_gmt":"2017-11-05T17:28:38","guid":{"rendered":"https:\/\/www.enerjigazetesi.ist\/?p=68509"},"modified":"2017-11-05T20:28:31","modified_gmt":"2017-11-05T17:28:31","slug":"ozbilginden-ticarethane-og-tarife-grubunda-yuzde-5-tasarruf-olanagi","status":"publish","type":"post","link":"https:\/\/www.enerjigazetesi.ist\/en\/ozbilginden-ticarethane-og-tarife-grubunda-yuzde-5-tasarruf-olanagi\/","title":{"rendered":"(Turkish) \u00d6zbilgin&#8217;den Ticarethane OG Tarife Grubunda Y\u00fczde 5 Tasarruf Olana\u011f\u0131!"},"content":{"rendered":"<p class=\"qtranxs-available-languages-message qtranxs-available-languages-message-en\">Sorry, this entry is only available in <a href=\"https:\/\/www.enerjigazetesi.ist\/tr\/wp-json\/wp\/v2\/posts\/68509\" class=\"qtranxs-available-language-link qtranxs-available-language-link-tr\" title=\"Turkish\">Turkish<\/a>. For the sake of viewer convenience, the content is shown below in the alternative language. You may click the link to switch the active language.<\/p><p><strong>2016 Y\u0131l\u0131 Temmuz ay\u0131 itibariyle baz\u0131 tarife de\u011fi\u015fiklikleri s\u00f6z konusu olmu\u015ftur. Bununla birlikte enerji iyi y\u00f6netildi\u011fi taktirde KDV dahil fatura tutar\u0131nda minimum %3 ile %5 aral\u0131\u011f\u0131nda tasarruf edilebilmesi m\u00fcmk\u00fcnd\u00fcr.<\/strong><\/p>\n<p>Bu tasarrufu sa\u011flamak i\u00e7in herhangi bir <span style=\"text-decoration: underline;\">bedel \u00f6demeniz kesinlikle gerekmiyor<\/span>. T\u00fcm i\u015flemleri sizlerin <img loading=\"lazy\" class=\"alignleft size-medium wp-image-68510\" src=\"https:\/\/www.enerjigazetesi.ist\/wp-content\/uploads\/2017\/10\/ticarethane-og-tarife-grubunda-tasarruf-olanagi-300x219.jpg\" alt=\"\" width=\"300\" height=\"219\" srcset=\"https:\/\/www.enerjigazetesi.ist\/wp-content\/uploads\/2017\/10\/ticarethane-og-tarife-grubunda-tasarruf-olanagi-300x219.jpg 300w, https:\/\/www.enerjigazetesi.ist\/wp-content\/uploads\/2017\/10\/ticarethane-og-tarife-grubunda-tasarruf-olanagi-500x365.jpg 500w, https:\/\/www.enerjigazetesi.ist\/wp-content\/uploads\/2017\/10\/ticarethane-og-tarife-grubunda-tasarruf-olanagi-68x50.jpg 68w, https:\/\/www.enerjigazetesi.ist\/wp-content\/uploads\/2017\/10\/ticarethane-og-tarife-grubunda-tasarruf-olanagi.jpg 600w\" sizes=\"(max-width: 300px) 100vw, 300px\" \/>ad\u0131n\u0131za <strong>\u00d6zbilgin M\u00fchendislik<\/strong> yapmakta ve minimum <strong>%3 tasarruf<\/strong> garantisi vermektedir. Firman\u0131n referans \u00e7al\u0131\u015fmalar\u0131na\u00a0<strong>K\u0130A\u015e- KUYUMCUKENT A.\u015e<\/strong>\u00a0\u00f6rnek verilmektedir. Hen\u00fcz ilk aylarda net %4,82 tasarruf sa\u011flatan \u00d6zbilgin, do\u011fru enerji y\u00f6netimi sayesinde \u00f6zellikle AVM, \u00d6zel Hastaneler, Oteller,Petrol \u0130stasyonlar\u0131nda y\u00fcksek oranlarda tasarruf sa\u011flatabilmektedir.<\/p>\n<p>Sizde enerji tasarrufu sa\u011flayabilmek i\u00e7in\u00a0<strong>\u00d6zbilgin Enerji Dan\u0131\u015fmanl\u0131k ve M\u00fchendislik San. Tic. Ltd.\u015eti<\/strong>\u00a0ile ileti\u015fime ge\u00e7ebilirsiniz.<\/p>\n<p><span style=\"text-decoration: underline;\">\u00d6zbilgin Taraf\u0131ndan Yap\u0131lacak \u00c7al\u0131\u015fmalar;<\/span><\/p>\n<p>&#8211;\u00a0<strong>Geriye d\u00f6n\u00fck 2 y\u0131ll\u0131k saatlik elektrik t\u00fcketimlerinin incelenmesi<\/strong><\/p>\n<p>&#8211;<strong> Elektrik \u00e7eki\u015flerinin saatlik olarak takip edilmesi<\/strong><\/p>\n<p>&#8211;\u00a0<strong>\u00c7eki\u015f miktar\u0131na g\u00f6re talep g\u00fcc\u00fcn optimize edilmesi<\/strong><\/p>\n<p>&#8211;\u00a0<strong>Talep g\u00fc\u00e7 miktar\u0131 ile \u00e7eki\u015f g\u00fcc\u00fc aras\u0131nda minimum risk pay\u0131n\u0131n bulundurulmas\u0131<\/strong><\/p>\n<p>&#8211;\u00a0<strong>Y\u0131l i\u00e7erisinde g\u00fc\u00e7 art\u0131r\u0131m\u0131 veya g\u00fc\u00e7 d\u00fc\u015f\u00fcm\u00fc ba\u015fvuru ve takibi<\/strong><\/p>\n<p>&#8211;\u00a0<strong>Talep g\u00fc\u00e7 ile \u00e7ekilen g\u00fc\u00e7 optimizasyonu sa\u011flamak ve bunun sonucunda \u0130\u015fverene mevcut durumuna g\u00f6re minimum %3 tasarruf sa\u011flanmas\u0131<\/strong><\/p>\n<p><em><strong>Bu \u00e7al\u0131\u015fman\u0131n aktif enerji bedeli, enerji tedarik\u00e7i vb. ile ilgisi olmay\u0131p tamamen da\u011f\u0131t\u0131m bedeli \u00fczerinden yap\u0131lan bir \u00e7al\u0131\u015fma olmaktad\u0131r. Hi\u00e7bir \u015fekilde enerji tedarik\u00e7inizi ilgilendiren\/etkileyen bir durum s\u00f6z konusu de\u011fildir.<\/strong>\u200b<\/em><\/p>\n<p><span style=\"color: #993300;\"><strong>Detayl\u0131 Bilgi \u0130\u00e7in&#8211;&gt;Yetkili: <\/strong><span style=\"color: #000000;\">Umut \u00d6ZB\u0130LG\u0130N &#8211; <span style=\"color: #993300;\"><strong>Gsm: <\/strong><span style=\"color: #000000;\">0532 336 20 55 &#8211;\u00a0<\/span><strong>Mail: <\/strong><a href=\"mailto:h.umut@ozbilgin.org\"><span style=\"color: #000000;\">h.<\/span><\/a><span style=\"color: #000000;\">umut@ozbilgin.org &#8211; <span style=\"color: #993300;\"><strong>Web:<\/strong><\/span>\u00a0<strong><a href=\"http:\/\/www.ozbilgin.org\/\">www.ozbilgin.org<\/a><\/strong><\/span><\/span><\/span><\/span><\/p>","protected":false},"excerpt":{"rendered":"<p>Sorry, this entry is only available in Turkish. For the sake of viewer convenience, the content is shown below in the alternative language. You may click the link to switch the active language.2016 Y\u0131l\u0131 Temmuz ay\u0131 itibariyle baz\u0131 tarife de\u011fi\u015fiklikleri s\u00f6z konusu olmu\u015ftur. Bununla birlikte enerji iyi y\u00f6netildi\u011fi taktirde KDV dahil fatura tutar\u0131nda minimum %3 [&hellip;]<\/p>\n","protected":false},"author":1,"featured_media":68510,"comment_status":"open","ping_status":"open","sticky":false,"template":"","format":"standard","meta":[],"categories":[51,53,52],"tags":[103,2390,154,35813],"views":1921,"_links":{"self":[{"href":"https:\/\/www.enerjigazetesi.ist\/en\/wp-json\/wp\/v2\/posts\/68509"}],"collection":[{"href":"https:\/\/www.enerjigazetesi.ist\/en\/wp-json\/wp\/v2\/posts"}],"about":[{"href":"https:\/\/www.enerjigazetesi.ist\/en\/wp-json\/wp\/v2\/types\/post"}],"author":[{"embeddable":true,"href":"https:\/\/www.enerjigazetesi.ist\/en\/wp-json\/wp\/v2\/users\/1"}],"replies":[{"embeddable":true,"href":"https:\/\/www.enerjigazetesi.ist\/en\/wp-json\/wp\/v2\/comments?post=68509"}],"version-history":[{"count":2,"href":"https:\/\/www.enerjigazetesi.ist\/en\/wp-json\/wp\/v2\/posts\/68509\/revisions"}],"predecessor-version":[{"id":68733,"href":"https:\/\/www.enerjigazetesi.ist\/en\/wp-json\/wp\/v2\/posts\/68509\/revisions\/68733"}],"wp:featuredmedia":[{"embeddable":true,"href":"https:\/\/www.enerjigazetesi.ist\/en\/wp-json\/wp\/v2\/media\/68510"}],"wp:attachment":[{"href":"https:\/\/www.enerjigazetesi.ist\/en\/wp-json\/wp\/v2\/media?parent=68509"}],"wp:term":[{"taxonomy":"category","embeddable":true,"href":"https:\/\/www.enerjigazetesi.ist\/en\/wp-json\/wp\/v2\/categories?post=68509"},{"taxonomy":"post_tag","embeddable":true,"href":"https:\/\/www.enerjigazetesi.ist\/en\/wp-json\/wp\/v2\/tags?post=68509"}],"curies":[{"name":"wp","href":"https:\/\/api.w.org\/{rel}","templated":true}]}}