{"id":68438,"date":"2017-10-16T12:15:23","date_gmt":"2017-10-16T09:15:23","guid":{"rendered":"https:\/\/www.enerjigazetesi.ist\/?p=68438"},"modified":"2017-10-16T12:16:28","modified_gmt":"2017-10-16T09:16:28","slug":"dogalgaz-turkiyenin-havasini-degistirdi-karbon-salinimi-yari-yariya-azaldi","status":"publish","type":"post","link":"https:\/\/www.enerjigazetesi.ist\/en\/dogalgaz-turkiyenin-havasini-degistirdi-karbon-salinimi-yari-yariya-azaldi\/","title":{"rendered":"(Turkish) Do\u011falgaz T\u00fcrkiye\u2019nin Havas\u0131n\u0131 De\u011fi\u015ftirdi, Karbon Sal\u0131n\u0131m\u0131 Yar\u0131 Yar\u0131ya Azald\u0131"},"content":{"rendered":"<p class=\"qtranxs-available-languages-message qtranxs-available-languages-message-en\">Sorry, this entry is only available in <a href=\"https:\/\/www.enerjigazetesi.ist\/tr\/wp-json\/wp\/v2\/posts\/68438\" class=\"qtranxs-available-language-link qtranxs-available-language-link-tr\" title=\"Turkish\">Turkish<\/a>. For the sake of viewer convenience, the content is shown below in the alternative language. You may click the link to switch the active language.<\/p><p><strong>En \u00e7evreci enerji kaynaklar\u0131ndan biri olan do\u011falgaz, T\u00fcrkiye\u2019nin havas\u0131n\u0131 de\u011fi\u015ftirdi. Do\u011falgaz abone say\u0131s\u0131 13 milyona yakla\u015fan T\u00fcrkiye\u2019de karbon sal\u0131n\u0131m\u0131 yar\u0131 yar\u0131ya azald\u0131.<\/strong><\/p>\n<p>2-3 Kas\u0131m\u2019da Hali\u00e7 Kongre Merkezi\u2019nde d\u00fcnya do\u011falgaz sekt\u00f6r\u00fcn\u00fcn devlerini a\u011f\u0131rlamaya haz\u0131rlanan \u0130GDA\u015e\u2019\u0131n dev organizasyonu 7. Uluslararas\u0131 Do\u011falgaz Kongre ve Fuar\u0131 (INGAS 2017) \u00f6ncesinde sorular\u0131 yan\u0131tlayan T\u00fcrkiye Do\u011falgaz Da\u011f\u0131t\u0131c\u0131lar\u0131 Birli\u011fi Derne\u011fi (GAZB\u0130R) Ba\u015fkan\u0131 Ya\u015far Arslan, 13 milyon abone say\u0131s\u0131na ula\u015fan do\u011falgaz sayesinde T\u00fcrkiye\u2019de karbon sal\u0131n\u0131m\u0131n\u0131n yar\u0131 yar\u0131ya azald\u0131\u011f\u0131n\u0131 vurgulad\u0131.<\/p>\n<p><strong>\u201cKARBON SALINIMI 58 M\u0130LYAR K\u0130LOGRAMA D\u00dc\u015eT\u00dc\u201d<\/strong><\/p>\n<p><img loading=\"lazy\" class=\"alignleft wp-image-68439 size-medium\" src=\"https:\/\/www.enerjigazetesi.ist\/wp-content\/uploads\/2017\/10\/dogalgaz-turkiyenin-havasini-degistirdi-karbon-salinimi-yari-yariya-azaldi-300x131.jpg\" alt=\"\" width=\"300\" height=\"131\" srcset=\"https:\/\/www.enerjigazetesi.ist\/wp-content\/uploads\/2017\/10\/dogalgaz-turkiyenin-havasini-degistirdi-karbon-salinimi-yari-yariya-azaldi-300x131.jpg 300w, https:\/\/www.enerjigazetesi.ist\/wp-content\/uploads\/2017\/10\/dogalgaz-turkiyenin-havasini-degistirdi-karbon-salinimi-yari-yariya-azaldi-500x218.jpg 500w, https:\/\/www.enerjigazetesi.ist\/wp-content\/uploads\/2017\/10\/dogalgaz-turkiyenin-havasini-degistirdi-karbon-salinimi-yari-yariya-azaldi-80x35.jpg 80w, https:\/\/www.enerjigazetesi.ist\/wp-content\/uploads\/2017\/10\/dogalgaz-turkiyenin-havasini-degistirdi-karbon-salinimi-yari-yariya-azaldi.jpg 625w\" sizes=\"(max-width: 300px) 100vw, 300px\" \/><\/p>\n<p>Do\u011falgaz\u0131n di\u011fer fosil yak\u0131tlara g\u00f6re olduk\u00e7a \u00e7evreci oldu\u011funu dile getiren GAZB\u0130R Ba\u015fkan\u0131 Ya\u015far Arslan, \u201cDo\u011falgaz\u0131n bug\u00fcnk\u00fc kullan\u0131m oran\u0131yla T\u00fcrkiye genelinde karbon sal\u0131n\u0131m\u0131n\u0131 yakla\u015f\u0131k y\u00fczde 40 azaltt\u0131\u011f\u0131n\u0131 ve do\u011falgaz kullanan \u015fehirlerde hava kirlili\u011finin hem \u00f6l\u00e7\u00fclebilir hem de hissedilir d\u00fczeyde azald\u0131\u011f\u0131n\u0131 s\u00f6yleyebiliriz. 2016 y\u0131l\u0131nda do\u011falgaz kullan\u0131lan evlerde k\u00f6m\u00fcr kullan\u0131lm\u0131\u015f olsayd\u0131; 27,4 milyar kg daha fazla karbon sal\u0131m\u0131 ger\u00e7ekle\u015fecekti ve y\u0131ll\u0131k 41,3 milyar kg\u2019l\u0131k toplam sal\u0131m 68,7 milyar kg\u2019a \u00e7\u0131kacakt\u0131. Sanayide ve elektrik \u00fcretiminde ise k\u00f6m\u00fcr yerine do\u011falgaz kullan\u0131lmas\u0131yla, karbon sal\u0131n\u0131m\u0131 58 milyar kg, yani yar\u0131 yar\u0131ya azald\u0131\u201d dedi.<\/p>\n<p><strong>\u201cKENT N\u00dcFUSUNUN Y\u00dcZDE 85\u2019\u0130 DO\u011eALGAZA ER\u0130\u015eT\u0130\u201d<\/strong><\/p>\n<p>Do\u011falgaz da\u011f\u0131t\u0131m \u015firketlerinin abone say\u0131s\u0131n\u0131n 12,8 milyona ula\u015ft\u0131\u011f\u0131n\u0131 belirten Arslan, \u201cBunun yan\u0131nda, do\u011falgaz da\u011f\u0131t\u0131m \u015firketlerimizin geni\u015fleme yat\u0131r\u0131mlar\u0131 da h\u0131zla devam ediyor. Yap\u0131lan yat\u0131r\u0131mlarla her y\u0131l 1 milyon yeni abone do\u011fal gaz konforuna kavu\u015fuyor. 222 yeni il\u00e7eye do\u011falgaz ula\u015ft\u0131r\u0131lmas\u0131 projesi kapsam\u0131nda \u00f6n\u00fcm\u00fczdeki 3 y\u0131lda yakla\u015f\u0131k 4 milyar TL\u2019lik bir \u015febeke yat\u0131r\u0131m\u0131 ger\u00e7ekle\u015ftirece\u011fiz. 2017 y\u0131l\u0131nda yakla\u015f\u0131k 100 il\u00e7e daha do\u011falgaza kavu\u015facak. Do\u011falgaz\u0131n konutlarda t\u00fcketimi de buna ba\u011fl\u0131 olarak art\u0131\u015f g\u00f6sterecek. \u00dclkemizde n\u00fcfusun y\u00fczde 77\u2019si kentlerde ya\u015f\u0131yor. Kentlerde ya\u015fayan n\u00fcfusun y\u00fczde 85\u2019ine do\u011falgaz alt yap\u0131 yat\u0131r\u0131mlar\u0131 ula\u015ft\u0131r\u0131lm\u0131\u015f durumda. Toplam n\u00fcfusumuza g\u00f6re y\u00fczde 55, kentlerde ya\u015fayan n\u00fcfusumuza g\u00f6re ise vatanda\u015flar\u0131m\u0131z\u0131n y\u00fczde 68\u2019ine denk gelen 43 milyon ki\u015fi do\u011falgaza eri\u015fmi\u015f durumda\u201d diye konu\u015ftu.<\/p>\n<p><strong>\u201cEPDK D\u00dcZENLEMELER\u0130NE I\u015eIK TUTACAK\u201d<\/strong><\/p>\n<p>INGAS 2017\u2019nin bu y\u0131l \u2018Do\u011falgaz\u0131n Gelece\u011fine K\u00f6pr\u00fc\u2019 temas\u0131yla de\u011fi\u015fime odakland\u0131\u011f\u0131n\u0131 ifade eden Arslan, \u201cGAZB\u0130R olarak 2005 y\u0131l\u0131ndan beri bu organizasyonun hem destek\u00e7isi olduk hem de y\u00fcr\u00fct\u00fclmesine katk\u0131 sa\u011flad\u0131k. Sekt\u00f6r\u00fcn geni\u015f kat\u0131l\u0131m\u0131yla ger\u00e7ekle\u015ftirilecek INGAS 2017, do\u011falgaz profesyonellerini bir araya getirmesi, yeni teknolojilerin takip edilmesi ve i\u015f birli\u011fi f\u0131rsatlar\u0131 yaratmas\u0131 a\u00e7\u0131s\u0131ndan b\u00fcy\u00fck \u00f6nem ta\u015f\u0131yor. GAZB\u0130R olarak, bu y\u0131lki kongrenin y\u00fcr\u00fct\u00fclmesinde olduk\u00e7a etkin bir \u015fekilde \u00e7al\u0131\u015f\u0131yoruz. \u00d6zellikle EPDK ile birlikte \u00e7al\u0131\u015fmalar\u0131n\u0131 y\u00fcr\u00fctt\u00fc\u011f\u00fcm\u00fcz \u201cDo\u011falgaz Piyasas\u0131nda \u0130\u015fletmecilik Standartlar\u0131n\u0131n Olu\u015fturulmas\u0131\u201d projemizi bu kongreye ta\u015f\u0131yoruz. Yap\u0131lacak \u00f6zel bir oturumda ger\u00e7ekle\u015ftirilen \u00e7al\u0131\u015fmalar, EPDK ve GAZB\u0130R \u00c7al\u0131\u015fma Komisyonu \u00fcyeleri taraf\u0131ndan sunulacak. Burada ortaya \u00e7\u0131kacak sonu\u00e7lar \u00f6n\u00fcm\u00fczdeki d\u00f6nemde EPDK taraf\u0131ndan yap\u0131lacak d\u00fczenlemelere \u0131\u015f\u0131k tutacak\u201d dedi.<\/p>\n<p><strong>INGAS 2017\u2019YE K\u0130MLER KATILACAK?<\/strong><\/p>\n<p>INGAS 2017\u2019ye \u00dcrd\u00fcn, Suudi Arabistan, Umman, \u0130ran, Irak, Rusya, \u00c7in, Azerbaycan, Kazakistan, K\u0131rg\u0131zistan, G\u00fcrcistan, Kuveyt, Birle\u015fik Arap Emirlikleri, Cezayir, Fas, Nijerya, \u0130ngiltere, A.B.D., Almanya, \u0130talya ve Hindistan\u2019\u0131n aralar\u0131nda bulundu\u011fu yirmi farkl\u0131 \u00fclkeden kat\u0131l\u0131m bekleniyor.<\/p>\n<p>Enerji ve Tabii Kaynaklar Bakan\u0131 Say\u0131n Berat Albayrak\u2019\u0131n da kat\u0131l\u0131m\u0131n\u0131n beklendi\u011fi INGAS 2017\u2019nin kongre aya\u011f\u0131na ise g\u00f6r\u00fc\u015f ve d\u00fc\u015f\u00fcnceleriyle sekt\u00f6re k\u00fcresel \u00f6l\u00e7ekte y\u00f6n veren konu\u015fmac\u0131lar damga vuracak.<\/p>\n<p>Konu\u015fmac\u0131lar aras\u0131nda \u00f6ne \u00e7\u0131kan isimler \u015f\u00f6yle:<\/p>\n<p>&#8211; Bosna Hersek D\u0131\u015f Ticaret ve Ekonomik \u0130li\u015fkiler Bakan\u0131 Mirko Sarovi\u00e7,<\/p>\n<p>&#8211; \u00dcrd\u00fcn Enerji ve Do\u011fal Kaynaklar Bakanl\u0131\u011f\u0131 Genel Sekreteri Amani Al Azzam,<\/p>\n<p>&#8211; Uluslararas\u0131 Gaz Birli\u011fi Ba\u015fkan\u0131 David Carrol,<\/p>\n<p>&#8211; \u00dcrd\u00fcn Ulusal Elektrik \u015eirketi Genel Sekreteri Ahmad Al-Zubi,<\/p>\n<p>&#8211; SVB Uluslararas\u0131 Enerji Ba\u015fkan\u0131 Sara Vakhshouri,<\/p>\n<p>&#8211; Avrupa Gaz Ara\u015ft\u0131rmalar\u0131 Merkezi Ba\u015fkan\u0131 Isabella Moretti,<\/p>\n<p>&#8211; Indrapastha Gas Limited (IGL) \u00d6l\u00e7\u00fcm \u0130\u015fleri Ba\u015fkan\u0131 Sushil Kumar,<\/p>\n<p>&#8211; EWE Turkey Holding Genel M\u00fcd\u00fcr\u00fc ve Y\u00f6n. Kur. \u00dcyesi Dr. Frank Quante<\/p>\n<p>&#8211; Azerbaycan Stratejik Ara\u015ft\u0131rma Merkezi Ara\u015ft\u0131rma G\u00f6revlisi Gulmira Rzayeva<\/p>\n<p>&#8211; E.ON Metering Y\u00f6netici Direkt\u00f6r Werner Webing<\/p>\n<p>Ayr\u0131ca INGAS 2017\u2019nin kongre aya\u011f\u0131nda T\u00fcrkiye\u2019den sekt\u00f6r\u00fcn \u00f6nemli isimleri EPDK Ba\u015fkan\u0131 Mustafa Y\u0131lmaz, Do\u011fal Gaz Cihazlar\u0131 Sanayicileri ve \u0130\u015f Adamlar\u0131 Derne\u011fi (DOS\u0130DER) Ba\u015fkan\u0131 \u00d6mer Cihad Vardan ve GAZB\u0130R Y\u00f6netim Kurulu Ba\u015fkan\u0131 Ya\u015far Arslan konu\u015fmac\u0131 olarak yer alacak.<\/p>","protected":false},"excerpt":{"rendered":"<p>Sorry, this entry is only available in Turkish. For the sake of viewer convenience, the content is shown below in the alternative language. You may click the link to switch the active language.En \u00e7evreci enerji kaynaklar\u0131ndan biri olan do\u011falgaz, T\u00fcrkiye\u2019nin havas\u0131n\u0131 de\u011fi\u015ftirdi. Do\u011falgaz abone say\u0131s\u0131 13 milyona yakla\u015fan T\u00fcrkiye\u2019de karbon sal\u0131n\u0131m\u0131 yar\u0131 yar\u0131ya azald\u0131. 2-3 [&hellip;]<\/p>\n","protected":false},"author":1,"featured_media":68439,"comment_status":"open","ping_status":"open","sticky":false,"template":"","format":"standard","meta":[],"categories":[46,53],"tags":[35231,226,1128,19761,2677,23219,67,1009,6466,1690,34161,6465,7510],"views":1062,"_links":{"self":[{"href":"https:\/\/www.enerjigazetesi.ist\/en\/wp-json\/wp\/v2\/posts\/68438"}],"collection":[{"href":"https:\/\/www.enerjigazetesi.ist\/en\/wp-json\/wp\/v2\/posts"}],"about":[{"href":"https:\/\/www.enerjigazetesi.ist\/en\/wp-json\/wp\/v2\/types\/post"}],"author":[{"embeddable":true,"href":"https:\/\/www.enerjigazetesi.ist\/en\/wp-json\/wp\/v2\/users\/1"}],"replies":[{"embeddable":true,"href":"https:\/\/www.enerjigazetesi.ist\/en\/wp-json\/wp\/v2\/comments?post=68438"}],"version-history":[{"count":2,"href":"https:\/\/www.enerjigazetesi.ist\/en\/wp-json\/wp\/v2\/posts\/68438\/revisions"}],"predecessor-version":[{"id":68441,"href":"https:\/\/www.enerjigazetesi.ist\/en\/wp-json\/wp\/v2\/posts\/68438\/revisions\/68441"}],"wp:featuredmedia":[{"embeddable":true,"href":"https:\/\/www.enerjigazetesi.ist\/en\/wp-json\/wp\/v2\/media\/68439"}],"wp:attachment":[{"href":"https:\/\/www.enerjigazetesi.ist\/en\/wp-json\/wp\/v2\/media?parent=68438"}],"wp:term":[{"taxonomy":"category","embeddable":true,"href":"https:\/\/www.enerjigazetesi.ist\/en\/wp-json\/wp\/v2\/categories?post=68438"},{"taxonomy":"post_tag","embeddable":true,"href":"https:\/\/www.enerjigazetesi.ist\/en\/wp-json\/wp\/v2\/tags?post=68438"}],"curies":[{"name":"wp","href":"https:\/\/api.w.org\/{rel}","templated":true}]}}