{"id":68409,"date":"2017-10-15T20:17:22","date_gmt":"2017-10-15T17:17:22","guid":{"rendered":"https:\/\/www.enerjigazetesi.ist\/?p=68409"},"modified":"2017-10-15T20:18:14","modified_gmt":"2017-10-15T17:18:14","slug":"greenpeace-aktivistleri-bir-nukleer-santrale-girip-havai-fisek-firlatti","status":"publish","type":"post","link":"https:\/\/www.enerjigazetesi.ist\/en\/greenpeace-aktivistleri-bir-nukleer-santrale-girip-havai-fisek-firlatti\/","title":{"rendered":"(Turkish) Greenpeace Aktivistleri Bir N\u00fckleer Santrale Girip Havai Fi\u015fek F\u0131rlatt\u0131"},"content":{"rendered":"<p class=\"qtranxs-available-languages-message qtranxs-available-languages-message-en\">Sorry, this entry is only available in <a href=\"https:\/\/www.enerjigazetesi.ist\/tr\/wp-json\/wp\/v2\/posts\/68409\" class=\"qtranxs-available-language-link qtranxs-available-language-link-tr\" title=\"Turkish\">Turkish<\/a>. For the sake of viewer convenience, the content is shown below in the alternative language. You may click the link to switch the active language.<\/p><p><strong>\u00c7evreci sivil toplum kurulu\u015fu Greenpeace aktivistleri taraf\u0131ndan Fransa\u2019daki n\u00fckleer santrallerin g\u00fcvenlik zafiyetlerine dikkati \u00e7ekmeye y\u00f6nelik girilen bir santralde havai fi\u015fek f\u0131rlat\u0131ld\u0131.<\/strong><\/p>\n<p><img loading=\"lazy\" class=\"alignleft wp-image-68410 size-medium\" src=\"https:\/\/www.enerjigazetesi.ist\/wp-content\/uploads\/2017\/10\/greenpeace-aktivistleri-bir-nukleer-santrale-girip-havai-fisek-firlatti-300x181.jpg\" alt=\"\" width=\"300\" height=\"181\" srcset=\"https:\/\/www.enerjigazetesi.ist\/wp-content\/uploads\/2017\/10\/greenpeace-aktivistleri-bir-nukleer-santrale-girip-havai-fisek-firlatti-300x181.jpg 300w, https:\/\/www.enerjigazetesi.ist\/wp-content\/uploads\/2017\/10\/greenpeace-aktivistleri-bir-nukleer-santrale-girip-havai-fisek-firlatti-500x301.jpg 500w, https:\/\/www.enerjigazetesi.ist\/wp-content\/uploads\/2017\/10\/greenpeace-aktivistleri-bir-nukleer-santrale-girip-havai-fisek-firlatti-80x48.jpg 80w, https:\/\/www.enerjigazetesi.ist\/wp-content\/uploads\/2017\/10\/greenpeace-aktivistleri-bir-nukleer-santrale-girip-havai-fisek-firlatti.jpg 696w\" sizes=\"(max-width: 300px) 100vw, 300px\" \/><\/p>\n<p>Greenpeace, Fransa\u2019n\u0131n L\u00fcksemburg s\u0131n\u0131r\u0131ndaki Cattenom N\u00fckleer Santrali\u2019nin g\u00fcvenlik duvarlar\u0131n\u0131 a\u015fan aktivistlerinin, \u00fclkedeki santrallerin g\u00fcvenlik zafiyetine dikkati \u00e7ekmek i\u00e7in yapt\u0131klar\u0131 eylemle ilgili video g\u00f6r\u00fcnt\u00fclerini yay\u0131mlad\u0131.<\/p>\n<p>Greenpeace taraf\u0131ndan n\u00fckleer uzmanlara haz\u0131rlat\u0131lan ve 2 g\u00fcn \u00f6nce kamuoyuna duyurulan raporda, \u00e7o\u011funluk hissesi Frans\u0131z devletine ait elektrik \u00fcretim ve da\u011f\u0131t\u0131m \u015firketi EDF\u2019in n\u00fckleer santralleri mercek alt\u0131na al\u0131nm\u0131\u015ft\u0131. Raporda, EDF\u2019in i\u015fletti\u011fi 58 reakt\u00f6rde konuyu dikkate almas\u0131 ve g\u00fcvenli\u011fi art\u0131rmas\u0131 gerekti\u011fi bildirilmi\u015fti.<\/p>","protected":false},"excerpt":{"rendered":"<p>Sorry, this entry is only available in Turkish. For the sake of viewer convenience, the content is shown below in the alternative language. You may click the link to switch the active language.\u00c7evreci sivil toplum kurulu\u015fu Greenpeace aktivistleri taraf\u0131ndan Fransa\u2019daki n\u00fckleer santrallerin g\u00fcvenlik zafiyetlerine dikkati \u00e7ekmeye y\u00f6nelik girilen bir santralde havai fi\u015fek f\u0131rlat\u0131ld\u0131. Greenpeace, Fransa\u2019n\u0131n [&hellip;]<\/p>\n","protected":false},"author":1,"featured_media":68410,"comment_status":"open","ping_status":"open","sticky":false,"template":"","format":"standard","meta":[],"categories":[53,43],"tags":[35778,35779,3701,68,67,1009,1346,1401,23134,25480,88,34930],"views":1071,"_links":{"self":[{"href":"https:\/\/www.enerjigazetesi.ist\/en\/wp-json\/wp\/v2\/posts\/68409"}],"collection":[{"href":"https:\/\/www.enerjigazetesi.ist\/en\/wp-json\/wp\/v2\/posts"}],"about":[{"href":"https:\/\/www.enerjigazetesi.ist\/en\/wp-json\/wp\/v2\/types\/post"}],"author":[{"embeddable":true,"href":"https:\/\/www.enerjigazetesi.ist\/en\/wp-json\/wp\/v2\/users\/1"}],"replies":[{"embeddable":true,"href":"https:\/\/www.enerjigazetesi.ist\/en\/wp-json\/wp\/v2\/comments?post=68409"}],"version-history":[{"count":2,"href":"https:\/\/www.enerjigazetesi.ist\/en\/wp-json\/wp\/v2\/posts\/68409\/revisions"}],"predecessor-version":[{"id":68412,"href":"https:\/\/www.enerjigazetesi.ist\/en\/wp-json\/wp\/v2\/posts\/68409\/revisions\/68412"}],"wp:featuredmedia":[{"embeddable":true,"href":"https:\/\/www.enerjigazetesi.ist\/en\/wp-json\/wp\/v2\/media\/68410"}],"wp:attachment":[{"href":"https:\/\/www.enerjigazetesi.ist\/en\/wp-json\/wp\/v2\/media?parent=68409"}],"wp:term":[{"taxonomy":"category","embeddable":true,"href":"https:\/\/www.enerjigazetesi.ist\/en\/wp-json\/wp\/v2\/categories?post=68409"},{"taxonomy":"post_tag","embeddable":true,"href":"https:\/\/www.enerjigazetesi.ist\/en\/wp-json\/wp\/v2\/tags?post=68409"}],"curies":[{"name":"wp","href":"https:\/\/api.w.org\/{rel}","templated":true}]}}