{"id":68375,"date":"2017-10-14T14:09:58","date_gmt":"2017-10-14T11:09:58","guid":{"rendered":"https:\/\/www.enerjigazetesi.ist\/?p=68375"},"modified":"2017-10-14T14:09:58","modified_gmt":"2017-10-14T11:09:58","slug":"uluslararasi-enerji-ve-iklim-forumu-dunya-devlerini-istanbulda-agirladi","status":"publish","type":"post","link":"https:\/\/www.enerjigazetesi.ist\/en\/uluslararasi-enerji-ve-iklim-forumu-dunya-devlerini-istanbulda-agirladi\/","title":{"rendered":"(Turkish) Uluslararas\u0131 Enerji ve \u0130klim Forumu D\u00fcnya Devlerini \u0130stanbul&#8217;da A\u011f\u0131rlad\u0131"},"content":{"rendered":"<p class=\"qtranxs-available-languages-message qtranxs-available-languages-message-en\">Sorry, this entry is only available in <a href=\"https:\/\/www.enerjigazetesi.ist\/tr\/wp-json\/wp\/v2\/posts\/68375\" class=\"qtranxs-available-language-link qtranxs-available-language-link-tr\" title=\"Turkish\">Turkish<\/a>. For the sake of viewer convenience, the content is shown below in the alternative language. You may click the link to switch the active language.<\/p><p><strong>Sabanc\u0131 \u00dcniversitesi \u0130stanbul Uluslararas\u0131 Enerji ve \u0130klim Merkezi\u2019nin (IICEC) d\u00fczenledi\u011fi IICEC Uluslararas\u0131 Enerji ve \u0130klim Forumu\u2019nun 8\u2019incisi \u201cGlobal Enerji Yat\u0131r\u0131mlar\u0131: S\u0131rada Ne Var?\u201d temas\u0131yla d\u00fcn ger\u00e7ekle\u015ftirildi.<\/strong><\/p>\n<p>Forum kapsam\u0131nda d\u00fczenlenen iki ayr\u0131 panelde \u201cGlobal Enerji Politikalar\u0131\u201d ve \u201cEnerjinin Teknolojik Gelece\u011fi\u201d masaya yat\u0131r\u0131ld\u0131. \u201cGlobal Enerji Politikalar\u0131\u201d paneli AB B\u00fcy\u00fckel\u00e7isi Christian Berger, Columbia <img loading=\"lazy\" class=\"alignright wp-image-68376 size-medium\" src=\"https:\/\/www.enerjigazetesi.ist\/wp-content\/uploads\/2017\/10\/uluslararasi-enerji-ve-iklim-forumu-dunya-devlerini-istanbulda-agirladi-300x200.jpg\" alt=\"\" width=\"300\" height=\"200\" srcset=\"https:\/\/www.enerjigazetesi.ist\/wp-content\/uploads\/2017\/10\/uluslararasi-enerji-ve-iklim-forumu-dunya-devlerini-istanbulda-agirladi-300x200.jpg 300w, https:\/\/www.enerjigazetesi.ist\/wp-content\/uploads\/2017\/10\/uluslararasi-enerji-ve-iklim-forumu-dunya-devlerini-istanbulda-agirladi-768x513.jpg 768w, https:\/\/www.enerjigazetesi.ist\/wp-content\/uploads\/2017\/10\/uluslararasi-enerji-ve-iklim-forumu-dunya-devlerini-istanbulda-agirladi-500x334.jpg 500w, https:\/\/www.enerjigazetesi.ist\/wp-content\/uploads\/2017\/10\/uluslararasi-enerji-ve-iklim-forumu-dunya-devlerini-istanbulda-agirladi-75x50.jpg 75w, https:\/\/www.enerjigazetesi.ist\/wp-content\/uploads\/2017\/10\/uluslararasi-enerji-ve-iklim-forumu-dunya-devlerini-istanbulda-agirladi.jpg 920w\" sizes=\"(max-width: 300px) 100vw, 300px\" \/>\u00dcniversitesi Global Enerji Politikalar\u0131 Merkezi Kurucu Direkt\u00f6r\u00fc Prof. Jason Bordoff, Total \u0130klim ve Stratejiden Sorumlu Ba\u015fkan Yard\u0131mc\u0131s\u0131 Ladislas Paszkiewicz, BP B\u00f6lgeler Ba\u015fkan Yard\u0131mc\u0131s\u0131 ve Alternatif Enerji CEO\u2019su Dev Sanyal ve Rusya Ekonomi Y\u00fcksekokulu Enerji Enstit\u00fcs\u00fc Ba\u015fkan\u0131 Dr. Vitaliy Yermakov\u2019un kat\u0131l\u0131m\u0131yla ger\u00e7ekle\u015ftirildi. Uluslararas\u0131 Enerji Ajans\u0131 (IEA) Ba\u015fkan\u0131 (IICEC) Onursal Ba\u015fkan\u0131 Dr. Fatih Birol moderat\u00f6rl\u00fc\u011f\u00fcnde ger\u00e7ekle\u015fen ilk panelde, enerjinin global \u00f6l\u00e7ekteki d\u00f6n\u00fc\u015f\u00fcm\u00fc ele al\u0131nd\u0131.<\/p>\n<p>Panele kat\u0131lan Avrupa Birli\u011fi T\u00fcrkiye B\u00fcy\u00fckel\u00e7isi Christian Berger, AB i\u00e7in enerji g\u00fcvenli\u011finin ve s\u00fcrd\u00fcr\u00fclebilir enerji arz\u0131n\u0131n \u00f6ncelikli hedefler aras\u0131nda oldu\u011funu belirti ve yenilenebilir enerji kaynaklar\u0131n\u0131n \u00f6nemine ve fosil yak\u0131t kullan\u0131m\u0131n\u0131n da azalt\u0131lmas\u0131 gere\u011fine vurgu yapt\u0131. Berger, ayr\u0131ca sera gaz\u0131 emisyonu azalt\u0131m\u0131 hedeflerine 2020\u2019de ula\u015facaklar\u0131n\u0131n da alt\u0131n\u0131 \u00e7izdi. 2005\u2019te y\u00fczde 8 civar\u0131nda paya sahip olan yenilenebilir enerjinin pay\u0131n\u0131n 2030\u2019da y\u00fczde 27\u2019ye ula\u015faca\u011f\u0131n\u0131 s\u00f6yledi.<\/p>\n<p>Panelde konu\u015fan Columbia \u00dcniversitesi Global Enerji Politikalar\u0131 Merkezi Kurucu Direkt\u00f6r\u00fc Jason Bordoff ise enerji piyasas\u0131n\u0131n, gelecek 10 y\u0131l i\u00e7inde b\u00fcy\u00fck de\u011fi\u015fikliklere gebe oldu\u011funu belirtti. Enerjide reg\u00fclasyonun kolay bir s\u00fcre\u00e7 olmad\u0131\u011f\u0131n\u0131 s\u00f6yleyen Bordoff, k\u00f6m\u00fcr\u00fcn yap\u0131sal bir ini\u015fe ge\u00e7ti\u011fini, yak\u0131t ekonomisi standartlar\u0131n\u0131n d\u00fc\u015fmesi ve k\u00f6m\u00fcre verilecek s\u00fcbvansiyon gibi konular\u0131n da \u00f6nem kazand\u0131\u011f\u0131n\u0131 belirtti. TOTAL\u2019in \u0130lkim ve Stratejiden Sorumlu K\u0131demli Ba\u015fkan Yard\u0131mc\u0131s\u0131 Ladislas Paszkiewicz de, \u201cTOTAL\u2019in \u00f6ncelikli amac\u0131 uygun fiyatl\u0131, s\u00fcrd\u00fcr\u00fclebilir, temiz enerjiyi m\u00fcmk\u00fcn oldu\u011fu kadar \u00e7ok insana ula\u015ft\u0131rabilmek\u201d dedi.<\/p>\n<p><strong>TEKNOLOJ\u0130, G\u00dcNE\u015e ENERJ\u0130S\u0130N\u0130N MAL\u0130YET\u0130N\u0130 D\u00dc\u015e\u00dcR\u00dcYOR<\/strong><\/p>\n<p>Panele kat\u0131lan BP B\u00f6lgeler Ba\u015fkan Yard\u0131mc\u0131s\u0131 ve Alternatif Enerjiler CEO\u2019su Dev Sanyal ise konu\u015fmas\u0131nda enerjinin bug\u00fcn de ekonomik refah\u0131n \u00f6nemli par\u00e7alar\u0131ndan biri olmaya devam etti\u011fini vurgulad\u0131. Enerji g\u00fcvenli\u011fi ve uygun fiyatlar\u0131n yan\u0131 s\u0131ra, s\u00fcrd\u00fcr\u00fclebilirli\u011fin de \u00f6nemli oldu\u011funu belirten Sanyal, 2050\u2019ye gelindi\u011finde, d\u00fcnya n\u00fcfusunun y\u00fczde 70\u2019inin kentsel alanlarda ya\u015fayaca\u011f\u0131n\u0131 tahmin ettiklerini s\u00f6yledi. Sanyal, ge\u00e7ti\u011fimiz 40 y\u0131l i\u00e7inde g\u00fcne\u015f enerjisinin maliyetindeki d\u00fc\u015f\u00fc\u015f\u00fcn %99 teknoloji kaynakl\u0131 oldu\u011funu belirtti.<\/p>\n<p>Rusya Ekonomi Y\u00fcksekokulu Enerji Enstit\u00fcs\u00fc Ba\u015fkan\u0131 Dr. Vitaliy Yermakov da, Rusya\u2019n\u0131n do\u011falgaz rezervlerinin, \u00fcretiminin ve ihracat\u0131n\u0131n olduk\u00e7a ciddi boyutlarda oldu\u011funu belirtti. Do\u011falgaz gelirlerinin federal b\u00fct\u00e7enin \u00f6nemli bir par\u00e7as\u0131 oldu\u011funu ifade eden Yermakov, Rusya\u2019n\u0131n do\u011falgaz ve petrol fiyatlar\u0131ndan dolay\u0131 hidrokarbonlara ba\u011f\u0131ml\u0131l\u0131\u011f\u0131n\u0131 azaltma y\u00f6n\u00fcnde ad\u0131mlar atmaya ba\u015flad\u0131\u011f\u0131n\u0131 s\u00f6yledi. Amerika\u2019n\u0131n yapt\u0131r\u0131mlar\u0131ndan negatif etkilendiklerine de\u011finen Yermakov, bu yapt\u0131r\u0131mlar\u0131n sonucu olarak Asya \u00fclkelerine odakland\u0131klar\u0131n\u0131; Hindistan ve \u00c7in ile yap\u0131lan anla\u015fmalar\u0131n \u00f6rnek te\u015fkil etti\u011fini s\u00f6yledi.<\/p>\n<p><strong>ENERJ\u0130N\u0130N TEKNOLOJ\u0130K GELECE\u011e\u0130<\/strong><\/p>\n<p>Sabanc\u0131 \u00dcniversitesi IICEC Direkt\u00f6r\u00fc Prof. Carmine Difiglio\u2019nun moderat\u00f6rl\u00fc\u011f\u00fcnde ger\u00e7ekle\u015fen \u201cEnerjinin Teknolojik Gelece\u011fi\u201d konulu panele ise Irak Enstit\u00fcs\u00fc \u0130cra Direkt\u00f6r\u00fc Luay Al-Khatteeb, Enerjiden Sorumlu BM (UNIDO) Direkt\u00f6r\u00fc Dr. Tareq Emtairah, \u0130skandinav Enerji Ara\u015ft\u0131rma CEO\u2019su Hans Jorgen Koch, ACWA Power Ba\u015fkan ve CEO\u2019su Paddy Padmanathan ve Uluslararas\u0131 Uygulama Sistemleri Analizi Enstit\u00fcs\u00fc (IIASA) K\u0131demli Bilim \u0130nsan\u0131 Dr. Hans-Holger Rogner kat\u0131ld\u0131.<\/p>\n<p>Irak Enstit\u00fcs\u00fc \u0130cra Direkt\u00f6r\u00fc Luay Al-Khatteeb<strong>, <\/strong>konu\u015fmas\u0131nda petrol talebi uzun vadeli gelecekte var olmaya devam edece\u011fini, enerji sekt\u00f6r\u00fcndeki \u00e7e\u015fitlili\u011fin \u00f6nemli oldu\u011funu s\u00f6yledi. ABD\u2019nin \u00fcretim konusunda bu denli \u00f6nemli bir rol sahibi olmas\u0131n\u0131 teknolojik geli\u015fimlere ve yenilenebilir kaynaklara ba\u011flad\u0131.<br \/>\nEnerjiden Sorumlu BM (UNIDO) Direkt\u00f6r\u00fc Dr. Tareq Emtairah, end\u00fcstriyel kalk\u0131nma i\u00e7in enerjinin \u00f6neminin alt\u0131n\u0131 \u00e7izerek, az geli\u015fmi\u015f \u00fclkelerde g\u00fcvenilir temiz enerjinin kalk\u0131nman\u0131n temelini olu\u015fturdu\u011funu s\u00f6yledi. Tar\u0131m end\u00fcstrisinde \u00e7ok b\u00fcy\u00fck enerji ihtiyac\u0131 oldu\u011funu vurgulayan Emtairah, \u201cEkonomik sebeplerden sekt\u00f6r baz\u0131 riskleri almak istemiyor. Biz kalk\u0131nma kurulu\u015fu olarak bu piyasalara ula\u015f\u0131yor ve teknolojinin belli bir ba\u011flam i\u00e7inde anlam kazanmas\u0131n\u0131 sa\u011fl\u0131yoruz\u201d dedi.<\/p>\n<p>\u0130skandinav Enerji Ara\u015ft\u0131rma CEO\u2019su Hans Jorgen Koch, so\u011fuk iklime sahip Nordik \u00fclkelerinin verimlilik kapsam\u0131ndaki izolasyon konular\u0131nda da \u00e7ok geli\u015fmi\u015f \u00e7al\u0131\u015fmalar y\u00fcr\u00fctt\u00fcklerini s\u00f6yledi. Koch, \u201cEger hedeflerimize ula\u015fmak istiyorsak binalarda enerji verimlili\u011fini 3 kat art\u0131rmam\u0131z gerekiyor. Karbon tutma ve depolama teknolojilerine ihtiya\u00e7 duyuluyor\u201d dedi.<\/p>\n<p>Panelde konu\u015fan ACWA Power Ba\u015fkan ve CEO\u2019su Paddy Padmanathan teknolojinin enerji sekt\u00f6r\u00fcne olan etkisine vurgu yaparken, Uluslararas\u0131 Uygulama Sistemleri Analizi Enstit\u00fcs\u00fc (IIASA) K\u0131demli Bilim \u0130nsan\u0131 Dr. Hans-Holger Rogner, n\u00fckleer enerji sekt\u00f6r\u00fcnde end\u00fcstrile\u015fmi\u015f \u00fclkelerin operasyonel rol oynad\u0131\u011f\u0131n\u0131 s\u00f6yledi<\/p>","protected":false},"excerpt":{"rendered":"<p>Sorry, this entry is only available in Turkish. For the sake of viewer convenience, the content is shown below in the alternative language. You may click the link to switch the active language.Sabanc\u0131 \u00dcniversitesi \u0130stanbul Uluslararas\u0131 Enerji ve \u0130klim Merkezi\u2019nin (IICEC) d\u00fczenledi\u011fi IICEC Uluslararas\u0131 Enerji ve \u0130klim Forumu\u2019nun 8\u2019incisi \u201cGlobal Enerji Yat\u0131r\u0131mlar\u0131: S\u0131rada Ne Var?\u201d [&hellip;]<\/p>\n","protected":false},"author":1,"featured_media":68376,"comment_status":"open","ping_status":"open","sticky":false,"template":"","format":"standard","meta":[],"categories":[53],"tags":[1024,35724,35714,35722,5232,35614,35723,35721],"views":1105,"_links":{"self":[{"href":"https:\/\/www.enerjigazetesi.ist\/en\/wp-json\/wp\/v2\/posts\/68375"}],"collection":[{"href":"https:\/\/www.enerjigazetesi.ist\/en\/wp-json\/wp\/v2\/posts"}],"about":[{"href":"https:\/\/www.enerjigazetesi.ist\/en\/wp-json\/wp\/v2\/types\/post"}],"author":[{"embeddable":true,"href":"https:\/\/www.enerjigazetesi.ist\/en\/wp-json\/wp\/v2\/users\/1"}],"replies":[{"embeddable":true,"href":"https:\/\/www.enerjigazetesi.ist\/en\/wp-json\/wp\/v2\/comments?post=68375"}],"version-history":[{"count":1,"href":"https:\/\/www.enerjigazetesi.ist\/en\/wp-json\/wp\/v2\/posts\/68375\/revisions"}],"predecessor-version":[{"id":68377,"href":"https:\/\/www.enerjigazetesi.ist\/en\/wp-json\/wp\/v2\/posts\/68375\/revisions\/68377"}],"wp:featuredmedia":[{"embeddable":true,"href":"https:\/\/www.enerjigazetesi.ist\/en\/wp-json\/wp\/v2\/media\/68376"}],"wp:attachment":[{"href":"https:\/\/www.enerjigazetesi.ist\/en\/wp-json\/wp\/v2\/media?parent=68375"}],"wp:term":[{"taxonomy":"category","embeddable":true,"href":"https:\/\/www.enerjigazetesi.ist\/en\/wp-json\/wp\/v2\/categories?post=68375"},{"taxonomy":"post_tag","embeddable":true,"href":"https:\/\/www.enerjigazetesi.ist\/en\/wp-json\/wp\/v2\/tags?post=68375"}],"curies":[{"name":"wp","href":"https:\/\/api.w.org\/{rel}","templated":true}]}}