{"id":68363,"date":"2017-10-14T13:14:16","date_gmt":"2017-10-14T10:14:16","guid":{"rendered":"https:\/\/www.enerjigazetesi.ist\/?p=68363"},"modified":"2017-10-14T13:15:47","modified_gmt":"2017-10-14T10:15:47","slug":"east-med-dogalgaz-boru-hatti-anlasmasi-aralikta-yapilacak","status":"publish","type":"post","link":"https:\/\/www.enerjigazetesi.ist\/en\/east-med-dogalgaz-boru-hatti-anlasmasi-aralikta-yapilacak\/","title":{"rendered":"(Turkish) East Med Do\u011falgaz Boru Hatt\u0131 Anla\u015fmas\u0131 Aral\u0131k\u2019ta Yap\u0131lacak"},"content":{"rendered":"<p class=\"qtranxs-available-languages-message qtranxs-available-languages-message-en\">Sorry, this entry is only available in <a href=\"https:\/\/www.enerjigazetesi.ist\/tr\/wp-json\/wp\/v2\/posts\/68363\" class=\"qtranxs-available-language-link qtranxs-available-language-link-tr\" title=\"Turkish\">Turkish<\/a>. For the sake of viewer convenience, the content is shown below in the alternative language. You may click the link to switch the active language.<\/p><p><img loading=\"lazy\" class=\"alignleft size-full wp-image-68364\" src=\"https:\/\/www.enerjigazetesi.ist\/wp-content\/uploads\/2017\/10\/East-Med-do\u011falgaz-boru.jpg\" alt=\"\" width=\"275\" height=\"183\" srcset=\"https:\/\/www.enerjigazetesi.ist\/wp-content\/uploads\/2017\/10\/East-Med-do\u011falgaz-boru.jpg 275w, https:\/\/www.enerjigazetesi.ist\/wp-content\/uploads\/2017\/10\/East-Med-do\u011falgaz-boru-75x50.jpg 75w\" sizes=\"(max-width: 275px) 100vw, 275px\" \/><\/p>\n<p><strong>Yunanistan \u00c7evre ve Enerji Bakan\u0131 Yorgos Stathakis taraf\u0131ndan East Med do\u011fal gaz boru hatt\u0131n\u0131n in\u015fas\u0131n\u0131n h\u00fck\u00fcmetleraras\u0131 anla\u015fmas\u0131n\u0131n Aral\u0131k&#8217;ta G\u00fcney K\u0131br\u0131s\u2019ta at\u0131laca\u011f\u0131 dile getirildi.<\/strong><\/p>\n<p><span id=\"more-94659\"><\/span>Economist&#8217;in haberine g\u00f6re, Do\u011fu Akdeniz\u2019den do\u011falgaz\u0131 Yunanistan \u00fczerinden Avrupa\u2019ya ta\u015f\u0131mak \u00fczere planlanm\u0131\u015f olan do\u011fal gaz boru hatt\u0131 in\u015faas\u0131 antla\u015fmas\u0131 Yunanistan, \u0130talya, G\u00fcney K\u0131br\u0131s ve \u0130srail aras\u0131nda yap\u0131lacak.<\/p>\n<p>Stathakis, Economist\u2019e halen uygulamada ve plan a\u015famas\u0131nda bulunan enerji yat\u0131r\u0131mlar\u0131n\u0131 kapsaml\u0131 bir \u015fekilde anlatt\u0131.<\/p>","protected":false},"excerpt":{"rendered":"<p>Sorry, this entry is only available in Turkish. For the sake of viewer convenience, the content is shown below in the alternative language. You may click the link to switch the active language. Yunanistan \u00c7evre ve Enerji Bakan\u0131 Yorgos Stathakis taraf\u0131ndan East Med do\u011fal gaz boru hatt\u0131n\u0131n in\u015fas\u0131n\u0131n h\u00fck\u00fcmetleraras\u0131 anla\u015fmas\u0131n\u0131n Aral\u0131k&#8217;ta G\u00fcney K\u0131br\u0131s\u2019ta at\u0131laca\u011f\u0131 dile [&hellip;]<\/p>\n","protected":false},"author":1,"featured_media":68364,"comment_status":"open","ping_status":"open","sticky":false,"template":"","format":"standard","meta":[],"categories":[46,53],"tags":[92,876,1128,19761,34929,23219,35719,117],"views":892,"_links":{"self":[{"href":"https:\/\/www.enerjigazetesi.ist\/en\/wp-json\/wp\/v2\/posts\/68363"}],"collection":[{"href":"https:\/\/www.enerjigazetesi.ist\/en\/wp-json\/wp\/v2\/posts"}],"about":[{"href":"https:\/\/www.enerjigazetesi.ist\/en\/wp-json\/wp\/v2\/types\/post"}],"author":[{"embeddable":true,"href":"https:\/\/www.enerjigazetesi.ist\/en\/wp-json\/wp\/v2\/users\/1"}],"replies":[{"embeddable":true,"href":"https:\/\/www.enerjigazetesi.ist\/en\/wp-json\/wp\/v2\/comments?post=68363"}],"version-history":[{"count":2,"href":"https:\/\/www.enerjigazetesi.ist\/en\/wp-json\/wp\/v2\/posts\/68363\/revisions"}],"predecessor-version":[{"id":68366,"href":"https:\/\/www.enerjigazetesi.ist\/en\/wp-json\/wp\/v2\/posts\/68363\/revisions\/68366"}],"wp:featuredmedia":[{"embeddable":true,"href":"https:\/\/www.enerjigazetesi.ist\/en\/wp-json\/wp\/v2\/media\/68364"}],"wp:attachment":[{"href":"https:\/\/www.enerjigazetesi.ist\/en\/wp-json\/wp\/v2\/media?parent=68363"}],"wp:term":[{"taxonomy":"category","embeddable":true,"href":"https:\/\/www.enerjigazetesi.ist\/en\/wp-json\/wp\/v2\/categories?post=68363"},{"taxonomy":"post_tag","embeddable":true,"href":"https:\/\/www.enerjigazetesi.ist\/en\/wp-json\/wp\/v2\/tags?post=68363"}],"curies":[{"name":"wp","href":"https:\/\/api.w.org\/{rel}","templated":true}]}}