{"id":68341,"date":"2017-10-13T13:13:41","date_gmt":"2017-10-13T10:13:41","guid":{"rendered":"https:\/\/www.enerjigazetesi.ist\/?p=68341"},"modified":"2017-10-13T13:13:41","modified_gmt":"2017-10-13T10:13:41","slug":"tupras-izmir-rafinerisinde-patlama-yasandi","status":"publish","type":"post","link":"https:\/\/www.enerjigazetesi.ist\/en\/tupras-izmir-rafinerisinde-patlama-yasandi\/","title":{"rendered":"(Turkish) T\u00fcpra\u015f \u0130zmir Rafinerisi\u2019nde Patlama Ya\u015fand\u0131"},"content":{"rendered":"<p class=\"qtranxs-available-languages-message qtranxs-available-languages-message-en\">Sorry, this entry is only available in <a href=\"https:\/\/www.enerjigazetesi.ist\/tr\/wp-json\/wp\/v2\/posts\/68341\" class=\"qtranxs-available-language-link qtranxs-available-language-link-tr\" title=\"Turkish\">Turkish<\/a>. For the sake of viewer convenience, the content is shown below in the alternative language. You may click the link to switch the active language.<\/p><p><strong>T\u00fcpra\u015f \u0130zmir Rafinerisi\u2019nde, bak\u0131mda olan kazanda gaz s\u0131k\u0131\u015fmas\u0131 sonucu meydana geldi\u011fi belirtilen patlamada 4 i\u015f\u00e7i hayat\u0131n\u0131 kaybetti, 1 i\u015f\u00e7i yaraland\u0131.<\/strong><\/p>\n<p><img loading=\"lazy\" class=\"alignleft size-medium wp-image-68342\" src=\"https:\/\/www.enerjigazetesi.ist\/wp-content\/uploads\/2017\/10\/tupras-izmir-rafinerisinde-patlama-yasandi-300x166.jpg\" alt=\"\" width=\"300\" height=\"166\" srcset=\"https:\/\/www.enerjigazetesi.ist\/wp-content\/uploads\/2017\/10\/tupras-izmir-rafinerisinde-patlama-yasandi-300x166.jpg 300w, https:\/\/www.enerjigazetesi.ist\/wp-content\/uploads\/2017\/10\/tupras-izmir-rafinerisinde-patlama-yasandi-500x277.jpg 500w, https:\/\/www.enerjigazetesi.ist\/wp-content\/uploads\/2017\/10\/tupras-izmir-rafinerisinde-patlama-yasandi-80x44.jpg 80w, https:\/\/www.enerjigazetesi.ist\/wp-content\/uploads\/2017\/10\/tupras-izmir-rafinerisinde-patlama-yasandi.jpg 696w\" sizes=\"(max-width: 300px) 100vw, 300px\" \/><\/p>\n<p><span id=\"more-94627\"><\/span>Alia\u011fa Kaymakam\u0131 Bayram Y\u0131lmaz, \u201cBak\u0131mdaki kazanda gaz s\u0131k\u0131\u015fmas\u0131ndan kaynakl\u0131 bir patlama. Olayda 4 ki\u015fi hayat\u0131n\u0131 kaybetti. \u0130\u015f kazas\u0131. D\u0131\u015far\u0131dan bir m\u00fcdahale, sald\u0131r\u0131 yok\u201d dedi.<\/p>\n<p>T\u00fcpra\u015f\u2019\u0131n yapt\u0131\u011f\u0131 yaz\u0131l\u0131 a\u00e7\u0131klamada ise 11 Ekim 2017 saat 09.25\u2019de \u0130zmir Rafinerisi \u00fcr\u00fcn tank\u0131nda bak\u0131m \u00e7al\u0131\u015fmalar\u0131 s\u0131ras\u0131nda patlama meydana geldi\u011fi ifade edilerek rafineri teknik ekiplerinin olaya m\u00fcdahale etti\u011fi, geli\u015fmelere ili\u015fkin kamuoyunun bilgilendirilece\u011fi kaydedildi. A\u00e7\u0131klamada, \u201cYap\u0131lan t\u00fcm m\u00fcdahalelere ra\u011fmen y\u00fcklenici firma \u00e7al\u0131\u015fanlar\u0131m\u0131z Kemal \u015ea\u015fmazer, Yusuf Kepenek, Mehmet Karademir ve Mehmet Dere hayat\u0131n\u0131 kaybetmi\u015f, yaral\u0131 Halil \u0130brahim Kavlak\u2019\u0131n ise tedavisi devam s\u00fcrmektedir\u201d ifadelerine yer verildi.<\/p>","protected":false},"excerpt":{"rendered":"<p>Sorry, this entry is only available in Turkish. For the sake of viewer convenience, the content is shown below in the alternative language. You may click the link to switch the active language.T\u00fcpra\u015f \u0130zmir Rafinerisi\u2019nde, bak\u0131mda olan kazanda gaz s\u0131k\u0131\u015fmas\u0131 sonucu meydana geldi\u011fi belirtilen patlamada 4 i\u015f\u00e7i hayat\u0131n\u0131 kaybetti, 1 i\u015f\u00e7i yaraland\u0131. Alia\u011fa Kaymakam\u0131 Bayram [&hellip;]<\/p>\n","protected":false},"author":1,"featured_media":68342,"comment_status":"open","ping_status":"open","sticky":false,"template":"","format":"standard","meta":[],"categories":[53,44],"tags":[34935,2388,34937,34936,1000,35715,35716],"views":934,"_links":{"self":[{"href":"https:\/\/www.enerjigazetesi.ist\/en\/wp-json\/wp\/v2\/posts\/68341"}],"collection":[{"href":"https:\/\/www.enerjigazetesi.ist\/en\/wp-json\/wp\/v2\/posts"}],"about":[{"href":"https:\/\/www.enerjigazetesi.ist\/en\/wp-json\/wp\/v2\/types\/post"}],"author":[{"embeddable":true,"href":"https:\/\/www.enerjigazetesi.ist\/en\/wp-json\/wp\/v2\/users\/1"}],"replies":[{"embeddable":true,"href":"https:\/\/www.enerjigazetesi.ist\/en\/wp-json\/wp\/v2\/comments?post=68341"}],"version-history":[{"count":1,"href":"https:\/\/www.enerjigazetesi.ist\/en\/wp-json\/wp\/v2\/posts\/68341\/revisions"}],"predecessor-version":[{"id":68343,"href":"https:\/\/www.enerjigazetesi.ist\/en\/wp-json\/wp\/v2\/posts\/68341\/revisions\/68343"}],"wp:featuredmedia":[{"embeddable":true,"href":"https:\/\/www.enerjigazetesi.ist\/en\/wp-json\/wp\/v2\/media\/68342"}],"wp:attachment":[{"href":"https:\/\/www.enerjigazetesi.ist\/en\/wp-json\/wp\/v2\/media?parent=68341"}],"wp:term":[{"taxonomy":"category","embeddable":true,"href":"https:\/\/www.enerjigazetesi.ist\/en\/wp-json\/wp\/v2\/categories?post=68341"},{"taxonomy":"post_tag","embeddable":true,"href":"https:\/\/www.enerjigazetesi.ist\/en\/wp-json\/wp\/v2\/tags?post=68341"}],"curies":[{"name":"wp","href":"https:\/\/api.w.org\/{rel}","templated":true}]}}