{"id":68332,"date":"2017-10-13T12:13:11","date_gmt":"2017-10-13T09:13:11","guid":{"rendered":"https:\/\/www.enerjigazetesi.ist\/?p=68332"},"modified":"2017-10-13T12:13:11","modified_gmt":"2017-10-13T09:13:11","slug":"kayserigaz-altin-vana-odulunu-bu-yil-da-bunyesine-kazandirdi","status":"publish","type":"post","link":"https:\/\/www.enerjigazetesi.ist\/en\/kayserigaz-altin-vana-odulunu-bu-yil-da-bunyesine-kazandirdi\/","title":{"rendered":"(Turkish) Kayserigaz, \u201cAlt\u0131n Vana\u201d \u00d6d\u00fcl\u00fcn\u00fc Bu Y\u0131l da B\u00fcnyesine Kazand\u0131rd\u0131"},"content":{"rendered":"<p class=\"qtranxs-available-languages-message qtranxs-available-languages-message-en\">Sorry, this entry is only available in <a href=\"https:\/\/www.enerjigazetesi.ist\/tr\/wp-json\/wp\/v2\/posts\/68332\" class=\"qtranxs-available-language-link qtranxs-available-language-link-tr\" title=\"Turkish\">Turkish<\/a>. For the sake of viewer convenience, the content is shown below in the alternative language. You may click the link to switch the active language.<\/p><p><strong>T\u00fcrkiye Enerji Zirvesi kapsam\u0131nda, Antalya\u2019da d\u00fczenlenen 2017 y\u0131l\u0131 Alt\u0131n Vana Do\u011falgaz Piyasas\u0131 Ba\u015far\u0131 \u00d6d\u00fclleri t\u00f6reninde Kayserigaz, \u201cAlt\u0131n Vana\u201d \u00f6d\u00fcl\u00fcn\u00fc bu y\u0131l da b\u00fcnyesine kazand\u0131rmay\u0131 ba\u015fard\u0131.<\/strong><\/p>\n<p>Verimli ve yenilik\u00e7i \u00fcr\u00fcnlerin yan\u0131 s\u0131ra \u015firketlerin sosyal sorumluluk alan\u0131nda yapt\u0131klar\u0131 faaliyetleri dikkate al\u0131narak verilen ve 8. Enerji Zirvesi\u2019nde Do\u011falgaz ve Elektrik Piyasalar\u0131 ba\u015far\u0131 \u00f6d\u00fclleri 10 Ekim <img loading=\"lazy\" class=\"alignright size-medium wp-image-68333\" src=\"https:\/\/www.enerjigazetesi.ist\/wp-content\/uploads\/2017\/10\/kayserigaz-altin-vana-odulunu-bu-yil-da-bunyesine-kazandirdi-292x300.jpg\" alt=\"\" width=\"292\" height=\"300\" srcset=\"https:\/\/www.enerjigazetesi.ist\/wp-content\/uploads\/2017\/10\/kayserigaz-altin-vana-odulunu-bu-yil-da-bunyesine-kazandirdi-292x300.jpg 292w, https:\/\/www.enerjigazetesi.ist\/wp-content\/uploads\/2017\/10\/kayserigaz-altin-vana-odulunu-bu-yil-da-bunyesine-kazandirdi-768x788.jpg 768w, https:\/\/www.enerjigazetesi.ist\/wp-content\/uploads\/2017\/10\/kayserigaz-altin-vana-odulunu-bu-yil-da-bunyesine-kazandirdi-997x1024.jpg 997w, https:\/\/www.enerjigazetesi.ist\/wp-content\/uploads\/2017\/10\/kayserigaz-altin-vana-odulunu-bu-yil-da-bunyesine-kazandirdi-390x400.jpg 390w, https:\/\/www.enerjigazetesi.ist\/wp-content\/uploads\/2017\/10\/kayserigaz-altin-vana-odulunu-bu-yil-da-bunyesine-kazandirdi-49x50.jpg 49w, https:\/\/www.enerjigazetesi.ist\/wp-content\/uploads\/2017\/10\/kayserigaz-altin-vana-odulunu-bu-yil-da-bunyesine-kazandirdi.jpg 1129w\" sizes=\"(max-width: 292px) 100vw, 292px\" \/>gecesi sahiplerini buldu.<\/p>\n<p>Ge\u00e7mi\u015ften ald\u0131\u011f\u0131 tecr\u00fcbeyle gelece\u011fine \u0131\u015f\u0131k tutan Kayserigaz, sosyal sorumluluk alan\u0131nda ald\u0131\u011f\u0131 \u00f6d\u00fcllere bir yenisini daha eklerken, gerek piyasadaki \u00e7al\u0131\u015fmalar\u0131, gerekse sosyal sorumluluk alan\u0131nda yapt\u0131\u011f\u0131 faaliyetler ile var olan g\u00fc\u00e7l\u00fc imaj\u0131n\u0131 sa\u011flamla\u015ft\u0131rmaya devam ediyor.<\/p>\n<p>\u00d6d\u00fcle lay\u0131k g\u00f6r\u00fclen, \u00e7ocuklara kitap okuma al\u0131\u015fkanl\u0131\u011f\u0131 a\u015f\u0131lamay\u0131 ve onlar\u0131n k\u00fct\u00fcphanesine yeni kitaplar kazand\u0131rmay\u0131 ama\u00e7layan \u2018\u2018Kitap Toplama Kampanyas\u0131\u2019\u2019 Kayserigaz \u00f6nderli\u011finde, EWE Turkey Holding\u2019in grup \u015firketlerinin de kat\u0131l\u0131m\u0131yla ger\u00e7ekle\u015ferek ba\u015far\u0131l\u0131 bir \u015fekilde tamamland\u0131. Toplanan kitaplar Kayserigaz\u2019\u0131n lisans alan\u0131na dahil edilen B\u00fcnyan \u0130l\u00e7esi\u2019ne ba\u011fl\u0131 G\u00fcll\u00fcce K\u00f6y\u00fc\u2019nde bulunan biri ortaokul di\u011feri ilkokul olan iki okulun k\u00fct\u00fcphanelerine hediye edildi. Kayserigaz b\u00fcnyesinde ger\u00e7ekle\u015ftirilen bu Kurumsal Sosyal Sorumluluk projesine destek olanlar kal\u0131c\u0131 de\u011ferler yaratman\u0131n vermi\u015f oldu\u011fu mutlulu\u011fu ya\u015fad\u0131.<\/p>\n<p>Enerji, \u00e7evre ve ekonomi politikalar\u0131nda s\u00f6z sahibi olan siyaset\u00e7iler ile birlikte \u00fcst d\u00fczey b\u00fcrokratlar\u0131n; \u00f6zel sekt\u00f6r\u00fcn se\u00e7kin temsilcilerinin kat\u0131ld\u0131\u011f\u0131 gecede\u00a0 Kayserigaz Genel M\u00fcd\u00fcr\u00fc ve EWE Turkey Holding \u00a0COO\u2019su Hasan Yasin Bora, takdim edilen \u00f6d\u00fcl\u00fc Enerji ve Tabii Kaynaklar Bakanl\u0131\u011f\u0131\u00a0 M\u00fcste\u015far\u0131 Fatih D\u00f6nmez \u2018in elinden ald\u0131.<\/p>\n<p>Kayserigaz;\u00a0 kurumsalla\u015fma s\u00fcrecini tamamlayan i\u015fletme yap\u0131s\u0131, gelece\u011fi koruyan \u00e7evreci yat\u0131r\u0131mlar\u0131, \u00e7\u00f6z\u00fcm odakl\u0131 \u00e7al\u0131\u015fmalar\u0131n\u0131n yan\u0131 s\u0131ra topluma fayda sa\u011flayacak \u00e7ocuklar\u0131n yeti\u015fmesi ad\u0131na ger\u00e7ekle\u015ftirdi\u011fi sosyal sorumluluk projeleri ile de sekt\u00f6rde fark yaratmaya devam etti\u011fini bu \u00f6d\u00fclle bir kez daha kan\u0131tlam\u0131\u015f oldu.<\/p>","protected":false},"excerpt":{"rendered":"<p>Sorry, this entry is only available in Turkish. For the sake of viewer convenience, the content is shown below in the alternative language. You may click the link to switch the active language.T\u00fcrkiye Enerji Zirvesi kapsam\u0131nda, Antalya\u2019da d\u00fczenlenen 2017 y\u0131l\u0131 Alt\u0131n Vana Do\u011falgaz Piyasas\u0131 Ba\u015far\u0131 \u00d6d\u00fclleri t\u00f6reninde Kayserigaz, \u201cAlt\u0131n Vana\u201d \u00f6d\u00fcl\u00fcn\u00fc bu y\u0131l da b\u00fcnyesine [&hellip;]<\/p>\n","protected":false},"author":1,"featured_media":68333,"comment_status":"open","ping_status":"open","sticky":false,"template":"","format":"standard","meta":[],"categories":[46,53],"tags":[35713,1128,19761,34929,23219,8908,426],"views":755,"_links":{"self":[{"href":"https:\/\/www.enerjigazetesi.ist\/en\/wp-json\/wp\/v2\/posts\/68332"}],"collection":[{"href":"https:\/\/www.enerjigazetesi.ist\/en\/wp-json\/wp\/v2\/posts"}],"about":[{"href":"https:\/\/www.enerjigazetesi.ist\/en\/wp-json\/wp\/v2\/types\/post"}],"author":[{"embeddable":true,"href":"https:\/\/www.enerjigazetesi.ist\/en\/wp-json\/wp\/v2\/users\/1"}],"replies":[{"embeddable":true,"href":"https:\/\/www.enerjigazetesi.ist\/en\/wp-json\/wp\/v2\/comments?post=68332"}],"version-history":[{"count":1,"href":"https:\/\/www.enerjigazetesi.ist\/en\/wp-json\/wp\/v2\/posts\/68332\/revisions"}],"predecessor-version":[{"id":68334,"href":"https:\/\/www.enerjigazetesi.ist\/en\/wp-json\/wp\/v2\/posts\/68332\/revisions\/68334"}],"wp:featuredmedia":[{"embeddable":true,"href":"https:\/\/www.enerjigazetesi.ist\/en\/wp-json\/wp\/v2\/media\/68333"}],"wp:attachment":[{"href":"https:\/\/www.enerjigazetesi.ist\/en\/wp-json\/wp\/v2\/media?parent=68332"}],"wp:term":[{"taxonomy":"category","embeddable":true,"href":"https:\/\/www.enerjigazetesi.ist\/en\/wp-json\/wp\/v2\/categories?post=68332"},{"taxonomy":"post_tag","embeddable":true,"href":"https:\/\/www.enerjigazetesi.ist\/en\/wp-json\/wp\/v2\/tags?post=68332"}],"curies":[{"name":"wp","href":"https:\/\/api.w.org\/{rel}","templated":true}]}}