{"id":68321,"date":"2017-10-13T11:23:42","date_gmt":"2017-10-13T08:23:42","guid":{"rendered":"https:\/\/www.enerjigazetesi.ist\/?p=68321"},"modified":"2017-10-13T11:24:21","modified_gmt":"2017-10-13T08:24:21","slug":"bosch-termoteknik-yogusmali-kombide-pazar-lideri","status":"publish","type":"post","link":"https:\/\/www.enerjigazetesi.ist\/en\/bosch-termoteknik-yogusmali-kombide-pazar-lideri\/","title":{"rendered":"(Turkish) Bosch Termoteknik Yo\u011fu\u015fmal\u0131 Kombide *Pazar Lideri!"},"content":{"rendered":"<p class=\"qtranxs-available-languages-message qtranxs-available-languages-message-en\">Sorry, this entry is only available in <a href=\"https:\/\/www.enerjigazetesi.ist\/tr\/wp-json\/wp\/v2\/posts\/68321\" class=\"qtranxs-available-language-link qtranxs-available-language-link-tr\" title=\"Turkish\">Turkish<\/a>. For the sake of viewer convenience, the content is shown below in the alternative language. You may click the link to switch the active language.<\/p><p><strong>Termoteknik i\u015f kolunda d\u00fcnyan\u0131n ve T\u00fcrkiye\u2019nin \u00f6nde gelen \u015firketleri aras\u0131nda yer alan Bosch Termoteknik, Manisa fabrikas\u0131nda ger\u00e7ekle\u015ftirdi\u011fi, Bosch ve Buderus markal\u0131 yo\u011fu\u015fmal\u0131 kombi \u00fcretimleri ile a\u00e7\u0131k ara pazar lideri konumunda bulunuyor.<\/strong><\/p>\n<p><img loading=\"lazy\" class=\"alignleft size-medium wp-image-68322\" src=\"https:\/\/www.enerjigazetesi.ist\/wp-content\/uploads\/2017\/10\/bosch-termoteknik-yogusmali-kombide-pazar-lideri-242x300.jpg\" alt=\"\" width=\"242\" height=\"300\" srcset=\"https:\/\/www.enerjigazetesi.ist\/wp-content\/uploads\/2017\/10\/bosch-termoteknik-yogusmali-kombide-pazar-lideri-242x300.jpg 242w, https:\/\/www.enerjigazetesi.ist\/wp-content\/uploads\/2017\/10\/bosch-termoteknik-yogusmali-kombide-pazar-lideri-768x950.jpg 768w, https:\/\/www.enerjigazetesi.ist\/wp-content\/uploads\/2017\/10\/bosch-termoteknik-yogusmali-kombide-pazar-lideri-323x400.jpg 323w, https:\/\/www.enerjigazetesi.ist\/wp-content\/uploads\/2017\/10\/bosch-termoteknik-yogusmali-kombide-pazar-lideri-40x50.jpg 40w, https:\/\/www.enerjigazetesi.ist\/wp-content\/uploads\/2017\/10\/bosch-termoteknik-yogusmali-kombide-pazar-lideri.jpg 808w\" sizes=\"(max-width: 242px) 100vw, 242px\" \/><\/p>\n<p>Bosch Grubu\u2019nun termoteknik i\u015f kolunda faaliyet g\u00f6steren \u015firketi Bosch Termoteknik, pazardaki di\u011fer rakipleriyle aras\u0131n\u0131 giderek a\u00e7\u0131yor.<\/p>\n<p>\u0130ngiliz BRG Building Solutions firmas\u0131 taraf\u0131ndan 2017 y\u0131l\u0131nda Avrupa Is\u0131t\u0131c\u0131 Pazar\u0131na ili\u015fkin olarak yay\u0131mlanan raporuna g\u00f6re Bosch Termoteknik, yo\u011fu\u015fmal\u0131 kombi kategorisinde Bosch ve Buderus markalar\u0131yla pazarda liderli\u011fi elinde bulunduruyor. Bosch 2016 y\u0131l\u0131 genelinde sekt\u00f6rde birinci olurken, Buderus ise ikincilikle onu takip etti.<\/p>\n<p>Bosch Termoteknik, 2016 y\u0131l\u0131nda 700 bin adet kombi \u00fcretimiyle tarihi bir rekor k\u0131rd\u0131. Bosch\u2019un d\u00fcnyadaki en b\u00fcy\u00fck kombi \u00fcretim merkezi olan Manisa Fabrikas\u0131nda 25 y\u0131lda \u00fcretilen kombi say\u0131s\u0131 6 milyon adedi a\u015ft\u0131.<\/p>\n<p>Bosch Termoteknik\u2019in Manisa Fabrikas\u0131, 2016 y\u0131l\u0131nda 700 bin adetle tarihinin en y\u00fcksek kombi \u00fcretimini ger\u00e7ekle\u015ftirdi. 2016 y\u0131l\u0131nda rekorlar\u0131na bir yenisini ekleyen Manisa Fabrikas\u0131, b\u00f6ylece \u2018\u00fcretim \u00fcss\u00fc\u2019 unvan\u0131n\u0131 da peki\u015ftirdi. 25 y\u0131ld\u0131r faaliyet g\u00f6steren fabrikada kuruldu\u011fundan bu yana \u00fcretilen cihaz say\u0131s\u0131 ise 6 milyon \u00e2deti a\u015ft\u0131.<\/p>\n<p>Termoteknik i\u015f kolunda d\u00fcnya \u00e7ap\u0131nda \u00f6ne \u00e7\u0131kan tesisler aras\u0131nda yer alan Bosch Termoteknik Manisa Fabrikas\u0131\u2019nda, d\u00fcnyan\u0131n d\u00f6rt bir yan\u0131ndaki 41 \u00fclke i\u00e7in, 551 ayr\u0131 tip kombinin imalat\u0131 yap\u0131l\u0131yor. \u00dcretimde kullan\u0131lan ana komponent ve par\u00e7alar\u0131n imalat\u0131 da fabrikada yap\u0131l\u0131yor. Bu hammadde ve komponentlerin yakla\u015f\u0131k %70\u2019i yerli yan sanayiden temin edilerek \u00fcretim ger\u00e7ekle\u015ftiriliyor.<\/p>","protected":false},"excerpt":{"rendered":"<p>Sorry, this entry is only available in Turkish. For the sake of viewer convenience, the content is shown below in the alternative language. You may click the link to switch the active language.Termoteknik i\u015f kolunda d\u00fcnyan\u0131n ve T\u00fcrkiye\u2019nin \u00f6nde gelen \u015firketleri aras\u0131nda yer alan Bosch Termoteknik, Manisa fabrikas\u0131nda ger\u00e7ekle\u015ftirdi\u011fi, Bosch ve Buderus markal\u0131 yo\u011fu\u015fmal\u0131 kombi [&hellip;]<\/p>\n","protected":false},"author":1,"featured_media":68323,"comment_status":"open","ping_status":"open","sticky":false,"template":"","format":"standard","meta":[],"categories":[46,53],"tags":[1118,35354,1128,19761,34929,23219,67,1009,23311],"views":1281,"_links":{"self":[{"href":"https:\/\/www.enerjigazetesi.ist\/en\/wp-json\/wp\/v2\/posts\/68321"}],"collection":[{"href":"https:\/\/www.enerjigazetesi.ist\/en\/wp-json\/wp\/v2\/posts"}],"about":[{"href":"https:\/\/www.enerjigazetesi.ist\/en\/wp-json\/wp\/v2\/types\/post"}],"author":[{"embeddable":true,"href":"https:\/\/www.enerjigazetesi.ist\/en\/wp-json\/wp\/v2\/users\/1"}],"replies":[{"embeddable":true,"href":"https:\/\/www.enerjigazetesi.ist\/en\/wp-json\/wp\/v2\/comments?post=68321"}],"version-history":[{"count":1,"href":"https:\/\/www.enerjigazetesi.ist\/en\/wp-json\/wp\/v2\/posts\/68321\/revisions"}],"predecessor-version":[{"id":68324,"href":"https:\/\/www.enerjigazetesi.ist\/en\/wp-json\/wp\/v2\/posts\/68321\/revisions\/68324"}],"wp:featuredmedia":[{"embeddable":true,"href":"https:\/\/www.enerjigazetesi.ist\/en\/wp-json\/wp\/v2\/media\/68323"}],"wp:attachment":[{"href":"https:\/\/www.enerjigazetesi.ist\/en\/wp-json\/wp\/v2\/media?parent=68321"}],"wp:term":[{"taxonomy":"category","embeddable":true,"href":"https:\/\/www.enerjigazetesi.ist\/en\/wp-json\/wp\/v2\/categories?post=68321"},{"taxonomy":"post_tag","embeddable":true,"href":"https:\/\/www.enerjigazetesi.ist\/en\/wp-json\/wp\/v2\/tags?post=68321"}],"curies":[{"name":"wp","href":"https:\/\/api.w.org\/{rel}","templated":true}]}}