{"id":683,"date":"2012-06-29T10:00:22","date_gmt":"2012-06-29T07:00:22","guid":{"rendered":"https:\/\/www.enerjigazetesi.ist\/?p=683"},"modified":"2012-06-29T10:00:22","modified_gmt":"2012-06-29T07:00:22","slug":"3-enerji-zirvesi-kayseride","status":"publish","type":"post","link":"https:\/\/www.enerjigazetesi.ist\/en\/3-enerji-zirvesi-kayseride\/","title":{"rendered":"(Turkish) 3. Enerji Zirvesi Kayseri&#8217;de"},"content":{"rendered":"<p class=\"qtranxs-available-languages-message qtranxs-available-languages-message-en\">Sorry, this entry is only available in <a href=\"https:\/\/www.enerjigazetesi.ist\/tr\/wp-json\/wp\/v2\/posts\/683\" class=\"qtranxs-available-language-link qtranxs-available-language-link-tr\" title=\"Turkish\">Turkish<\/a>. For the sake of viewer convenience, the content is shown below in the alternative language. You may click the link to switch the active language.<\/p><p>Zirveye, ba\u015fta <a href=\"http:\/\/www.sabah.com.tr\/index\/enerji\" rel=\"tag\" target=\"_blank\">Enerji<\/a> ve Tabii Kaynaklar Bakan\u0131 Taner Y\u0131ld\u0131z ve EPDK Ba\u015fkan\u0131 Hasan K\u00f6kta\u015f olmak \u00fczere, siyaset, b\u00fcrokrasi ve i\u015f d\u00fcnyas\u0131n\u0131n \u00f6nde gelen temsilcileri kat\u0131lacak.<\/p>\n<p><img loading=\"lazy\" class=\"alignleft size-full wp-image-684\" title=\"enerji-zirvesi-kayseride\" src=\"https:\/\/www.enerjigazetesi.ist\/wp-content\/uploads\/2012\/06\/543261976400.jpg\" alt=\"\" width=\"200\" height=\"160\" srcset=\"https:\/\/www.enerjigazetesi.ist\/wp-content\/uploads\/2012\/06\/543261976400.jpg 200w, https:\/\/www.enerjigazetesi.ist\/wp-content\/uploads\/2012\/06\/543261976400-62x50.jpg 62w\" sizes=\"(max-width: 200px) 100vw, 200px\" \/>Kayserigaz&#8217;\u0131n katk\u0131lar\u0131 ile 11-13 Ekim 2012 tarihlerinde Kayseri&#8217;de ger\u00e7ekle\u015fecek 3. T\u00fcrkiye Enerji Zirvesi, D\u00fcnya Ticaret Merkezi&#8217;nde, T\u00fcrkiye ve d\u00fcnya enerji piyasas\u0131n\u0131n \u00f6zellikle elektrik, n\u00fckleer, do\u011falgaz ve yenilenebilir enerji alan\u0131nda faaliyet g\u00f6steren k\u00f6kl\u00fc ve b\u00fcy\u00fck firmalar\u0131n\u0131n i\u015ftiraki ile d\u00fczenlenecek.<\/p>\n<p>Zirve kapsam\u0131ndaki panellerde, enerji ve enerji piyasalar\u0131, konusunda uzman ki\u015filer taraf\u0131ndan t\u00fcm y\u00f6nleriyle ele al\u0131nacak. Ayr\u0131ca yine enerji sekt\u00f6r\u00fcn\u00fcn en \u00f6nde gelen firmalar\u0131n\u0131n kat\u0131laca\u011f\u0131 bir de sergi ger\u00e7ekle\u015ftirilecek.<\/p>\n<p>Organizasyonunu ger\u00e7ekle\u015ftiren Enerji Fuarc\u0131l\u0131k Genel M\u00fcd\u00fcr\u00fc Mustafa Ak\u0131nc\u0131 ve beraberindeki heyet, Kayserigaz Genel M\u00fcd\u00fcrl\u00fc\u011f\u00fc&#8217;n\u00fc ziyaret etti. Kayserigaz Genel M\u00fcd\u00fcr\u00fc Hasan Yasir Bora ile T\u00fcrkiye Enerji Zirvesi ve enerji piyasas\u0131 hakk\u0131nda g\u00f6r\u00fc\u015f al\u0131\u015fveri\u015finde bulundu.<\/p>\n<p>Konuyla ilgili a\u00e7\u0131klamalarda bulunan Enerji Fuarc\u0131l\u0131k Genel M\u00fcd\u00fcr\u00fc Mustafa Ak\u0131nc\u0131, &#8221;\u00dclkemizin \u00f6zel sekt\u00f6r eliyle i\u015fletilen ilk elektrik da\u011f\u0131t\u0131m \u015firketi ile EPDK taraf\u0131ndan lisansland\u0131r\u0131lan ilk \u00f6zel do\u011falgaz da\u011f\u0131t\u0131m \u015firketine ev sahipli\u011fi yapan Kayseri&#8217;de yarat\u0131lacak sinerjinin, \u00fclkemiz enerji piyasas\u0131n\u0131n geli\u015fimine katk\u0131 sa\u011flayaca\u011f\u0131na inanc\u0131m\u0131z tamd\u0131r&#8221; diye konu\u015ftu.<\/p>\n<p>Kayserigaz Genel M\u00fcd\u00fcr\u00fc Hasan Yasir Bora ise yapt\u0131\u011f\u0131 a\u00e7\u0131klamada \u015funlar\u0131 s\u00f6yledi:<br \/>\n&#8221;Enerji fuarc\u0131l\u0131\u011f\u0131n organizasyonunda geleneksel hale d\u00f6n\u00fc\u015fen T\u00fcrkiye Enerji Zirvesi Enerji Sekt\u00f6r\u00fcn\u00fcn en prestijli zirvelerinden birisi. Bu anlamda Kayserigaz olarak bizlerde zirvenin bu y\u0131l Kayseri&#8217;de ger\u00e7ekle\u015fmesine vesile olmaktan dolay\u0131 duydu\u011fumuz memnuniyeti belirtmek istiyorum. Kayserigaz bu ba\u011flamda sekt\u00f6r\u00fcn\u00fcn \u00f6nc\u00fc ve lider kurulu\u015fu olmay\u0131 kendisine ama\u00e7 edinerek, sekt\u00f6r\u00fcne katma de\u011fer sa\u011flamaya devam edecek.&#8221;<br \/>\nKaynak: <a href=\"http:\/\/www.sabah.com.tr\/YesilEkran\/2012\/06\/27\/3-enerji-zirvesi-kayseride\" target=\"_blank\">Sabah<br \/>\n<\/a><\/p>","protected":false},"excerpt":{"rendered":"<p>Sorry, this entry is only available in Turkish. For the sake of viewer convenience, the content is shown below in the alternative language. You may click the link to switch the active language.Zirveye, ba\u015fta Enerji ve Tabii Kaynaklar Bakan\u0131 Taner Y\u0131ld\u0131z ve EPDK Ba\u015fkan\u0131 Hasan K\u00f6kta\u015f olmak \u00fczere, siyaset, b\u00fcrokrasi ve i\u015f d\u00fcnyas\u0131n\u0131n \u00f6nde gelen [&hellip;]<\/p>\n","protected":false},"author":1,"featured_media":684,"comment_status":"open","ping_status":"open","sticky":false,"template":"","format":"standard","meta":[],"categories":[53],"tags":[63,67],"views":760,"_links":{"self":[{"href":"https:\/\/www.enerjigazetesi.ist\/en\/wp-json\/wp\/v2\/posts\/683"}],"collection":[{"href":"https:\/\/www.enerjigazetesi.ist\/en\/wp-json\/wp\/v2\/posts"}],"about":[{"href":"https:\/\/www.enerjigazetesi.ist\/en\/wp-json\/wp\/v2\/types\/post"}],"author":[{"embeddable":true,"href":"https:\/\/www.enerjigazetesi.ist\/en\/wp-json\/wp\/v2\/users\/1"}],"replies":[{"embeddable":true,"href":"https:\/\/www.enerjigazetesi.ist\/en\/wp-json\/wp\/v2\/comments?post=683"}],"version-history":[{"count":2,"href":"https:\/\/www.enerjigazetesi.ist\/en\/wp-json\/wp\/v2\/posts\/683\/revisions"}],"predecessor-version":[{"id":686,"href":"https:\/\/www.enerjigazetesi.ist\/en\/wp-json\/wp\/v2\/posts\/683\/revisions\/686"}],"wp:featuredmedia":[{"embeddable":true,"href":"https:\/\/www.enerjigazetesi.ist\/en\/wp-json\/wp\/v2\/media\/684"}],"wp:attachment":[{"href":"https:\/\/www.enerjigazetesi.ist\/en\/wp-json\/wp\/v2\/media?parent=683"}],"wp:term":[{"taxonomy":"category","embeddable":true,"href":"https:\/\/www.enerjigazetesi.ist\/en\/wp-json\/wp\/v2\/categories?post=683"},{"taxonomy":"post_tag","embeddable":true,"href":"https:\/\/www.enerjigazetesi.ist\/en\/wp-json\/wp\/v2\/tags?post=683"}],"curies":[{"name":"wp","href":"https:\/\/api.w.org\/{rel}","templated":true}]}}