{"id":68293,"date":"2017-10-12T10:33:53","date_gmt":"2017-10-12T07:33:53","guid":{"rendered":"https:\/\/www.enerjigazetesi.ist\/?p=68293"},"modified":"2017-10-12T10:33:53","modified_gmt":"2017-10-12T07:33:53","slug":"kombilerimizievlerimizi-kac-derecede-tutmaliyiz","status":"publish","type":"post","link":"https:\/\/www.enerjigazetesi.ist\/en\/kombilerimizievlerimizi-kac-derecede-tutmaliyiz\/","title":{"rendered":"(Turkish) Kombilerimizi\/Evlerimizi Ka\u00e7 Derecede Tutmal\u0131y\u0131z?"},"content":{"rendered":"<p class=\"qtranxs-available-languages-message qtranxs-available-languages-message-en\">Sorry, this entry is only available in <a href=\"https:\/\/www.enerjigazetesi.ist\/tr\/wp-json\/wp\/v2\/posts\/68293\" class=\"qtranxs-available-language-link qtranxs-available-language-link-tr\" title=\"Turkish\">Turkish<\/a>. For the sake of viewer convenience, the content is shown below in the alternative language. You may click the link to switch the active language.<\/p><p><strong>Y\u00fcksek faturalarla kar\u015f\u0131la\u015fmamak i\u00e7in kombilerimizi daha do\u011frusu evlerimizin s\u0131cakl\u0131\u011f\u0131n\u0131 g\u00fcn\u00fcn hangi zamanlar\u0131nda nas\u0131l ayarlamal\u0131y\u0131z?<\/strong><\/p>\n<p>Ev ve i\u015f yerlerimizde so\u011fuk havalarda \u0131s\u0131nmak i\u00e7in kulland\u0131\u011f\u0131m\u0131z kombiler, yanl\u0131\u015f y\u00f6ntemler ile kullan\u0131ld\u0131\u011f\u0131 takdirde y\u00fcksek mebla\u011fda faturalar\u0131n gelmesine yol a\u00e7abiliyor. \u201c\u00d6rne\u011fin en \u00e7ok kar\u015f\u0131la\u015f\u0131lan bilgi, kombiyi s\u00fcrekli belli bir derecede tutarak do\u011fru konfor ve tasarrufu yakalamak. Ve fakat bu durum <img loading=\"lazy\" class=\"alignright size-medium wp-image-68294\" src=\"https:\/\/www.enerjigazetesi.ist\/wp-content\/uploads\/2017\/10\/kombilerimizievlerimizi-kac-derecede-tutmaliyiz-300x200.jpg\" alt=\"\" width=\"300\" height=\"200\" srcset=\"https:\/\/www.enerjigazetesi.ist\/wp-content\/uploads\/2017\/10\/kombilerimizievlerimizi-kac-derecede-tutmaliyiz-300x200.jpg 300w, https:\/\/www.enerjigazetesi.ist\/wp-content\/uploads\/2017\/10\/kombilerimizievlerimizi-kac-derecede-tutmaliyiz-500x333.jpg 500w, https:\/\/www.enerjigazetesi.ist\/wp-content\/uploads\/2017\/10\/kombilerimizievlerimizi-kac-derecede-tutmaliyiz-75x50.jpg 75w, https:\/\/www.enerjigazetesi.ist\/wp-content\/uploads\/2017\/10\/kombilerimizievlerimizi-kac-derecede-tutmaliyiz.jpg 746w\" sizes=\"(max-width: 300px) 100vw, 300px\" \/>maalesef daha \u00e7ok t\u00fcm g\u00fcn\u00fcn\u00fc evde ge\u00e7iren insanlar i\u00e7in ge\u00e7erli. E\u011fer hanede \u00e7al\u0131\u015fan, evden g\u00fcn\u00fcn belli saatleri uzak kalan birileri varsa, bu hi\u00e7 de ekonomik bir \u00e7\u00f6z\u00fcm olmayabiliyor.\u201d diyen Cosa Kurucu Orta\u011f\u0131 Dr. Emre Erkin s\u00f6zlerine \u015fu \u015fekilde devam etti: \u201cEn ideal s\u0131cakl\u0131k ayar\u0131 nedir? sorusuna benim iki cevab\u0131m oluyor. Birincisi uluslararas\u0131 dok\u00fcmanlarda \u0131s\u0131tma d\u00f6nemi i\u00e7in tavsiye edilen s\u0131cakl\u0131k aral\u0131\u011f\u0131 olan 20-22 derece. Bunun ki\u015fiye \u00f6zel sabit bir de\u011feri yok. \u0130kinci cevap olarak da kullan\u0131c\u0131lar i\u00e7in bu aral\u0131kta konforlu hissettikleri s\u0131cakl\u0131k diyebilirim asl\u0131nda. Konforumuzu maksimize etmek yani k\u0131\u015f\u0131n evde ti\u015f\u00f6rtler ile oturmak konforlu bir \u00e7\u00f6z\u00fcm olsa da 20-22 derecenin \u00fczerlerine \u00e7\u0131kmak ekonomik bir \u00e7\u00f6z\u00fcm olmaktan \u00e7\u0131k\u0131yor.<\/p>\n<p>Unutmayal\u0131m ki her bir derecelik s\u0131cakl\u0131k art\u0131\u015f\u0131 fazladan %5 ila %8 aras\u0131nda do\u011falgaz harcamak demek. Asl\u0131nda bizim temel sorunumuz evin s\u0131cakl\u0131\u011f\u0131n\u0131, dolay\u0131s\u0131yla asl\u0131nda hangi s\u0131cakl\u0131kta konforlu oldu\u011fumuzu bilememek. Bunun i\u00e7in de evimizin s\u0131cakl\u0131\u011f\u0131n\u0131 \u00f6l\u00e7erek kombilerimizi buna g\u00f6re i\u015fletebilmek gerekiyor. Bunun i\u00e7in y\u0131llarca kullan\u0131lan oda termostatlar\u0131 var. G\u00fcn\u00fcm\u00fcz teknolojisinde art\u0131k, bunu sizin ad\u0131n\u0131za, sizin konforlu hissetti\u011finiz \u015fekilde yapabilen yeni nesil ak\u0131ll\u0131 oda termostatlar\u0131 da mevcut. Kombinizi sizin ad\u0131n\u0131za, siz evdeyken, uykudayken veya d\u0131\u015far\u0131dayken en tasarruflu s\u0131cakl\u0131k modunda tutacak \u015fekilde \u00e7al\u0131\u015ft\u0131rabiliyor. \u00d6zellikle \u0131s\u0131 yal\u0131t\u0131m\u0131 yap\u0131lm\u0131\u015f bir evde oturuyorsan\u0131z ilk etapta tasarruf yapabilmek i\u00e7in ak\u0131ll\u0131 bir oda termostat\u0131 ile kombinizi ak\u0131lland\u0131rman\u0131n faydas\u0131n\u0131 g\u00f6receksiniz. \u00c7\u00fcnk\u00fc ak\u0131ll\u0131 oda termostatlar\u0131, eviniz sizin konforlu hissetti\u011finiz s\u0131cakl\u0131\u011fa geldi\u011finde kombinin \u00e7al\u0131\u015fmas\u0131n\u0131 durdurarak evinizin sabit s\u0131cakl\u0131kta kalmas\u0131n\u0131 sa\u011fl\u0131yor. G\u00fcn boyu evde bulunmayanlar i\u00e7in, uzaktan cep telefonundan kontrol edilebilen \u00e7al\u0131\u015fma sistemine sahip ak\u0131ll\u0131 oda termostatlar\u0131, evde kimsenin olmad\u0131\u011f\u0131n\u0131 alg\u0131l\u0131yor ve kombinizin gereksiz yere \u00e7al\u0131\u015fmas\u0131n\u0131 engelliyor. B\u00f6ylece evinizin s\u0131cakl\u0131\u011f\u0131na ba\u011fl\u0131 kontrol yaparak %30&#8217;lara varan enerji tasarrufu yapabilmenize olanak sa\u011fl\u0131yor.<\/p>\n<p>T\u00fcm bunlar\u0131n yan\u0131nda tabi ki etkili ba\u015fka bir y\u00f6ntem ise, radyat\u00f6rlerin \u00f6nlerini ve \u00fcstlerini kapal\u0131 tutmamak gereklili\u011fidir. Kap\u0131 ve pencerelerden olu\u015fabilecek \u0131s\u0131 kay\u0131plar\u0131n\u0131 engellemek gerekir. \u00d6zellikle kuzey cephesine bakan odalar\u0131n\u0131zdaki radyat\u00f6r peteklerinin arkas\u0131na \u0131s\u0131 yal\u0131t\u0131ml\u0131 paneller konmal\u0131. Bu, peteklerin yayd\u0131\u011f\u0131 \u0131s\u0131n\u0131n duvarlardan d\u0131\u015far\u0131 gitmesini engelleyecektir. Buna ilave olarak kombi ve \u0131s\u0131tma tesisat\u0131n\u0131z\u0131n d\u00fczenli olarak bak\u0131m\u0131n\u0131n yap\u0131lmas\u0131 sistemin verimli \u00e7al\u0131\u015fmas\u0131n\u0131 sa\u011flayacakt\u0131r.\u201d<\/p>\n<p>Cosa, ak\u0131ll\u0131 bir oda termostat\u0131, evinizin enerjisini cep telefonundan y\u00f6netip takip edebildi\u011finiz, sizi ve evinizi tan\u0131yan, ileride farkl\u0131 cihazlar\u0131n\u0131z\u0131 da y\u00f6netme altyap\u0131s\u0131 olan yeni nesil bir teknoloji. Cosa, geli\u015ftirdi\u011fi teknolojiler sayesinde klima ve kombileri ak\u0131ll\u0131 cep telefonlar\u0131 \u00fczerinden kontrol alt\u0131nda tutarak do\u011falgaz faturalar\u0131nda ortalama %30\u2019a, klimalar\u0131n elektrik t\u00fcketiminde ise %40\u2019a varan kadar tasarruf sa\u011fl\u0131yor.<\/p>","protected":false},"excerpt":{"rendered":"<p>Sorry, this entry is only available in Turkish. For the sake of viewer convenience, the content is shown below in the alternative language. You may click the link to switch the active language.Y\u00fcksek faturalarla kar\u015f\u0131la\u015fmamak i\u00e7in kombilerimizi daha do\u011frusu evlerimizin s\u0131cakl\u0131\u011f\u0131n\u0131 g\u00fcn\u00fcn hangi zamanlar\u0131nda nas\u0131l ayarlamal\u0131y\u0131z? Ev ve i\u015f yerlerimizde so\u011fuk havalarda \u0131s\u0131nmak i\u00e7in kulland\u0131\u011f\u0131m\u0131z [&hellip;]<\/p>\n","protected":false},"author":1,"featured_media":68294,"comment_status":"open","ping_status":"open","sticky":false,"template":"","format":"standard","meta":[],"categories":[46,53],"tags":[35702,33768,1128,19761,34929,23219,67,1009,35701],"views":618,"_links":{"self":[{"href":"https:\/\/www.enerjigazetesi.ist\/en\/wp-json\/wp\/v2\/posts\/68293"}],"collection":[{"href":"https:\/\/www.enerjigazetesi.ist\/en\/wp-json\/wp\/v2\/posts"}],"about":[{"href":"https:\/\/www.enerjigazetesi.ist\/en\/wp-json\/wp\/v2\/types\/post"}],"author":[{"embeddable":true,"href":"https:\/\/www.enerjigazetesi.ist\/en\/wp-json\/wp\/v2\/users\/1"}],"replies":[{"embeddable":true,"href":"https:\/\/www.enerjigazetesi.ist\/en\/wp-json\/wp\/v2\/comments?post=68293"}],"version-history":[{"count":1,"href":"https:\/\/www.enerjigazetesi.ist\/en\/wp-json\/wp\/v2\/posts\/68293\/revisions"}],"predecessor-version":[{"id":68295,"href":"https:\/\/www.enerjigazetesi.ist\/en\/wp-json\/wp\/v2\/posts\/68293\/revisions\/68295"}],"wp:featuredmedia":[{"embeddable":true,"href":"https:\/\/www.enerjigazetesi.ist\/en\/wp-json\/wp\/v2\/media\/68294"}],"wp:attachment":[{"href":"https:\/\/www.enerjigazetesi.ist\/en\/wp-json\/wp\/v2\/media?parent=68293"}],"wp:term":[{"taxonomy":"category","embeddable":true,"href":"https:\/\/www.enerjigazetesi.ist\/en\/wp-json\/wp\/v2\/categories?post=68293"},{"taxonomy":"post_tag","embeddable":true,"href":"https:\/\/www.enerjigazetesi.ist\/en\/wp-json\/wp\/v2\/tags?post=68293"}],"curies":[{"name":"wp","href":"https:\/\/api.w.org\/{rel}","templated":true}]}}