{"id":68274,"date":"2017-10-11T12:03:28","date_gmt":"2017-10-11T09:03:28","guid":{"rendered":"https:\/\/www.enerjigazetesi.ist\/?p=68274"},"modified":"2017-10-11T12:06:15","modified_gmt":"2017-10-11T09:06:15","slug":"turkcell-ve-siemens-ortakligiyla-enerjide-yuzde-30-tasarruf","status":"publish","type":"post","link":"https:\/\/www.enerjigazetesi.ist\/en\/turkcell-ve-siemens-ortakligiyla-enerjide-yuzde-30-tasarruf\/","title":{"rendered":"(Turkish) Turkcell ve Siemens Ortakl\u0131\u011f\u0131yla Enerjide Y\u00fczde 30 Tasarruf"},"content":{"rendered":"<p class=\"qtranxs-available-languages-message qtranxs-available-languages-message-en\">Sorry, this entry is only available in <a href=\"https:\/\/www.enerjigazetesi.ist\/tr\/wp-json\/wp\/v2\/posts\/68274\" class=\"qtranxs-available-language-link qtranxs-available-language-link-tr\" title=\"Turkish\">Turkish<\/a>. For the sake of viewer convenience, the content is shown below in the alternative language. You may click the link to switch the active language.<\/p><p><strong>Turkcell ve Siemens, T\u00fcrkiye&#8217;de enerji verimlili\u011fini art\u0131rmaya y\u00f6nelik dijital servis \u00e7\u00f6z\u00fcmlerini birlikte sunmak amac\u0131yla stratejik bir i\u015f birli\u011fi ger\u00e7ekle\u015ftirdi.\u00a0 Bu i\u015f birli\u011fiyle hayata ge\u00e7irilecek dijital d\u00f6n\u00fc\u015f\u00fcm\u00fcn ilk etab\u0131nda Turkcell ve Siemens, dijital servis \u00e7\u00f6z\u00fcmleri ile hem bireysel hem de kurumsal kullan\u0131c\u0131lar\u0131n enerji maliyetlerini azaltarak y\u00fczde 30\u2019a varan tasarruf sa\u011flayacak.<\/strong><\/p>\n<p>Turkcell ve Siemens, enerji verimlili\u011fini art\u0131rmaya y\u00f6nelik dijital servis \u00e7\u00f6z\u00fcmlerini birlikte sunmak i\u00e7in ilk ad\u0131m\u0131 att\u0131. Bu ama\u00e7la bir protokol imzalayan iki dev \u015firket, Siemens\u2019in yaz\u0131l\u0131m geli\u015ftirme g\u00fcc\u00fcyle Turkcell\u2019in mobil dijital servislerdeki uzmanl\u0131\u011f\u0131n\u0131 bir araya getirerek kullan\u0131c\u0131lar i\u00e7in u\u00e7tan uca, kompakt <img loading=\"lazy\" class=\"alignright size-medium wp-image-68277\" src=\"https:\/\/www.enerjigazetesi.ist\/wp-content\/uploads\/2017\/10\/turkcell-ve-siemens-ortakligiyla-enerjide-yuzde-30-tasarruf-300x158.jpg\" alt=\"\" width=\"300\" height=\"158\" srcset=\"https:\/\/www.enerjigazetesi.ist\/wp-content\/uploads\/2017\/10\/turkcell-ve-siemens-ortakligiyla-enerjide-yuzde-30-tasarruf-300x158.jpg 300w, https:\/\/www.enerjigazetesi.ist\/wp-content\/uploads\/2017\/10\/turkcell-ve-siemens-ortakligiyla-enerjide-yuzde-30-tasarruf-80x42.jpg 80w, https:\/\/www.enerjigazetesi.ist\/wp-content\/uploads\/2017\/10\/turkcell-ve-siemens-ortakligiyla-enerjide-yuzde-30-tasarruf.jpg 376w\" sizes=\"(max-width: 300px) 100vw, 300px\" \/>bir hizmet sunacak. Stratejik i\u015f birli\u011fi \u00f6ncelikli olarak bireyler ve kurumlar i\u00e7in uzaktan izleme ve kontrol sistemlerini i\u00e7erecek dijital servis \u00e7\u00f6z\u00fcmleri, enerji t\u00fcketimini kontrol alt\u0131na almay\u0131 ve verimlili\u011fi art\u0131rarak enerji maliyetlerini d\u00fc\u015f\u00fcrmeyi hedefliyor. Dijital servis \u00e7\u00f6z\u00fcmleri sayesinde ilk etapta, konutlar, end\u00fcstriyel tesisler, \u00f6zel binalar ve kamu binalar\u0131nda y\u00fczde 30\u2019a varan enerji tasarrufu sa\u011flanacak.<\/p>\n<p>D\u00fcnyan\u0131n ilk dijital operat\u00f6r\u00fc olarak teknoloji odakl\u0131 bir altyap\u0131 \u015firketinden hizmet odakl\u0131 bir deneyim oyuncusuna d\u00f6n\u00fc\u015ft\u00fcklerini belirten <strong>Turkcell Genel M\u00fcd\u00fcr\u00fc Kaan Terzio\u011flu<\/strong>, i\u015f birli\u011fiyle ilgili \u015funlar\u0131 s\u00f6yledi: &#8220;Turkcell olarak i\u00e7erisinde internet ve ba\u011flant\u0131 olan t\u00fcm alanlarda m\u00fc\u015fterilerimize yenilik\u00e7i \u00e7\u00f6z\u00fcmler sunmak gibi bir gayemiz var. \u00d6zellikle t\u00fcm ev ve ofisleri ak\u0131lland\u0131rarak m\u00fc\u015fterilerimize yepyeni deneyimler ya\u015fatmak i\u00e7in enerji sekt\u00f6r\u00fcnde de bir yandan kesintisiz enerji sunan bir yandan da enerji t\u00fcketimini minimuma indirerek verimlili\u011fi art\u0131ran \u00e7\u00f6z\u00fcmler geli\u015ftirmek istiyoruz. T\u00fcrkiye, t\u00fcketti\u011fi enerji kaynaklar\u0131n\u0131n y\u00fczde 75\u2019ini ithal ediyor. Siemens ile yapt\u0131\u011f\u0131m\u0131z i\u015fbirli\u011finin temelinde de enerji verimlili\u011fine y\u00f6nelik \u00e7\u00f6z\u00fcmlerle T\u00fcrkiye\u2019nin enerji ithalat\u0131n\u0131 azaltmak yat\u0131yor. Geli\u015ftirece\u011fimiz ak\u0131ll\u0131 ev teknolojileri ve kurumlar\u0131n i\u015f verimliliklerini art\u0131racak enerji \u00e7\u00f6z\u00fcmleri ile kullan\u0131c\u0131lar\u0131m\u0131z\u0131n bug\u00fcne kadar hi\u00e7 deneyimlemedikleri yenilik\u00e7i \u00fcr\u00fcn ve hizmetleri hayatlar\u0131n\u0131n bir par\u00e7as\u0131 haline getirece\u011fiz. Bunlar\u0131n da \u00f6tesinde, T\u00fcrkiye\u2019nin enerji ithalat\u0131n\u0131 ve dolay\u0131s\u0131yla cari a\u00e7\u0131\u011f\u0131n\u0131 azaltarak T\u00fcrkiye ekonomisinin b\u00fcy\u00fcmesine katk\u0131 sunaca\u011f\u0131z.\u201d<\/p>\n<p>\u0130mzalanan protokole ili\u015fkin a\u00e7\u0131klama yapan <strong>Siemens T\u00fcrkiye Y\u00f6netim Kurulu Ba\u015fkan\u0131 ve CEO&#8217;su H\u00fcseyin Gelis <\/strong>ise<strong>;<\/strong> \u201cAk\u0131ll\u0131 ev pazar\u0131 b\u00fcy\u00fckl\u00fc\u011f\u00fcn\u00fcn 2022 y\u0131l\u0131na kadar d\u00fcnyada 121 milyar dolar, T\u00fcrkiye\u2019de de 217 milyon dolar seviyesine \u00e7\u0131kmas\u0131 bekleniyor. B\u00fcy\u00fcyen bu pazarda Nesnelerin \u0130nterneti teknolojisinin de \u00f6nemli bir pay\u0131 olacak. Siemens olarak End\u00fcstri 4.0\u2019\u0131 d\u00fcnya genelinde sahiplenen, T\u00fcrkiye\u2019nin dijital d\u00f6n\u00fc\u015f\u00fcm\u00fcne rehberlik eden bir markay\u0131z. Siemens\u2019in T\u00fcrk m\u00fchendislerinin geli\u015ftirdi\u011fi yaz\u0131l\u0131m, Turkcell&#8217;in Ak\u0131ll\u0131 Ev Platformu\u2019yla tam entegrasyon sa\u011flayacak ve enerji t\u00fcketimini azaltacak. Sistemin kuruldu\u011fu konutlar ve binalar \u201cAvrupa Binalarda Enerji Performans\u0131 Standard\u0131 EN 15232\u201de tam uyumlu olarak A s\u0131n\u0131f\u0131 enerji verimlili\u011fine sahip olacak. \u0130\u015f birli\u011fimiz ilerleyen d\u00f6nemlerde kapsam\u0131n\u0131 s\u00fcrekli geni\u015fleterek, bireylerden b\u00fcy\u00fck \u00f6l\u00e7ekli end\u00fcstriyel kurulu\u015flara kadar pek \u00e7ok noktay\u0131 kapsayacak.\u201d<\/p>\n<p><strong>Enerji t\u00fcketimini kontrol alt\u0131na alacak<\/strong><\/p>\n<p>\u00c7a\u011f\u0131m\u0131z\u0131n en \u00f6nemli geli\u015fmelerinden olan ve End\u00fcstri 4.0\u2019\u0131n temellerinden birini olu\u015fturan Nesnelerin \u0130nterneti teknolojisi, bu yeni i\u015fbirli\u011finde kilit rol oynayacak. Ak\u0131ll\u0131 cihazlar\u0131n birbirleriyle ileti\u015fim kuraca\u011f\u0131 ve otomatik olarak \u00e7al\u0131\u015faca\u011f\u0131 proje kapsam\u0131nda, enerji y\u00f6netim sistemi ak\u0131ll\u0131 telefonlar arac\u0131l\u0131\u011f\u0131yla kullan\u0131labilecek. Bireysel dijital servis \u00e7\u00f6z\u00fcmleri kapsam\u0131nda, ak\u0131ll\u0131 konutlar\u0131n sahip olaca\u011f\u0131 dijital altyap\u0131 sayesinde kullan\u0131c\u0131lara sunulacak hizmetler <strong>Turkcell ve Siemens<\/strong> taraf\u0131ndan geli\u015ftirilip \u201cEnerji Y\u00f6netimi ve Tasarrufu\u201d, \u201cKonfor\u201d, \u201cEmniyet ve G\u00fcvenlik\u201d, \u201cVideo G\u00f6zetim ve E\u011flence\u201d paketleri alt\u0131nda toplanacak ve <strong>Turkcell <\/strong>taraf\u0131ndan son kullan\u0131c\u0131lara ula\u015ft\u0131r\u0131lacak. Kurumsal tarafta ise, enerji t\u00fcketimini kontrol alt\u0131na almak ve en verimli \u015fekilde y\u00f6netmek amac\u0131yla, dijital teknolojiler kullan\u0131larak <strong>Siemens<\/strong>&#8216;in uzman enerji m\u00fchendislerinin tecr\u00fcbesi kurumlarla payla\u015f\u0131lacak. B\u00f6ylece kurumlara, herhangi bir ek altyap\u0131 maliyeti olu\u015fturmadan, enerji veri y\u00f6netimi dan\u0131\u015fmanl\u0131\u011f\u0131 hizmeti verilecek.<\/p>\n<p>Stratejik i\u015f birli\u011fini uzun vadede s\u00fcrd\u00fcrmeyi planlayan Turkcell ve Siemens ilerleyen d\u00f6nemde pek \u00e7ok farkl\u0131 sekt\u00f6r\u00fcn i\u015f s\u00fcre\u00e7lerinde ve uygulamalar\u0131nda da enerji tasarrufuna y\u00f6nelik dijital servis \u00e7\u00f6z\u00fcmlerini devreye alacak. B\u00f6ylece, T\u00fcrkiye\u2019nin hem enerji verimlili\u011fi \u00e7al\u0131\u015fmalar\u0131na hem de End\u00fcstri 4.0 yol haritas\u0131na \u00f6nemli bir katk\u0131 sa\u011flanm\u0131\u015f olacak.<\/p>","protected":false},"excerpt":{"rendered":"<p>Sorry, this entry is only available in Turkish. For the sake of viewer convenience, the content is shown below in the alternative language. You may click the link to switch the active language.Turkcell ve Siemens, T\u00fcrkiye&#8217;de enerji verimlili\u011fini art\u0131rmaya y\u00f6nelik dijital servis \u00e7\u00f6z\u00fcmlerini birlikte sunmak amac\u0131yla stratejik bir i\u015f birli\u011fi ger\u00e7ekle\u015ftirdi.\u00a0 Bu i\u015f birli\u011fiyle hayata [&hellip;]<\/p>\n","protected":false},"author":1,"featured_media":68277,"comment_status":"open","ping_status":"open","sticky":false,"template":"","format":"standard","meta":[],"categories":[53,52],"tags":[35698,35697,8294,103,148,12,33724,33376,1053,138,793],"views":742,"_links":{"self":[{"href":"https:\/\/www.enerjigazetesi.ist\/en\/wp-json\/wp\/v2\/posts\/68274"}],"collection":[{"href":"https:\/\/www.enerjigazetesi.ist\/en\/wp-json\/wp\/v2\/posts"}],"about":[{"href":"https:\/\/www.enerjigazetesi.ist\/en\/wp-json\/wp\/v2\/types\/post"}],"author":[{"embeddable":true,"href":"https:\/\/www.enerjigazetesi.ist\/en\/wp-json\/wp\/v2\/users\/1"}],"replies":[{"embeddable":true,"href":"https:\/\/www.enerjigazetesi.ist\/en\/wp-json\/wp\/v2\/comments?post=68274"}],"version-history":[{"count":3,"href":"https:\/\/www.enerjigazetesi.ist\/en\/wp-json\/wp\/v2\/posts\/68274\/revisions"}],"predecessor-version":[{"id":68279,"href":"https:\/\/www.enerjigazetesi.ist\/en\/wp-json\/wp\/v2\/posts\/68274\/revisions\/68279"}],"wp:featuredmedia":[{"embeddable":true,"href":"https:\/\/www.enerjigazetesi.ist\/en\/wp-json\/wp\/v2\/media\/68277"}],"wp:attachment":[{"href":"https:\/\/www.enerjigazetesi.ist\/en\/wp-json\/wp\/v2\/media?parent=68274"}],"wp:term":[{"taxonomy":"category","embeddable":true,"href":"https:\/\/www.enerjigazetesi.ist\/en\/wp-json\/wp\/v2\/categories?post=68274"},{"taxonomy":"post_tag","embeddable":true,"href":"https:\/\/www.enerjigazetesi.ist\/en\/wp-json\/wp\/v2\/tags?post=68274"}],"curies":[{"name":"wp","href":"https:\/\/api.w.org\/{rel}","templated":true}]}}