{"id":68259,"date":"2017-10-11T09:14:21","date_gmt":"2017-10-11T06:14:21","guid":{"rendered":"https:\/\/www.enerjigazetesi.ist\/?p=68259"},"modified":"2017-10-11T09:14:21","modified_gmt":"2017-10-11T06:14:21","slug":"enerjisa-uc-kristal-elma-odulunun-sahibi-oldu","status":"publish","type":"post","link":"https:\/\/www.enerjigazetesi.ist\/en\/enerjisa-uc-kristal-elma-odulunun-sahibi-oldu\/","title":{"rendered":"(Turkish) Enerjisa \u00dc\u00e7 Kristal Elma \u00d6d\u00fcl\u00fcn\u00fcn Sahibi Oldu"},"content":{"rendered":"<p class=\"qtranxs-available-languages-message qtranxs-available-languages-message-en\">Sorry, this entry is only available in <a href=\"https:\/\/www.enerjigazetesi.ist\/tr\/wp-json\/wp\/v2\/posts\/68259\" class=\"qtranxs-available-language-link qtranxs-available-language-link-tr\" title=\"Turkish\">Turkish<\/a>. For the sake of viewer convenience, the content is shown below in the alternative language. You may click the link to switch the active language.<\/p><p><\/p>\n<div id=\"wrap\" class=\"wrap\">\n<div class=\"main-con\">\n<section>\n<div id=\"history-container\" class=\"con\">\n<div class=\"nws-dtl clearfix\" data-id=\"385595\" data-next=\"https:\/\/www.dunya.com\/sektorler\/enerji\/spot-piyasada-elektrik-fiyatlari-10102017-haberi-385517?ref=page_infinite\" data-url=\"https:\/\/www.dunya.com\/sektorler\/enerji\/enerjisaya-tasarrufta-3-odul-haberi-385595\" data-title=\"Enerjisa'ya tasarrufta 3 \u00f6d\u00fcl\">\n<div class=\"nws-dtl-cnt\">\n<article>\n<div class=\"artc-cnt\">\n<p><strong>Enerjisa, 2016 y\u0131l\u0131nda \u2018Enerjini Koru\u2019 slogan\u0131yla enerji verimlili\u011fi konusunda fark\u0131ndal\u0131k yaratmak i\u00e7in yola \u00e7\u0131kt\u0131. Bu kapsamda pek \u00e7ok projeye imza atan Enerjisa, \u2018\u0130nsanl\u0131k i\u00e7in Yarat\u0131c\u0131l\u0131k\u2019 ve \u2018Yarat\u0131c\u0131l\u0131k Bula\u015f\u0131c\u0131d\u0131r\u2019 temalar\u0131yla bu y\u0131l 29\u2019uncusu d\u00fczenlenen Kristal Elma\u2019da \u2018D\u00fcnya\u2019n\u0131n Enerji Tasarrufu Yapt\u0131ran \u0130lk Dijital Reklam\u0131\u2019 Kristal Elma ve Web Kullan\u0131m\u0131 kategorisinde g\u00fcm\u00fc\u015f \u00f6d\u00fcl ve \u2018Enerjini Bo\u015fa Harcama\u2019 filmiyle de iki Kristal Elma \u00f6d\u00fcl\u00fc kazand\u0131.<\/strong><\/p>\n<p>Enerjisa Enerji CEO\u2019su K\u0131van\u00e7 Zaimler, &#8220;Enerjisa olarak, T\u00fcrkiye\u2019nin en \u00f6nemli konular\u0131ndan biri olan enerji verimlili\u011fi alan\u0131nda, sahip oldu\u011fumuz birikim ve sorumluluk bilinci ile yol g\u00f6sterici olmay\u0131 <img loading=\"lazy\" class=\"alignleft size-medium wp-image-68260\" src=\"https:\/\/www.enerjigazetesi.ist\/wp-content\/uploads\/2017\/10\/enerjisaya-tasarrufta-3-odul-birden-verildi-300x300.jpg\" alt=\"\" width=\"300\" height=\"300\" srcset=\"https:\/\/www.enerjigazetesi.ist\/wp-content\/uploads\/2017\/10\/enerjisaya-tasarrufta-3-odul-birden-verildi-300x300.jpg 300w, https:\/\/www.enerjigazetesi.ist\/wp-content\/uploads\/2017\/10\/enerjisaya-tasarrufta-3-odul-birden-verildi-150x150.jpg 150w, https:\/\/www.enerjigazetesi.ist\/wp-content\/uploads\/2017\/10\/enerjisaya-tasarrufta-3-odul-birden-verildi.jpg 400w, https:\/\/www.enerjigazetesi.ist\/wp-content\/uploads\/2017\/10\/enerjisaya-tasarrufta-3-odul-birden-verildi-50x50.jpg 50w, https:\/\/www.enerjigazetesi.ist\/wp-content\/uploads\/2017\/10\/enerjisaya-tasarrufta-3-odul-birden-verildi-144x144.jpg 144w\" sizes=\"(max-width: 300px) 100vw, 300px\" \/>hedefliyoruz. &#8220;Enerjini Koru&#8221; slogan\u0131yla tasarruf kampanyam\u0131z\u0131 ba\u015flat\u0131rken amac\u0131m\u0131z \u00f6ncelikle hane halk\u0131ndan ba\u015flayarak \u00fclke genelinde herkesi enerji tasarrufu yapmaya te\u015fvik etmek ve t\u00fcketim davran\u0131\u015flar\u0131nda bir de\u011fi\u015fim sa\u011flamakt\u0131. Hem kampanyam\u0131z\u0131n ba\u015far\u0131s\u0131 \u00fclkemize sa\u011flad\u0131\u011f\u0131 katk\u0131 hem de \u00e7al\u0131\u015fmalar\u0131m\u0131z\u0131n b\u00f6yle anlaml\u0131 \u00f6d\u00fcllere lay\u0131k g\u00f6r\u00fclmesi bizi gururland\u0131r\u0131yor. Enerjisa olarak dijitalle\u015fme ve yeni teknolojilerle t\u00fcketiciye yeni deneyimler yaratmaya devam edece\u011fiz&#8221; dedi.<\/p>\n<p>Enerjisa\u2019n\u0131n dijital mecralarda hem masa\u00fcst\u00fc hem de mobil reklam alanlar\u0131 \u00fczerinden interaktif enerji tasarrufu imk\u00e2n\u0131 sunan \u2018Tasarruf Modu\u2019 uygulamas\u0131 MIXX T\u00fcrkiye 2017\u2019de 3 \u00f6d\u00fcle ve dijital ileti\u015fim d\u00fcnyas\u0131n\u0131n se\u00e7kin \u00f6d\u00fcllerinden Marketing and Interactive Excellence (MIXX) Europe 2017\u2019de \u2018Etkile\u015fimli Dijital Reklam\u2019 kategorisinde g\u00fcm\u00fc\u015f \u00f6d\u00fcle lay\u0131k g\u00f6r\u00fclm\u00fc\u015ft\u00fc.<\/p>\n<div id=\"wrap\" class=\"wrap\">\n<div class=\"main-con\">\n<section>\n<div id=\"history-container\" class=\"con\">\n<div class=\"nws-dtl clearfix\" data-id=\"385595\" data-next=\"https:\/\/www.dunya.com\/sektorler\/enerji\/spot-piyasada-elektrik-fiyatlari-10102017-haberi-385517?ref=page_infinite\" data-url=\"https:\/\/www.dunya.com\/sektorler\/enerji\/enerjisaya-tasarrufta-3-odul-haberi-385595\" data-title=\"Enerjisa'ya tasarrufta 3 \u00f6d\u00fcl\">\n<div class=\"nws-dtl-cnt\">\n<article>\n<div class=\"artc-cnt\">\n<h2><strong>Bir okulun 2 ayl\u0131k elektri\u011fi kadar tasarruf<\/strong><\/h2>\n<\/div>\n<\/article>\n<\/div>\n<\/div>\n<\/div>\n<\/section>\n<\/div>\n<\/div>\n<div id=\"wrap\" class=\"wrap\">\n<div class=\"main-con\">\n<section>\n<div id=\"history-container\" class=\"con\">\n<div class=\"nws-dtl clearfix\" data-id=\"385595\" data-next=\"https:\/\/www.dunya.com\/sektorler\/enerji\/spot-piyasada-elektrik-fiyatlari-10102017-haberi-385517?ref=page_infinite\" data-url=\"https:\/\/www.dunya.com\/sektorler\/enerji\/enerjisaya-tasarrufta-3-odul-haberi-385595\" data-title=\"Enerjisa'ya tasarrufta 3 \u00f6d\u00fcl\">\n<div class=\"nws-dtl-cnt\">\n<article>\n<div class=\"artc-cnt\">\n<p>Enerjisa\u2019n\u0131n #enerjnikoru hareketi kapsam\u0131nda kampanya d\u00f6neminde hem markan\u0131n web sitelerinde hem de eri\u015fimi y\u00fcksek mecralarda uygulanan Tasarruf Modu uygulamas\u0131 ile toplam 25 milyon g\u00f6r\u00fcnt\u00fclenme \u00fczerinden 5 milyon tekil kullan\u0131c\u0131ya eri\u015fildi. B\u00f6ylece toplam 750 kilovat saat enerji tasarrufu sa\u011flanarak, kullan\u0131c\u0131lar\u0131n reklam yay\u0131nlar\u0131 \u00fczerinden bir okulun yakla\u015f\u0131k 2 ayl\u0131k ayd\u0131nlatma elektrik bedeli kadar tasarruf sa\u011fland\u0131.<\/p>\n<\/div>\n<\/article>\n<\/div>\n<\/div>\n<\/div>\n<\/section>\n<\/div>\n<\/div>\n<\/div>\n<\/article>\n<\/div>\n<\/div>\n<\/div>\n<\/section>\n<\/div>\n<\/div>\n<p><\/p>","protected":false},"excerpt":{"rendered":"<p>Sorry, this entry is only available in Turkish. For the sake of viewer convenience, the content is shown below in the alternative language. You may click the link to switch the active language. Enerjisa, 2016 y\u0131l\u0131nda \u2018Enerjini Koru\u2019 slogan\u0131yla enerji verimlili\u011fi konusunda fark\u0131ndal\u0131k yaratmak i\u00e7in yola \u00e7\u0131kt\u0131. Bu kapsamda pek \u00e7ok projeye imza atan Enerjisa, [&hellip;]<\/p>\n","protected":false},"author":1,"featured_media":68260,"comment_status":"open","ping_status":"open","sticky":false,"template":"","format":"standard","meta":[],"categories":[53,52],"tags":[103,12,32360,422,21689,35692,793],"views":1074,"_links":{"self":[{"href":"https:\/\/www.enerjigazetesi.ist\/en\/wp-json\/wp\/v2\/posts\/68259"}],"collection":[{"href":"https:\/\/www.enerjigazetesi.ist\/en\/wp-json\/wp\/v2\/posts"}],"about":[{"href":"https:\/\/www.enerjigazetesi.ist\/en\/wp-json\/wp\/v2\/types\/post"}],"author":[{"embeddable":true,"href":"https:\/\/www.enerjigazetesi.ist\/en\/wp-json\/wp\/v2\/users\/1"}],"replies":[{"embeddable":true,"href":"https:\/\/www.enerjigazetesi.ist\/en\/wp-json\/wp\/v2\/comments?post=68259"}],"version-history":[{"count":1,"href":"https:\/\/www.enerjigazetesi.ist\/en\/wp-json\/wp\/v2\/posts\/68259\/revisions"}],"predecessor-version":[{"id":68261,"href":"https:\/\/www.enerjigazetesi.ist\/en\/wp-json\/wp\/v2\/posts\/68259\/revisions\/68261"}],"wp:featuredmedia":[{"embeddable":true,"href":"https:\/\/www.enerjigazetesi.ist\/en\/wp-json\/wp\/v2\/media\/68260"}],"wp:attachment":[{"href":"https:\/\/www.enerjigazetesi.ist\/en\/wp-json\/wp\/v2\/media?parent=68259"}],"wp:term":[{"taxonomy":"category","embeddable":true,"href":"https:\/\/www.enerjigazetesi.ist\/en\/wp-json\/wp\/v2\/categories?post=68259"},{"taxonomy":"post_tag","embeddable":true,"href":"https:\/\/www.enerjigazetesi.ist\/en\/wp-json\/wp\/v2\/tags?post=68259"}],"curies":[{"name":"wp","href":"https:\/\/api.w.org\/{rel}","templated":true}]}}