{"id":68252,"date":"2017-10-11T08:30:43","date_gmt":"2017-10-11T05:30:43","guid":{"rendered":"https:\/\/www.enerjigazetesi.ist\/?p=68252"},"modified":"2017-10-11T08:32:02","modified_gmt":"2017-10-11T05:32:02","slug":"smart-energy-ilk-gunes-paneli-teslimatina-basladi","status":"publish","type":"post","link":"https:\/\/www.enerjigazetesi.ist\/en\/smart-energy-ilk-gunes-paneli-teslimatina-basladi\/","title":{"rendered":"(Turkish) Smart Energy \u0130lk G\u00fcne\u015f Paneli Teslimat\u0131na Ba\u015flad\u0131"},"content":{"rendered":"<p class=\"qtranxs-available-languages-message qtranxs-available-languages-message-en\">Sorry, this entry is only available in <a href=\"https:\/\/www.enerjigazetesi.ist\/tr\/wp-json\/wp\/v2\/posts\/68252\" class=\"qtranxs-available-language-link qtranxs-available-language-link-tr\" title=\"Turkish\">Turkish<\/a>. For the sake of viewer convenience, the content is shown below in the alternative language. You may click the link to switch the active language.<\/p><p><strong>Yenilenebilir enerji sekt\u00f6r\u00fcn\u00fcn \u00f6nemli yat\u0131r\u0131mc\u0131lar\u0131ndan biri olan Smart Energy, \u00fcretime ba\u015flad\u0131\u011f\u0131 ilk ay ilk teslimat\u0131n\u0131 da ger\u00e7ekle\u015ftirdi. Gebze\u2019deki g\u00fcne\u015f paneli fabrikas\u0131ndan ilk t\u0131rlar\u0131n\u0131 yolcu eden Smart Energy, ilk y\u0131l\u0131n i\u00e7inde ilk ihracat\u0131n\u0131 ger\u00e7ekle\u015ftirmeye de haz\u0131rlan\u0131yor. Smart Energy Y\u00f6netim Kurulu Ba\u015fkan\u0131 Halil Demirda\u011f, \u201c\u0130lk teslimat\u0131m\u0131z\u0131 yurti\u00e7ine yapt\u0131k, hedefimizde Avrupa ve Amerika var\u201d dedi.<\/strong><\/p>\n<p>Kurdu\u011fu g\u00fcne\u015f enerji santralleri ile yenilebilir enerji sekt\u00f6r\u00fcn\u00fcn \u00f6nde gelen \u015firketlerinden biri olan Smart Energy, \u00fcretici kimli\u011fi ile de sekt\u00f6rdeki yerini ald\u0131. \u00c7inli orta\u011f\u0131 SUMEC ile birlikte T\u00fcrkiye\u2019deki fabrikas\u0131nda yerli g\u00fcne\u015f paneli \u00fcretimine ba\u015flayan Smart Energy, daha ilk ay\u0131nda ilk teslimat\u0131n\u0131 yapmay\u0131 <img loading=\"lazy\" class=\"alignleft size-medium wp-image-68253\" src=\"https:\/\/www.enerjigazetesi.ist\/wp-content\/uploads\/2017\/10\/smart-energy-ilk-gunes-paneli-teslimatina-basladi-300x168.jpg\" alt=\"\" width=\"300\" height=\"168\" srcset=\"https:\/\/www.enerjigazetesi.ist\/wp-content\/uploads\/2017\/10\/smart-energy-ilk-gunes-paneli-teslimatina-basladi-300x168.jpg 300w, https:\/\/www.enerjigazetesi.ist\/wp-content\/uploads\/2017\/10\/smart-energy-ilk-gunes-paneli-teslimatina-basladi-768x431.jpg 768w, https:\/\/www.enerjigazetesi.ist\/wp-content\/uploads\/2017\/10\/smart-energy-ilk-gunes-paneli-teslimatina-basladi-1024x575.jpg 1024w, https:\/\/www.enerjigazetesi.ist\/wp-content\/uploads\/2017\/10\/smart-energy-ilk-gunes-paneli-teslimatina-basladi-500x281.jpg 500w, https:\/\/www.enerjigazetesi.ist\/wp-content\/uploads\/2017\/10\/smart-energy-ilk-gunes-paneli-teslimatina-basladi-80x45.jpg 80w, https:\/\/www.enerjigazetesi.ist\/wp-content\/uploads\/2017\/10\/smart-energy-ilk-gunes-paneli-teslimatina-basladi.jpg 1600w\" sizes=\"(max-width: 300px) 100vw, 300px\" \/>ba\u015fard\u0131.<\/p>\n<p>Smart Energy Y\u00f6netim Kurulu Ba\u015fkan\u0131 Halil Demirda\u011f, Gebze\u2019de 23 bin 500 metrekarelik alanda \u00fcretime ge\u00e7en Smart Solar fabrikas\u0131n\u0131n \u00f6nemli bir ihtiyac\u0131 kar\u015f\u0131layaca\u011f\u0131n\u0131 belirtti ve \u015fu bilgileri verdi: \u201cDaha \u00fcretime ba\u015flamadan \u00f6n sipari\u015fleri almaya ba\u015flam\u0131\u015ft\u0131k. 21 A\u011fustos\u2019ta \u00fcretime ba\u015flad\u0131\u011f\u0131m\u0131z g\u00fcnden bu yana da yo\u011fun bir \u015fekilde \u00e7al\u0131\u015f\u0131yoruz. \u0130lk sevkiyat\u0131m\u0131z\u0131 Osmaniye Organize Sanayi B\u00f6lgesi\u2019ne ger\u00e7ekle\u015ftirdik. S\u0131rada anla\u015fmas\u0131n\u0131 yapt\u0131\u011f\u0131m\u0131z di\u011fer m\u00fc\u015fterilerimiz var, onlar\u0131n \u00fcr\u00fcnleri de \u00fcretim a\u015famas\u0131nda.\u201d<\/p>\n<p>Smart Energy\u2019nin \u00fcretti\u011fi panellerin b\u00fcy\u00fck ilgi g\u00f6rmesinin en \u00f6nemli nedeninin \u00fcr\u00fcn kalitesi oldu\u011funa dikkat \u00e7eken Demirda\u011f, \u015funlar\u0131 s\u00f6yledi: \u201cT\u00fcrk mal\u0131 olan panellerimiz, d\u00fcnyan\u0131n en b\u00fcy\u00fck 500 \u015firketinden biri olan orta\u011f\u0131m\u0131z SUMEC\u2019e ait ve Bloomberg Tier 1 listesinde yer alan Phono Solar markas\u0131n\u0131 ta\u015f\u0131yor. \u00dcretim haklar\u0131n\u0131 devrald\u0131\u011f\u0131m\u0131z Phono Solar markas\u0131 t\u00fcm d\u00fcnyada kalitesi ile bilinen bir marka. \u00dcr\u00fcnlerimizin arkas\u0131nda hem SUMEC\u2019in, hem de Smart Energy\u2019nin g\u00fcc\u00fc ve tecr\u00fcbesi var. Bu nedenle b\u00fcy\u00fck ilgi g\u00f6r\u00fcyor.\u201d<\/p>\n<p>\u0130lk \u00fcretim y\u0131l\u0131nda ilk ihracat\u0131 yapmay\u0131 da hedeflediklerini a\u00e7\u0131klayan Halil Demirda\u011f, bu konudaki geli\u015fmeleri \u015f\u00f6yle aktard\u0131: \u201cGebze\u2019deki \u00fcretim tesislerinde daha ba\u015flang\u0131\u00e7tan itibaren t\u00fcm d\u00fcnyada kabul g\u00f6rm\u00fc\u015f kalite standartlar\u0131nda PERC, bifacial, \u00e7ift-cam gibi yeni nesil panellerin \u00fcretimini yapabilmemiz bize yurti\u00e7inde oldu\u011fu gibi, yurtd\u0131\u015f\u0131 pazarlarda da b\u00fcy\u00fck avantajlar sa\u011fl\u0131yor. \u0130lk \u00fcretim panellerimizin al\u0131c\u0131lar\u0131 T\u00fcrkiye\u2019den, ancak hedefimiz ilk y\u0131l\u0131n sonunda Avrupa ve ABD\u2019ye ihracat yapmak. T\u00fcrkiye\u2019de \u00fcretti\u011fimiz panelleri d\u00fcnyan\u0131n bir\u00e7ok \u00fclkesine satarak, \u00fclkemize yeni bir ihracat kap\u0131s\u0131 a\u00e7m\u0131\u015f olaca\u011f\u0131z. Hedef pazarlar\u0131m\u0131z Avrupa ve Amerika ile de s\u0131n\u0131rl\u0131 de\u011fil. Afrika ve Arap \u00fclkelerindeki pek \u00e7ok m\u00fc\u015fteri ile de g\u00f6r\u00fc\u015f\u00fcyoruz. T\u00fcrkiye\u2019de \u00fcretti\u011fimiz panelleri d\u00fcnyan\u0131n bir\u00e7ok \u00fclkesine satarak, \u00fclkemize yeni bir ihracat kap\u0131s\u0131 a\u00e7m\u0131\u015f olaca\u011f\u0131z. Her pazar\u0131n kendine g\u00f6re dinamikleri var. Hepsi i\u00e7in ayr\u0131 \u00fcr\u00fcn gam\u0131m\u0131z mevcut. \u00dcretici olman\u0131n ve g\u00fc\u00e7l\u00fc ortakl\u0131\u011f\u0131m\u0131z\u0131n avantajlar\u0131ndan ihracat\u00e7\u0131 olarak yararlanaca\u011f\u0131z.\u201d<\/p>\n<p>Demirda\u011f, bu geli\u015fmeler do\u011frultusunda 400 MW olan y\u0131ll\u0131k \u00fcretim kapasitesini ilk etapta 800 MW, ard\u0131ndan da 1.200 MW seviyesine \u00e7\u0131karacaklar\u0131n\u0131 belirtirken, \u201cB\u00f6ylece T\u00fcrkiye ve Avrupa\u2019n\u0131n en b\u00fcy\u00fck g\u00fcne\u015f paneli \u00fcreticisi olarak \u00fclkemize de\u011fer katmaya devam edece\u011fiz\u201d dedi.<\/p>","protected":false},"excerpt":{"rendered":"<p>Sorry, this entry is only available in Turkish. For the sake of viewer convenience, the content is shown below in the alternative language. You may click the link to switch the active language.Yenilenebilir enerji sekt\u00f6r\u00fcn\u00fcn \u00f6nemli yat\u0131r\u0131mc\u0131lar\u0131ndan biri olan Smart Energy, \u00fcretime ba\u015flad\u0131\u011f\u0131 ilk ay ilk teslimat\u0131n\u0131 da ger\u00e7ekle\u015ftirdi. Gebze\u2019deki g\u00fcne\u015f paneli fabrikas\u0131ndan ilk t\u0131rlar\u0131n\u0131 [&hellip;]<\/p>\n","protected":false},"author":1,"featured_media":68253,"comment_status":"open","ping_status":"open","sticky":false,"template":"","format":"standard","meta":[],"categories":[53,49,18007],"tags":[13,23416,23133,142,8256,34925,23131,34862,34859,26385,26829],"views":1786,"_links":{"self":[{"href":"https:\/\/www.enerjigazetesi.ist\/en\/wp-json\/wp\/v2\/posts\/68252"}],"collection":[{"href":"https:\/\/www.enerjigazetesi.ist\/en\/wp-json\/wp\/v2\/posts"}],"about":[{"href":"https:\/\/www.enerjigazetesi.ist\/en\/wp-json\/wp\/v2\/types\/post"}],"author":[{"embeddable":true,"href":"https:\/\/www.enerjigazetesi.ist\/en\/wp-json\/wp\/v2\/users\/1"}],"replies":[{"embeddable":true,"href":"https:\/\/www.enerjigazetesi.ist\/en\/wp-json\/wp\/v2\/comments?post=68252"}],"version-history":[{"count":1,"href":"https:\/\/www.enerjigazetesi.ist\/en\/wp-json\/wp\/v2\/posts\/68252\/revisions"}],"predecessor-version":[{"id":68254,"href":"https:\/\/www.enerjigazetesi.ist\/en\/wp-json\/wp\/v2\/posts\/68252\/revisions\/68254"}],"wp:featuredmedia":[{"embeddable":true,"href":"https:\/\/www.enerjigazetesi.ist\/en\/wp-json\/wp\/v2\/media\/68253"}],"wp:attachment":[{"href":"https:\/\/www.enerjigazetesi.ist\/en\/wp-json\/wp\/v2\/media?parent=68252"}],"wp:term":[{"taxonomy":"category","embeddable":true,"href":"https:\/\/www.enerjigazetesi.ist\/en\/wp-json\/wp\/v2\/categories?post=68252"},{"taxonomy":"post_tag","embeddable":true,"href":"https:\/\/www.enerjigazetesi.ist\/en\/wp-json\/wp\/v2\/tags?post=68252"}],"curies":[{"name":"wp","href":"https:\/\/api.w.org\/{rel}","templated":true}]}}