{"id":68166,"date":"2017-10-08T16:00:37","date_gmt":"2017-10-08T13:00:37","guid":{"rendered":"https:\/\/www.enerjigazetesi.ist\/?p=68166"},"modified":"2017-10-08T16:00:37","modified_gmt":"2017-10-08T13:00:37","slug":"enerjisanin-erciyes-resinde-vestas-turbinler-yer-alacak","status":"publish","type":"post","link":"https:\/\/www.enerjigazetesi.ist\/en\/enerjisanin-erciyes-resinde-vestas-turbinler-yer-alacak\/","title":{"rendered":"(Turkish) Enerjisa&#8217;n\u0131n Erciyes RES&#8217;inde Vestas T\u00fcrbinler Yer Alacak"},"content":{"rendered":"<p class=\"qtranxs-available-languages-message qtranxs-available-languages-message-en\">Sorry, this entry is only available in <a href=\"https:\/\/www.enerjigazetesi.ist\/tr\/wp-json\/wp\/v2\/posts\/68166\" class=\"qtranxs-available-language-link qtranxs-available-language-link-tr\" title=\"Turkish\">Turkish<\/a>. For the sake of viewer convenience, the content is shown below in the alternative language. You may click the link to switch the active language.<\/p><p><strong>21 Haziran tarihinde yap\u0131lan r\u00fczgar lisans\u00a0yar\u0131\u015fmalar\u0131nda Erciyes RES i\u00e7in 65 MW kapasite tahsisi elde eden Enerjisa\u00a0Enerji \u00dcretim A\u015e taraf\u0131ndan santralin kurulumuna y\u00f6nelik \u00e7al\u0131\u015fmalara ba\u015fland\u0131.<\/strong><\/p>\n<p><img loading=\"lazy\" class=\"alignleft wp-image-48679 size-medium\" src=\"https:\/\/www.enerjigazetesi.ist\/wp-content\/uploads\/2016\/01\/vestas-uc-ulkeden-207-mwlik-siparis-aldi-300x168.jpg\" alt=\"enerjisanin-erciyes-resinde-vestas-turbinler-yer-alacak\" width=\"300\" height=\"168\" srcset=\"https:\/\/www.enerjigazetesi.ist\/wp-content\/uploads\/2016\/01\/vestas-uc-ulkeden-207-mwlik-siparis-aldi-300x168.jpg 300w, https:\/\/www.enerjigazetesi.ist\/wp-content\/uploads\/2016\/01\/vestas-uc-ulkeden-207-mwlik-siparis-aldi-80x45.jpg 80w, https:\/\/www.enerjigazetesi.ist\/wp-content\/uploads\/2016\/01\/vestas-uc-ulkeden-207-mwlik-siparis-aldi.jpg 448w\" sizes=\"(max-width: 300px) 100vw, 300px\" \/><\/p>\n<p>MW Ba\u015f\u0131 Yat\u0131r\u0131m Bedelinin 2.500.000 TL oldu\u011fu proje kapsam\u0131nda 25 adet 2,6 MWm\/2,6 MWe kapasiteli r\u00fczgar t\u00fcrbini kurulumu ger\u00e7ekle\u015ftirilecek. Proje ile VESTAS V100-2,6 MW markal\u0131 t\u00fcrbinler ile y\u0131lda 227.760.000 kWh\/y\u0131l enerji \u00fcretimi yap\u0131lacak.<\/p>\n<p>\u00dcretimi yap\u0131lan elektrik enerjisi sahan\u0131n do\u011fusunda yer alan 154 kV \u00c7aml\u0131ca 1 HES TM- Ye\u015filhisar TM Enerji \u0130letim Hatt\u0131na yakla\u015f\u0131k 1 km uzunlu\u011funda bir hat ile ulusal \u015febekeye verilecek.<\/p>","protected":false},"excerpt":{"rendered":"<p>Sorry, this entry is only available in Turkish. For the sake of viewer convenience, the content is shown below in the alternative language. You may click the link to switch the active language.21 Haziran tarihinde yap\u0131lan r\u00fczgar lisans\u00a0yar\u0131\u015fmalar\u0131nda Erciyes RES i\u00e7in 65 MW kapasite tahsisi elde eden Enerjisa\u00a0Enerji \u00dcretim A\u015e taraf\u0131ndan santralin kurulumuna y\u00f6nelik \u00e7al\u0131\u015fmalara [&hellip;]<\/p>\n","protected":false},"author":1,"featured_media":48679,"comment_status":"open","ping_status":"open","sticky":false,"template":"","format":"standard","meta":[],"categories":[53,50],"tags":[68,422,35638,1039,474,24949,231,23318,34961,34960,324,4734],"views":1712,"_links":{"self":[{"href":"https:\/\/www.enerjigazetesi.ist\/en\/wp-json\/wp\/v2\/posts\/68166"}],"collection":[{"href":"https:\/\/www.enerjigazetesi.ist\/en\/wp-json\/wp\/v2\/posts"}],"about":[{"href":"https:\/\/www.enerjigazetesi.ist\/en\/wp-json\/wp\/v2\/types\/post"}],"author":[{"embeddable":true,"href":"https:\/\/www.enerjigazetesi.ist\/en\/wp-json\/wp\/v2\/users\/1"}],"replies":[{"embeddable":true,"href":"https:\/\/www.enerjigazetesi.ist\/en\/wp-json\/wp\/v2\/comments?post=68166"}],"version-history":[{"count":1,"href":"https:\/\/www.enerjigazetesi.ist\/en\/wp-json\/wp\/v2\/posts\/68166\/revisions"}],"predecessor-version":[{"id":68167,"href":"https:\/\/www.enerjigazetesi.ist\/en\/wp-json\/wp\/v2\/posts\/68166\/revisions\/68167"}],"wp:featuredmedia":[{"embeddable":true,"href":"https:\/\/www.enerjigazetesi.ist\/en\/wp-json\/wp\/v2\/media\/48679"}],"wp:attachment":[{"href":"https:\/\/www.enerjigazetesi.ist\/en\/wp-json\/wp\/v2\/media?parent=68166"}],"wp:term":[{"taxonomy":"category","embeddable":true,"href":"https:\/\/www.enerjigazetesi.ist\/en\/wp-json\/wp\/v2\/categories?post=68166"},{"taxonomy":"post_tag","embeddable":true,"href":"https:\/\/www.enerjigazetesi.ist\/en\/wp-json\/wp\/v2\/tags?post=68166"}],"curies":[{"name":"wp","href":"https:\/\/api.w.org\/{rel}","templated":true}]}}