{"id":68155,"date":"2017-10-07T17:58:38","date_gmt":"2017-10-07T14:58:38","guid":{"rendered":"https:\/\/www.enerjigazetesi.ist\/?p=68155"},"modified":"2017-10-07T17:58:38","modified_gmt":"2017-10-07T14:58:38","slug":"kuveyt-iraktan-savas-tazminati-yerine-dogalgaz-alacak","status":"publish","type":"post","link":"https:\/\/www.enerjigazetesi.ist\/en\/kuveyt-iraktan-savas-tazminati-yerine-dogalgaz-alacak\/","title":{"rendered":"(Turkish) Kuveyt, Irak\u2019tan Sava\u015f Tazminat\u0131 Yerine Do\u011falgaz Alacak"},"content":{"rendered":"<p class=\"qtranxs-available-languages-message qtranxs-available-languages-message-en\">Sorry, this entry is only available in <a href=\"https:\/\/www.enerjigazetesi.ist\/tr\/wp-json\/wp\/v2\/posts\/68155\" class=\"qtranxs-available-language-link qtranxs-available-language-link-tr\" title=\"Turkish\">Turkish<\/a>. For the sake of viewer convenience, the content is shown below in the alternative language. You may click the link to switch the active language.<\/p><p><strong>Kuveyt\u2019in Irak\u2019tan alaca\u011f\u0131 sava\u015f tazminat\u0131n\u0131n bir k\u0131sm\u0131na kar\u015f\u0131l\u0131k, \u00fclkeye do\u011falgaz ihra\u00e7 edilmesi teklifinin onayland\u0131\u011f\u0131 belirtildi.<\/strong><\/p>\n<p><img loading=\"lazy\" class=\"alignleft size-medium wp-image-6363\" src=\"https:\/\/www.enerjigazetesi.ist\/wp-content\/uploads\/2013\/02\/dogalgaz-petrol-aramasi-300x223.jpg\" alt=\"\" width=\"300\" height=\"223\" srcset=\"https:\/\/www.enerjigazetesi.ist\/wp-content\/uploads\/2013\/02\/dogalgaz-petrol-aramasi-300x223.jpg 300w, https:\/\/www.enerjigazetesi.ist\/wp-content\/uploads\/2013\/02\/dogalgaz-petrol-aramasi-67x50.jpg 67w, https:\/\/www.enerjigazetesi.ist\/wp-content\/uploads\/2013\/02\/dogalgaz-petrol-aramasi.jpg 333w\" sizes=\"(max-width: 300px) 100vw, 300px\" \/><\/p>\n<p>Kuveyt Petrol, Elektrik ve Su Bakan\u0131 \u0130sam el-Merzuk\u00a0Almanya\u2019n\u0131n Kuveyt B\u00fcy\u00fckel\u00e7ili\u011finde d\u00fczenlenen kutlamalarda yapt\u0131\u011f\u0131 a\u00e7\u0131klamada\u00a0\u201cAlaca\u011f\u0131m\u0131z tazminat\u0131n bir k\u0131sm\u0131na kar\u015f\u0131l\u0131k Irak\u2019tan do\u011falgaz sat\u0131n al\u0131m\u0131n\u0131 onaylad\u0131k.\u201d dedi.<\/p>\n<p>Taraflar aras\u0131nda fiyat detaylar\u0131n\u0131n g\u00f6r\u00fc\u015f\u00fcld\u00fc\u011f\u00fcn\u00fc belirten Merzuk, konu ile ilgili ayr\u0131nt\u0131l\u0131 bilgi vermedi. BM Tazminat Komisyonunca 2013&#8217;te, Irak\u2019\u0131n 1990 y\u0131l\u0131ndaki i\u015fgali s\u0131ras\u0131nda zarar g\u00f6ren Kuveyt\u2019e 1,24 milyar dolar tazminat \u00f6denmesine y\u00f6nelik karar al\u0131nm\u0131\u015ft\u0131.<\/p>","protected":false},"excerpt":{"rendered":"<p>Sorry, this entry is only available in Turkish. For the sake of viewer convenience, the content is shown below in the alternative language. You may click the link to switch the active language.Kuveyt\u2019in Irak\u2019tan alaca\u011f\u0131 sava\u015f tazminat\u0131n\u0131n bir k\u0131sm\u0131na kar\u015f\u0131l\u0131k, \u00fclkeye do\u011falgaz ihra\u00e7 edilmesi teklifinin onayland\u0131\u011f\u0131 belirtildi. Kuveyt Petrol, Elektrik ve Su Bakan\u0131 \u0130sam el-Merzuk\u00a0Almanya\u2019n\u0131n [&hellip;]<\/p>\n","protected":false},"author":1,"featured_media":6363,"comment_status":"open","ping_status":"open","sticky":false,"template":"","format":"standard","meta":[],"categories":[46,53],"tags":[1128,19761,34929,23219,945,1373,35632,59],"views":798,"_links":{"self":[{"href":"https:\/\/www.enerjigazetesi.ist\/en\/wp-json\/wp\/v2\/posts\/68155"}],"collection":[{"href":"https:\/\/www.enerjigazetesi.ist\/en\/wp-json\/wp\/v2\/posts"}],"about":[{"href":"https:\/\/www.enerjigazetesi.ist\/en\/wp-json\/wp\/v2\/types\/post"}],"author":[{"embeddable":true,"href":"https:\/\/www.enerjigazetesi.ist\/en\/wp-json\/wp\/v2\/users\/1"}],"replies":[{"embeddable":true,"href":"https:\/\/www.enerjigazetesi.ist\/en\/wp-json\/wp\/v2\/comments?post=68155"}],"version-history":[{"count":1,"href":"https:\/\/www.enerjigazetesi.ist\/en\/wp-json\/wp\/v2\/posts\/68155\/revisions"}],"predecessor-version":[{"id":68156,"href":"https:\/\/www.enerjigazetesi.ist\/en\/wp-json\/wp\/v2\/posts\/68155\/revisions\/68156"}],"wp:featuredmedia":[{"embeddable":true,"href":"https:\/\/www.enerjigazetesi.ist\/en\/wp-json\/wp\/v2\/media\/6363"}],"wp:attachment":[{"href":"https:\/\/www.enerjigazetesi.ist\/en\/wp-json\/wp\/v2\/media?parent=68155"}],"wp:term":[{"taxonomy":"category","embeddable":true,"href":"https:\/\/www.enerjigazetesi.ist\/en\/wp-json\/wp\/v2\/categories?post=68155"},{"taxonomy":"post_tag","embeddable":true,"href":"https:\/\/www.enerjigazetesi.ist\/en\/wp-json\/wp\/v2\/tags?post=68155"}],"curies":[{"name":"wp","href":"https:\/\/api.w.org\/{rel}","templated":true}]}}