{"id":6814,"date":"2013-02-17T18:54:23","date_gmt":"2013-02-17T15:54:23","guid":{"rendered":"https:\/\/www.enerjigazetesi.ist\/?p=6814"},"modified":"2013-02-17T18:54:23","modified_gmt":"2013-02-17T15:54:23","slug":"enerji-hanim-ile-4-milyar-lira","status":"publish","type":"post","link":"https:\/\/www.enerjigazetesi.ist\/en\/enerji-hanim-ile-4-milyar-lira\/","title":{"rendered":"(Turkish) Enerji Han\u0131m \u0130le 4 Milyar Lira&#8230;"},"content":{"rendered":"<p class=\"qtranxs-available-languages-message qtranxs-available-languages-message-en\">Sorry, this entry is only available in <a href=\"https:\/\/www.enerjigazetesi.ist\/tr\/wp-json\/wp\/v2\/posts\/6814\" class=\"qtranxs-available-language-link qtranxs-available-language-link-tr\" title=\"Turkish\">Turkish<\/a>. For the sake of viewer convenience, the content is shown below in the alternative language. You may click the link to switch the active language.<\/p><p><strong>Enerji ve Tabii Kaynaklar Bakan\u0131 Taner Y\u0131ld\u0131z, enerjiye ve \u00e7evreye duyarl\u0131 olarak geli\u015ftirilen Ekolojik Ev Projesi&#8217;nin tan\u0131t\u0131m toplant\u0131s\u0131na kat\u0131ld\u0131.<\/strong><\/p>\n<p><img loading=\"lazy\" class=\"alignleft size-full wp-image-6815\" title=\"enerji-hanim-ile-4-milyar-lira\" src=\"https:\/\/www.enerjigazetesi.ist\/wp-content\/uploads\/2013\/02\/enerji-hanim-ile-4-milyar-lira.jpg\" alt=\"\" width=\"288\" height=\"186\" srcset=\"https:\/\/www.enerjigazetesi.ist\/wp-content\/uploads\/2013\/02\/enerji-hanim-ile-4-milyar-lira.jpg 288w, https:\/\/www.enerjigazetesi.ist\/wp-content\/uploads\/2013\/02\/enerji-hanim-ile-4-milyar-lira-77x50.jpg 77w\" sizes=\"(max-width: 288px) 100vw, 288px\" \/>Y\u0131ld\u0131z, burada yapt\u0131\u011f\u0131 konu\u015fmada enerjisinin y\u00fczde 72&#8217;sini ithal eden bir \u00fclke olarak T\u00fcrkiye&#8217;nin 2023 y\u0131l\u0131na kadar y\u00fczde 20&#8217;lik bir tasarruf kapasitesi bulundu\u011funu belirtti. Y\u0131ld\u0131z, 150 adet kamu binas\u0131nda 48 milyon dolar harcanmas\u0131 halinde 2.5 y\u0131l i\u00e7erisinde kendisini amorti edecek bir yap\u0131y\u0131 kurgulad\u0131klar\u0131n\u0131 anlatt\u0131.<\/p>\n<p>Y\u0131ld\u0131z, &#8216;Enerji Han\u0131m&#8217; ad\u0131yla ba\u015flatt\u0131klar\u0131 projeyle yaln\u0131zca beyaz e\u015fyada 4 milyar liral\u0131k tasarruf \u00f6ng\u00f6rd\u00fcklerini dile getirdi. Y\u0131ld\u0131z, kendisinin \u00f6zellikle enerji tasarrufuyla alakal\u0131 b\u00fct\u00fcn konular\u0131n reklam\u0131nda bulunabilece\u011fini kaydetti.<\/p>\n<p>Kaynak: <a href=\"http:\/\/www.takvim.com.tr\/Ekonomi\/2013\/02\/17\/enerji-hanim-ile-4-milyar-lira\" target=\"_blank\">Takvim<\/a><\/p>","protected":false},"excerpt":{"rendered":"<p>Sorry, this entry is only available in Turkish. For the sake of viewer convenience, the content is shown below in the alternative language. You may click the link to switch the active language.Enerji ve Tabii Kaynaklar Bakan\u0131 Taner Y\u0131ld\u0131z, enerjiye ve \u00e7evreye duyarl\u0131 olarak geli\u015ftirilen Ekolojik Ev Projesi&#8217;nin tan\u0131t\u0131m toplant\u0131s\u0131na kat\u0131ld\u0131. Y\u0131ld\u0131z, burada yapt\u0131\u011f\u0131 konu\u015fmada [&hellip;]<\/p>\n","protected":false},"author":1,"featured_media":6815,"comment_status":"open","ping_status":"open","sticky":false,"template":"","format":"standard","meta":[],"categories":[53,52],"tags":[67,103,12],"views":797,"_links":{"self":[{"href":"https:\/\/www.enerjigazetesi.ist\/en\/wp-json\/wp\/v2\/posts\/6814"}],"collection":[{"href":"https:\/\/www.enerjigazetesi.ist\/en\/wp-json\/wp\/v2\/posts"}],"about":[{"href":"https:\/\/www.enerjigazetesi.ist\/en\/wp-json\/wp\/v2\/types\/post"}],"author":[{"embeddable":true,"href":"https:\/\/www.enerjigazetesi.ist\/en\/wp-json\/wp\/v2\/users\/1"}],"replies":[{"embeddable":true,"href":"https:\/\/www.enerjigazetesi.ist\/en\/wp-json\/wp\/v2\/comments?post=6814"}],"version-history":[{"count":1,"href":"https:\/\/www.enerjigazetesi.ist\/en\/wp-json\/wp\/v2\/posts\/6814\/revisions"}],"predecessor-version":[{"id":6816,"href":"https:\/\/www.enerjigazetesi.ist\/en\/wp-json\/wp\/v2\/posts\/6814\/revisions\/6816"}],"wp:featuredmedia":[{"embeddable":true,"href":"https:\/\/www.enerjigazetesi.ist\/en\/wp-json\/wp\/v2\/media\/6815"}],"wp:attachment":[{"href":"https:\/\/www.enerjigazetesi.ist\/en\/wp-json\/wp\/v2\/media?parent=6814"}],"wp:term":[{"taxonomy":"category","embeddable":true,"href":"https:\/\/www.enerjigazetesi.ist\/en\/wp-json\/wp\/v2\/categories?post=6814"},{"taxonomy":"post_tag","embeddable":true,"href":"https:\/\/www.enerjigazetesi.ist\/en\/wp-json\/wp\/v2\/tags?post=6814"}],"curies":[{"name":"wp","href":"https:\/\/api.w.org\/{rel}","templated":true}]}}