{"id":68120,"date":"2017-10-06T12:05:30","date_gmt":"2017-10-06T09:05:30","guid":{"rendered":"https:\/\/www.enerjigazetesi.ist\/?p=68120"},"modified":"2017-10-06T12:07:41","modified_gmt":"2017-10-06T09:07:41","slug":"tesla-dunyanin-en-buyuk-enerji-depolama-tesisini-yari-yariya-tamamladi","status":"publish","type":"post","link":"https:\/\/www.enerjigazetesi.ist\/en\/tesla-dunyanin-en-buyuk-enerji-depolama-tesisini-yari-yariya-tamamladi\/","title":{"rendered":"(Turkish) Tesla, D\u00fcnyan\u0131n En B\u00fcy\u00fck Enerji Depolama Tesisini Yar\u0131 Yar\u0131ya Tamamlad\u0131"},"content":{"rendered":"<p class=\"qtranxs-available-languages-message qtranxs-available-languages-message-en\">Sorry, this entry is only available in <a href=\"https:\/\/www.enerjigazetesi.ist\/tr\/wp-json\/wp\/v2\/posts\/68120\" class=\"qtranxs-available-language-link qtranxs-available-language-link-tr\" title=\"Turkish\">Turkish<\/a>. For the sake of viewer convenience, the content is shown below in the alternative language. You may click the link to switch the active language.<\/p><p><strong>Tesla taraf\u0131ndan G\u00fcney Avustralya\u2019daki d\u00fcnyan\u0131n en b\u00fcy\u00fck 100mw g\u00fcc\u00fcndeki enerji depolama tesisinin in\u015fa etme planlar\u0131n\u0131n yar\u0131 yar\u0131ya tamamland\u0131\u011f\u0131 a\u00e7\u0131kland\u0131.<\/strong><\/p>\n<p><img loading=\"lazy\" class=\"alignleft wp-image-55667 size-medium\" src=\"https:\/\/www.enerjigazetesi.ist\/wp-content\/uploads\/2016\/07\/tesladan-gunes-enerjisini-odagina-alma-plani-300x170.jpg\" alt=\"tesla-dunyanin-en-buyuk-enerji-depolama-sistemini-yari-yariya-tamamladi\" width=\"300\" height=\"170\" srcset=\"https:\/\/www.enerjigazetesi.ist\/wp-content\/uploads\/2016\/07\/tesladan-gunes-enerjisini-odagina-alma-plani-300x170.jpg 300w, https:\/\/www.enerjigazetesi.ist\/wp-content\/uploads\/2016\/07\/tesladan-gunes-enerjisini-odagina-alma-plani-500x284.jpg 500w, https:\/\/www.enerjigazetesi.ist\/wp-content\/uploads\/2016\/07\/tesladan-gunes-enerjisini-odagina-alma-plani-80x45.jpg 80w, https:\/\/www.enerjigazetesi.ist\/wp-content\/uploads\/2016\/07\/tesladan-gunes-enerjisini-odagina-alma-plani.jpg 580w\" sizes=\"(max-width: 300px) 100vw, 300px\" \/><\/p>\n<p>Devasa enerji depolama tesisi, b\u00f6lgede s\u0131k s\u0131k g\u00f6r\u00fclen elektrik kesintilerini \u00f6nlemeye y\u00f6nelik olarak tasarland\u0131. Kesintilere, b\u00f6lgenin a\u015f\u0131r\u0131 bir \u015fekilde yenilenebilir enerji kaynaklar\u0131na ba\u011f\u0131ml\u0131 olmas\u0131n\u0131n yol a\u00e7t\u0131\u011f\u0131 ele\u015ftirileri dile getirilmekteydi.<\/p>\n<p>Yap\u0131lan 150 milyon dolarl\u0131k ihaleye Tesla, ZEN Energy, Carnegie Energy ve Lyon Group \u015firketleri kat\u0131l\u0131m sa\u011flad\u0131. Enerji depolama tesisinin yan\u0131 s\u0131ra bir de r\u00fczgar enerjisi \u00fcretim alan\u0131 kurulmas\u0131n\u0131n hedeflendi\u011fi projede ihaleyi alan Tesla&#8217;ya Frans\u0131z \u015firketi Neoen ile ortakl\u0131k yapt\u0131.<\/p>\n<p>Kurulacak olan tesis ile Gigafactory\u2019de \u00fcretilmi\u015f olan bataryalar kullan\u0131larak Frans\u0131z enerji \u015firketi Neoen\u2019in kuraca\u011f\u0131 r\u00fczgar santralleriyle (RES) ile e\u015fle\u015ftirilip tesisin s\u00fcrekli olarak enerji depolamas\u0131 sa\u011flanacakt\u0131r.<\/p>","protected":false},"excerpt":{"rendered":"<p>Sorry, this entry is only available in Turkish. For the sake of viewer convenience, the content is shown below in the alternative language. You may click the link to switch the active language.Tesla taraf\u0131ndan G\u00fcney Avustralya\u2019daki d\u00fcnyan\u0131n en b\u00fcy\u00fck 100mw g\u00fcc\u00fcndeki enerji depolama tesisinin in\u015fa etme planlar\u0131n\u0131n yar\u0131 yar\u0131ya tamamland\u0131\u011f\u0131 a\u00e7\u0131kland\u0131. Devasa enerji depolama tesisi, [&hellip;]<\/p>\n","protected":false},"author":1,"featured_media":55667,"comment_status":"open","ping_status":"open","sticky":false,"template":"","format":"standard","meta":[],"categories":[51,53],"tags":[34979,19638,140,34980,26353,19436,25743,18204,26683,474,19437,508],"views":1188,"_links":{"self":[{"href":"https:\/\/www.enerjigazetesi.ist\/en\/wp-json\/wp\/v2\/posts\/68120"}],"collection":[{"href":"https:\/\/www.enerjigazetesi.ist\/en\/wp-json\/wp\/v2\/posts"}],"about":[{"href":"https:\/\/www.enerjigazetesi.ist\/en\/wp-json\/wp\/v2\/types\/post"}],"author":[{"embeddable":true,"href":"https:\/\/www.enerjigazetesi.ist\/en\/wp-json\/wp\/v2\/users\/1"}],"replies":[{"embeddable":true,"href":"https:\/\/www.enerjigazetesi.ist\/en\/wp-json\/wp\/v2\/comments?post=68120"}],"version-history":[{"count":2,"href":"https:\/\/www.enerjigazetesi.ist\/en\/wp-json\/wp\/v2\/posts\/68120\/revisions"}],"predecessor-version":[{"id":68122,"href":"https:\/\/www.enerjigazetesi.ist\/en\/wp-json\/wp\/v2\/posts\/68120\/revisions\/68122"}],"wp:featuredmedia":[{"embeddable":true,"href":"https:\/\/www.enerjigazetesi.ist\/en\/wp-json\/wp\/v2\/media\/55667"}],"wp:attachment":[{"href":"https:\/\/www.enerjigazetesi.ist\/en\/wp-json\/wp\/v2\/media?parent=68120"}],"wp:term":[{"taxonomy":"category","embeddable":true,"href":"https:\/\/www.enerjigazetesi.ist\/en\/wp-json\/wp\/v2\/categories?post=68120"},{"taxonomy":"post_tag","embeddable":true,"href":"https:\/\/www.enerjigazetesi.ist\/en\/wp-json\/wp\/v2\/tags?post=68120"}],"curies":[{"name":"wp","href":"https:\/\/api.w.org\/{rel}","templated":true}]}}