{"id":6808,"date":"2013-02-17T16:06:03","date_gmt":"2013-02-17T13:06:03","guid":{"rendered":"https:\/\/www.enerjigazetesi.ist\/?p=6808"},"modified":"2013-02-17T16:10:19","modified_gmt":"2013-02-17T13:10:19","slug":"onlar-turkiyeye-enerji-olacaklar","status":"publish","type":"post","link":"https:\/\/www.enerjigazetesi.ist\/en\/onlar-turkiyeye-enerji-olacaklar\/","title":{"rendered":"(Turkish) Onlar T\u00fcrkiye&#8217;ye &#8216;Enerji&#8217; Olacaklar!"},"content":{"rendered":"<p class=\"qtranxs-available-languages-message qtranxs-available-languages-message-en\">Sorry, this entry is only available in <a href=\"https:\/\/www.enerjigazetesi.ist\/tr\/wp-json\/wp\/v2\/posts\/6808\" class=\"qtranxs-available-language-link qtranxs-available-language-link-tr\" title=\"Turkish\">Turkish<\/a>. For the sake of viewer convenience, the content is shown below in the alternative language. You may click the link to switch the active language.<\/p><p><strong>Enerji Federasyonu S\u00f6zc\u00fcs\u00fc Hakan \u00d6ztekin, T\u00fcrkiye&#8217;nin enerji ihtiyac\u0131n\u0131n her ge\u00e7en y\u0131l biraz daha artt\u0131\u011f\u0131n\u0131 s\u00f6yleyerek, \u00f6n\u00fcm\u00fczdeki 40 y\u0131l i\u00e7erisinde artan enerji gereksiniminin t\u00fcm\u00fcn\u00fcn yenilebilir enerjiden kar\u015f\u0131lanabilece\u011fini s\u00f6yledi. 1990 ile 2008 y\u0131llar\u0131 aras\u0131ndaki 18 y\u0131lda enerji t\u00fcketiminin y\u00fczde 40 oran\u0131nda artt\u0131\u011f\u0131n\u0131 anlatan \u00d6ztekin, Enerji Federasyonu&#8217;nun faaliyetleri nakk\u0131nda bilgi verdi. <\/strong><\/p>\n<p><img loading=\"lazy\" class=\"alignright size-medium wp-image-6812\" title=\"yenilenebilir-enerji-gundemi-enerji-verimliligi\" src=\"https:\/\/www.enerjigazetesi.ist\/wp-content\/uploads\/2013\/02\/yenilenebilir-enerji-gundemi-300x196.jpg\" alt=\"\" width=\"300\" height=\"196\" srcset=\"https:\/\/www.enerjigazetesi.ist\/wp-content\/uploads\/2013\/02\/yenilenebilir-enerji-gundemi-300x196.jpg 300w, https:\/\/www.enerjigazetesi.ist\/wp-content\/uploads\/2013\/02\/yenilenebilir-enerji-gundemi-76x50.jpg 76w, https:\/\/www.enerjigazetesi.ist\/wp-content\/uploads\/2013\/02\/yenilenebilir-enerji-gundemi.jpg 474w\" sizes=\"(max-width: 300px) 100vw, 300px\" \/>Enerji Federasyonu S\u00f6zc\u00fcs\u00fc Hakan \u00d6ztekin, T\u00fcrkiye&#8217;de kurulmu\u015f \u00e7e\u015fitli kooperatiflerin ba\u015fkanlar\u0131n\u0131n bir araya geldi\u011fi toplant\u0131da konu\u015ftu. G\u00fcn\u00fcm\u00fcz d\u00fcnyas\u0131nda enerjiyi \u00fcretme ve kullanma bi\u00e7iminin s\u00fcrd\u00fcr\u00fclebilir olmad\u0131\u011f\u0131n\u0131 s\u00f6yleyen \u00d6ztekin, iklim de\u011fi\u015fikliklerini \u00f6rnek g\u00f6sterdi. Enerji ihtiyac\u0131n\u0131n artmas\u0131na ra\u011fmen, t\u00fcketilen enerjinin y\u00fczde 80&#8217;nin petrol ve do\u011falgaz gibi fosil kaynaklardan oldu\u011funu ve bu ba\u011f\u0131ml\u0131l\u0131\u011f\u0131n sera gazlar\u0131n\u0131n atmosferde birikerek iklim de\u011fi\u015fikliklerine neden oldu\u011funu anlatan \u00d6ztekin, k\u00fcresel \u0131s\u0131nman\u0131n tehlikelerine dikkat \u00e7ekti.<br \/>\n<strong>KURTULU\u015e YEN\u0130LENEB\u0130L\u0130R ENERJ\u0130<\/strong><\/p>\n<p>Konu\u015fmas\u0131nda WWF taraf\u0131ndan yay\u0131nlanan \u201c2050 %100 Yenilenebilir Enerji\u201d raporundan \u00f6rnekler veren \u00d6ztekin, raporun 2050 y\u0131l\u0131na kadar k\u00fcresel enerji arz\u0131n\u0131n tamam\u0131n\u0131n yenilenebilir enerjiden kar\u015f\u0131lanabilece\u011fini ortaya koydu\u011funu s\u00f6yledi. \u00d6ztekin konu\u015fmas\u0131nda \u015funlar\u0131 s\u00f6yledi:<br \/>\nTeknik, yasal, toplumsal ve ekonomik anlamda ger\u00e7ekle\u015ftirilecek k\u00fcresel d\u00f6n\u00fc\u015f\u00fcmlerle \u00f6n\u00fcm\u00fczdeki 40 y\u0131l i\u00e7erisinde artan enerji gereksiniminin tamam\u0131n\u0131n yenilenebilir enerjiden kar\u015f\u0131lanmas\u0131 m\u00fcmk\u00fcnd\u00fcr.<br \/>\nBunun i\u00e7in yaln\u0131z h\u00fck\u00fcmetlerin de\u011fil, \u00f6zel sekt\u00f6r\u00fcn, sivil toplum kurulu\u015flar\u0131n\u0131n ve hatta bireylerin \u00fcstlenmesi gereken \u00e7ok \u00f6nemli roller bulunmaktad\u0131r. T\u00fcm Enerji \u00dcretici ve T\u00fcketici Dernekleri Federasyonu istenilen hedefe ula\u015fmada sivil toplum kurulu\u015flar\u0131n\u0131n \u00fczerine d\u00fc\u015fen g\u00f6revi yerine getirmek i\u00e7in kurulmu\u015f bulunmaktad\u0131r.&#8221;<\/p>\n<p><strong>T\u00dcRK\u0130YE&#8217;YE ENERJ\u0130S\u0130 OLACAKLAR<\/strong><\/p>\n<p>Enerji Federasyonu&#8217;nun T\u00fcrkiye&#8217;nin enerji sekt\u00f6r\u00fcnde; enerji \u00e7e\u015fitlili\u011fini de sa\u011flayarak, \u00fcretim ve pazarlama a\u015famalar\u0131nda, kaliteden taviz vermeden, d\u00fcnyada g\u00fcvenilen ve tercih edilen lider \u00fclke olmas\u0131na katk\u0131 sa\u011flamak amac\u0131yla kuruldu\u011funu s\u00f6yleyen \u00d6ztekin,\u00a0 verimlili\u011fin art\u0131r\u0131lmas\u0131 i\u00e7in ulusal ve uluslararas\u0131 projelere destek vereceklerini kaydetti. T\u00fcrkiye&#8217;nin bu konudaki potansiyelinin harekete ge\u00e7irilmesi i\u00e7in her t\u00fcrl\u00fc katk\u0131y\u0131 sa\u011flayacaklar\u0131n\u0131 da anlatan \u00d6ztekin \u015funlar\u0131 ifade etti:<br \/>\n&#8220;T\u00fcm Enerji \u00dcretici ve T\u00fcketici Dernekleri Federasyonu\u00a0 yenilenebilir enerjiye dayal\u0131 elektrik \u00fcretim kaynaklar\u0131n\u0131n ve \u00fcretim teknolojilerin geli\u015ftirilmesi ile verimlili\u011fin art\u0131r\u0131lmas\u0131 ama\u00e7l\u0131 ulusal ve uluslararas\u0131 projelere destek vererek \u00fclkemizin bu konudaki potansiyelinin de\u011ferlendirilmesine katk\u0131 sa\u011flayacakt\u0131r.<br \/>\nBu ama\u00e7la; t\u00fcketicilerin bilin\u00e7lendirilmesi y\u00f6n\u00fcnde \u00e7al\u0131\u015fmalara \u00f6nc\u00fcl\u00fck edecek, \u00e7evrenin geli\u015ftirilmesi ve korunmas\u0131n\u0131 g\u00f6zeten bir \u00e7al\u0131\u015fma y\u00f6ntemi izleyecektir. Enerji \u00fcretiminin tabana yay\u0131lmas\u0131n\u0131 sa\u011flayarak, herkesin kendi enerjisini \u00fcretmesine imkan veren modelleri olu\u015fturmak i\u00e7in projeler geli\u015ftirerek, k\u00fc\u00e7\u00fck sanayi i\u015fletmeleri, fabrikalar, tar\u0131msal i\u015fletmeler, \u00e7ift\u00e7iler, belediyeler, hastaneler, okullar ve di\u011fer kamu kurum ve kurulu\u015flar\u0131n\u0131n kendi enerjilerini \u00fcretmelerini ve giderlerini en aza indirmeleri sa\u011flanacakt\u0131r. Bu kapsamda geli\u015ftirilecek projelerle, t\u00fcketici \u00fcretti\u011fi enerji ile, bedelsiz elektrik kulland\u0131\u011f\u0131 gibi ihtiya\u00e7 fazlas\u0131 elektrikten gelir temin edecektir.<\/p>\n<p><strong><a href=\"http:\/\/www.enve.com.tr\" target=\"_blank\">Enerji verimlili\u011fi<\/a>;<\/strong> enerjide arz g\u00fcvenli\u011finin sa\u011flanmas\u0131, d\u0131\u015fa ba\u011f\u0131ml\u0131l\u0131ktan kaynaklanan risklerin azalt\u0131lmas\u0131, enerji maliyetlerinin s\u00fcrd\u00fcr\u00fclebilir k\u0131l\u0131nmas\u0131, iklim de\u011fi\u015fikli\u011fi ile m\u00fccadelenin etkinli\u011finin art\u0131r\u0131lmas\u0131 ve \u00e7evrenin korunmas\u0131 gibi ulusal stratejik hedefleri tamamlayan bir kavramd\u0131r. S\u00fcrd\u00fcr\u00fclebilir kalk\u0131nman\u0131n \u00f6neminin gittik\u00e7e daha \u00e7ok anla\u015f\u0131ld\u0131\u011f\u0131 g\u00fcn\u00fcm\u00fczde, enerji verimlili\u011fine y\u00f6nelik \u00e7abalar\u0131n de\u011feri de ayn\u0131 oranda artmaktad\u0131r. Bu \u00e7er\u00e7evede; enerji \u00fcretimi ve iletiminden nihai t\u00fcketime kadarki b\u00fct\u00fcn a\u015famalarda enerji verimlili\u011finin geli\u015ftirilmesi, bilin\u00e7siz kullan\u0131m\u0131n ve israf\u0131n \u00f6nlenmesi, enerji yo\u011funlu\u011funun gerek sekt\u00f6rler baz\u0131nda gerekse makro d\u00fczeyde azalt\u0131lmas\u0131 ulusal enerji politikam\u0131zd\u0131r.<\/p>\n<p>Kaynak: <a href=\"http:\/\/www.habera.com\/Onlar-Turkiye-ye-enerji-olacaklar-haberi-175798.html\" target=\"_blank\">Habera<\/a><\/p>","protected":false},"excerpt":{"rendered":"<p>Sorry, this entry is only available in Turkish. For the sake of viewer convenience, the content is shown below in the alternative language. You may click the link to switch the active language.Enerji Federasyonu S\u00f6zc\u00fcs\u00fc Hakan \u00d6ztekin, T\u00fcrkiye&#8217;nin enerji ihtiyac\u0131n\u0131n her ge\u00e7en y\u0131l biraz daha artt\u0131\u011f\u0131n\u0131 s\u00f6yleyerek, \u00f6n\u00fcm\u00fczdeki 40 y\u0131l i\u00e7erisinde artan enerji gereksiniminin t\u00fcm\u00fcn\u00fcn [&hellip;]<\/p>\n","protected":false},"author":1,"featured_media":6812,"comment_status":"open","ping_status":"open","sticky":false,"template":"","format":"standard","meta":[],"categories":[53,52,49,47,48,50],"tags":[1115,67,86,148,18,12,227,2513,35370,58,69,105],"views":772,"_links":{"self":[{"href":"https:\/\/www.enerjigazetesi.ist\/en\/wp-json\/wp\/v2\/posts\/6808"}],"collection":[{"href":"https:\/\/www.enerjigazetesi.ist\/en\/wp-json\/wp\/v2\/posts"}],"about":[{"href":"https:\/\/www.enerjigazetesi.ist\/en\/wp-json\/wp\/v2\/types\/post"}],"author":[{"embeddable":true,"href":"https:\/\/www.enerjigazetesi.ist\/en\/wp-json\/wp\/v2\/users\/1"}],"replies":[{"embeddable":true,"href":"https:\/\/www.enerjigazetesi.ist\/en\/wp-json\/wp\/v2\/comments?post=6808"}],"version-history":[{"count":3,"href":"https:\/\/www.enerjigazetesi.ist\/en\/wp-json\/wp\/v2\/posts\/6808\/revisions"}],"predecessor-version":[{"id":6811,"href":"https:\/\/www.enerjigazetesi.ist\/en\/wp-json\/wp\/v2\/posts\/6808\/revisions\/6811"}],"wp:featuredmedia":[{"embeddable":true,"href":"https:\/\/www.enerjigazetesi.ist\/en\/wp-json\/wp\/v2\/media\/6812"}],"wp:attachment":[{"href":"https:\/\/www.enerjigazetesi.ist\/en\/wp-json\/wp\/v2\/media?parent=6808"}],"wp:term":[{"taxonomy":"category","embeddable":true,"href":"https:\/\/www.enerjigazetesi.ist\/en\/wp-json\/wp\/v2\/categories?post=6808"},{"taxonomy":"post_tag","embeddable":true,"href":"https:\/\/www.enerjigazetesi.ist\/en\/wp-json\/wp\/v2\/tags?post=6808"}],"curies":[{"name":"wp","href":"https:\/\/api.w.org\/{rel}","templated":true}]}}