{"id":68059,"date":"2017-10-04T12:11:43","date_gmt":"2017-10-04T09:11:43","guid":{"rendered":"https:\/\/www.enerjigazetesi.ist\/?p=68059"},"modified":"2017-10-04T12:11:43","modified_gmt":"2017-10-04T09:11:43","slug":"igdas-projelerine-amerikadan-12-odul","status":"publish","type":"post","link":"https:\/\/www.enerjigazetesi.ist\/en\/igdas-projelerine-amerikadan-12-odul\/","title":{"rendered":"(Turkish) \u0130GDA\u015e Projelerine Amerika\u2019dan 12 \u00d6d\u00fcl"},"content":{"rendered":"<p class=\"qtranxs-available-languages-message qtranxs-available-languages-message-en\">Sorry, this entry is only available in <a href=\"https:\/\/www.enerjigazetesi.ist\/tr\/wp-json\/wp\/v2\/posts\/68059\" class=\"qtranxs-available-language-link qtranxs-available-language-link-tr\" title=\"Turkish\">Turkish<\/a>. For the sake of viewer convenience, the content is shown below in the alternative language. You may click the link to switch the active language.<\/p><p><strong>D\u00fcnyan\u0131n en prestijli i\u015f \u00f6d\u00fcllerinden biri olarak g\u00f6sterilen Stevie Awards 2017\u2019de \u0130GDA\u015e\u2019a 12 \u00f6d\u00fcl birden verildi. New York\u2019ta ger\u00e7ekle\u015ftirilen t\u00f6rende \u0130GDA\u015e ald\u0131\u011f\u0131 \u00f6d\u00fcllerle T\u00fcrkiye\u2019ye b\u00fcy\u00fck bir gurur ya\u015fatt\u0131.<\/strong><\/p>\n<p>60 farkl\u0131 \u00fclkeden 4 bini a\u015fk\u0131n say\u0131da ba\u015fvuru alan d\u00fcnyan\u0131n en sayg\u0131n i\u015f \u00f6d\u00fcllerinden Stevie Awards\u2019a \u0130GDA\u015e damga vurdu. Bu y\u0131l 14\u2019\u00fcnc\u00fc kez ger\u00e7ekle\u015ftirilen \u00f6d\u00fcl t\u00f6reni i\u00e7in iki farkl\u0131 proje ile 12 dalda <img loading=\"lazy\" class=\"alignleft size-medium wp-image-68060\" src=\"https:\/\/www.enerjigazetesi.ist\/wp-content\/uploads\/2017\/10\/igdas-projelerine-amerikadan-12-odul-300x200.jpg\" alt=\"\" width=\"300\" height=\"200\" srcset=\"https:\/\/www.enerjigazetesi.ist\/wp-content\/uploads\/2017\/10\/igdas-projelerine-amerikadan-12-odul-300x200.jpg 300w, https:\/\/www.enerjigazetesi.ist\/wp-content\/uploads\/2017\/10\/igdas-projelerine-amerikadan-12-odul-768x512.jpg 768w, https:\/\/www.enerjigazetesi.ist\/wp-content\/uploads\/2017\/10\/igdas-projelerine-amerikadan-12-odul-500x333.jpg 500w, https:\/\/www.enerjigazetesi.ist\/wp-content\/uploads\/2017\/10\/igdas-projelerine-amerikadan-12-odul-75x50.jpg 75w, https:\/\/www.enerjigazetesi.ist\/wp-content\/uploads\/2017\/10\/igdas-projelerine-amerikadan-12-odul.jpg 990w\" sizes=\"(max-width: 300px) 100vw, 300px\" \/>finalist olma ba\u015far\u0131s\u0131 g\u00f6steren \u0130GDA\u015e, \u0130stanbul\u2019a 2 alt\u0131n, 1 g\u00fcm\u00fc\u015f ve 9 bronz olmak \u00fczere 12 \u00f6d\u00fclle d\u00f6nd\u00fc.<\/p>\n<p><strong>SEKT\u00d6RE Y\u00d6N VEREN \u00d6D\u00dcLLER\u0130N SAH\u0130B\u0130 OLDU<\/strong><\/p>\n<p><em>\u00d6d\u00fcle lay\u0131k g\u00f6r\u00fclen \u0130GDA\u015e Akademi Projesi ile Y\u0131l\u0131n \u00d6zg\u00fcn Tasar\u0131ml\u0131 E\u011fitim Platformu ve Y\u0131l\u0131n En \u0130yi E\u011fitim Y\u00f6netimi \u00c7\u00f6z\u00fcmleri kategorilerinde alt\u0131n, \u0130\u015f G\u00fcc\u00fc Geli\u015ftirme ve E\u011fitim kategorisinde bronz, Teknik E\u011fitim Program\u0131, Farkl\u0131 E\u011fitim Programlar\u0131, Y\u0131l\u0131n End\u00fcstriyel\/Teknik \u00d6zg\u00fcn E\u011fitim Platformu kategorilerinde bronz olmak \u00fczere toplam 6 \u00f6d\u00fcl kazand\u0131. \u0130GDA\u015e (3Y) Yal\u0131n Y\u00f6netim Yolu E\u011fitim Program\u0131 ise Liderlik Geli\u015fim Programlar\u0131, Y\u00f6netici Geli\u015fim Programlar\u0131, Mesleki Geli\u015fim E\u011fitim Programlar\u0131, Yetenek Geli\u015fimi E\u011fitim Program\u0131, \u0130\u015f G\u00fcc\u00fc Geli\u015ftirme ve E\u011fitim Programlar\u0131, Farkl\u0131 E\u011fitim Programlar\u0131 kategorilerinde alt\u0131 bronz \u00f6d\u00fcl almaya hak kazand\u0131.<\/em><\/p>\n<p><strong><em>\u201c\u0130GDA\u015e\u2019TA \u0130NSANA YATIRIM B\u0130R GELENEKT\u0130R\u201d<\/em><\/strong><\/p>\n<p><em>T\u00f6rende \u0130GDA\u015e\u2019\u0131 Genel M\u00fcd\u00fcr Mehmet \u00c7evik, Genel M\u00fcd\u00fcr Yard\u0131mc\u0131s\u0131 Ahmet K\u0131zak, \u00d6zel Kalem M\u00fcd\u00fcr\u00fc Sinan Kele\u015f ve D\u0131\u015f \u0130li\u015fkiler ve E\u011fitim M\u00fcd\u00fcr\u00fc Murat \u015eeralio\u011flu temsil etti. \u00d6d\u00fcl\u00fc \u0130GDA\u015e ad\u0131na bizzat alan Genel M\u00fcd\u00fcr \u00c7evik, \u201cKurum olarak \u00f6d\u00fcller almaya al\u0131\u015f\u0131\u011f\u0131z ancak uluslararas\u0131 arenada en prestijli \u00f6d\u00fcl olarak an\u0131lan Stevie \u00f6d\u00fcl\u00fcne bir\u00e7ok kategoride lay\u0131k g\u00f6r\u00fclmek bizi hem mutlu etti hem de gururland\u0131rd\u0131. Oda\u011f\u0131na m\u00fc\u015fterilerini ve \u00e7al\u0131\u015fanlar\u0131n\u0131 alan insan odakl\u0131 bir \u015firket olarak, yapt\u0131\u011f\u0131m\u0131z yat\u0131r\u0131mlar\u0131n b\u00f6yle de\u011ferlendirildi\u011fini g\u00f6rmek g\u00fczel bir duygu. \u0130GDA\u015e\u2019ta insana yat\u0131r\u0131m bir gelenektir. Bu projelere \u00f6zverili \u00e7al\u0131\u015fmalar\u0131 ile hayat veren ekibime de te\u015fekk\u00fcr ediyorum. \u0130stanbul B\u00fcy\u00fck\u015fehir Belediyesinin bir kurulu\u015fu olarak burada \u00fclkemizi ve \u0130stanbul\u2019umuzu temsil ettik. Art\u0131k \u00e7\u0131tay\u0131 daha da y\u00fckselterek yepyeni projelerle \u00e7al\u0131\u015fmalar\u0131m\u0131z\u0131 s\u00fcrd\u00fcrme hedefindeyiz. Ayr\u0131ca \u0130GDA\u015e sekt\u00f6r\u00fcn bir okulu olarak 2-3 Kas\u0131m\u2019da 20\u2019den fazla \u00fclkeyi \u0130stanbul\u2019da a\u011f\u0131rlayacak. INGAS 2017\u2019de d\u00fcnyan\u0131n en \u00f6nemli enerji kaynaklar\u0131ndan do\u011fal gaz\u0131n gelece\u011fi konu\u015fulacak\u201d dedi.<\/em><\/p>","protected":false},"excerpt":{"rendered":"<p>Sorry, this entry is only available in Turkish. For the sake of viewer convenience, the content is shown below in the alternative language. You may click the link to switch the active language.D\u00fcnyan\u0131n en prestijli i\u015f \u00f6d\u00fcllerinden biri olarak g\u00f6sterilen Stevie Awards 2017\u2019de \u0130GDA\u015e\u2019a 12 \u00f6d\u00fcl birden verildi. New York\u2019ta ger\u00e7ekle\u015ftirilen t\u00f6rende \u0130GDA\u015e ald\u0131\u011f\u0131 \u00f6d\u00fcllerle [&hellip;]<\/p>\n","protected":false},"author":1,"featured_media":68060,"comment_status":"open","ping_status":"open","sticky":false,"template":"","format":"standard","meta":[],"categories":[46,53],"tags":[35605,1128,19761,34929,23219,1690,22068,35604],"views":667,"_links":{"self":[{"href":"https:\/\/www.enerjigazetesi.ist\/en\/wp-json\/wp\/v2\/posts\/68059"}],"collection":[{"href":"https:\/\/www.enerjigazetesi.ist\/en\/wp-json\/wp\/v2\/posts"}],"about":[{"href":"https:\/\/www.enerjigazetesi.ist\/en\/wp-json\/wp\/v2\/types\/post"}],"author":[{"embeddable":true,"href":"https:\/\/www.enerjigazetesi.ist\/en\/wp-json\/wp\/v2\/users\/1"}],"replies":[{"embeddable":true,"href":"https:\/\/www.enerjigazetesi.ist\/en\/wp-json\/wp\/v2\/comments?post=68059"}],"version-history":[{"count":1,"href":"https:\/\/www.enerjigazetesi.ist\/en\/wp-json\/wp\/v2\/posts\/68059\/revisions"}],"predecessor-version":[{"id":68061,"href":"https:\/\/www.enerjigazetesi.ist\/en\/wp-json\/wp\/v2\/posts\/68059\/revisions\/68061"}],"wp:featuredmedia":[{"embeddable":true,"href":"https:\/\/www.enerjigazetesi.ist\/en\/wp-json\/wp\/v2\/media\/68060"}],"wp:attachment":[{"href":"https:\/\/www.enerjigazetesi.ist\/en\/wp-json\/wp\/v2\/media?parent=68059"}],"wp:term":[{"taxonomy":"category","embeddable":true,"href":"https:\/\/www.enerjigazetesi.ist\/en\/wp-json\/wp\/v2\/categories?post=68059"},{"taxonomy":"post_tag","embeddable":true,"href":"https:\/\/www.enerjigazetesi.ist\/en\/wp-json\/wp\/v2\/tags?post=68059"}],"curies":[{"name":"wp","href":"https:\/\/api.w.org\/{rel}","templated":true}]}}