{"id":68007,"date":"2017-10-02T10:56:04","date_gmt":"2017-10-02T07:56:04","guid":{"rendered":"https:\/\/www.enerjigazetesi.ist\/?p=68007"},"modified":"2017-10-02T10:56:04","modified_gmt":"2017-10-02T07:56:04","slug":"elektrik-dagitim-sistemi-yatirimlarinda-degisiklik-yapilacak","status":"publish","type":"post","link":"https:\/\/www.enerjigazetesi.ist\/en\/elektrik-dagitim-sistemi-yatirimlarinda-degisiklik-yapilacak\/","title":{"rendered":"(Turkish) Elektrik Da\u011f\u0131t\u0131m Sistemi Yat\u0131r\u0131mlar\u0131nda De\u011fi\u015fiklik Yap\u0131lacak"},"content":{"rendered":"<p class=\"qtranxs-available-languages-message qtranxs-available-languages-message-en\">Sorry, this entry is only available in <a href=\"https:\/\/www.enerjigazetesi.ist\/tr\/wp-json\/wp\/v2\/posts\/68007\" class=\"qtranxs-available-language-link qtranxs-available-language-link-tr\" title=\"Turkish\">Turkish<\/a>. For the sake of viewer convenience, the content is shown below in the alternative language. You may click the link to switch the active language.<\/p><p><strong>Elektrik da\u011f\u0131t\u0131m \u015firketleri bir uygulama d\u00f6neminde yapacaklar\u0131 yat\u0131r\u0131m harcamalar\u0131 miktar\u0131n\u0131n, toplam \u015febeke yat\u0131r\u0131mlar\u0131n\u0131n y\u00fczde 1\u2019ini ge\u00e7ece\u011fini \u00f6ng\u00f6rmeleri halinde, proje baz\u0131nda de\u011fi\u015fiklik taleplerini gerek\u00e7eleri ile beraber EPDK\u2019ya sunacaklar.<\/strong><span id=\"more-94333\"><\/span><\/p>\n<p><img loading=\"lazy\" class=\"alignright wp-image-58864 size-medium\" src=\"https:\/\/www.enerjigazetesi.ist\/wp-content\/uploads\/2016\/11\/odenmemis-borclar-nedeniyle-irandan-elektrik-ithalati-durdu-300x168.jpg\" alt=\"elektrik-dagitim-sistemi-yatirimlarinda-degisiklik-yapilacak\" width=\"300\" height=\"168\" srcset=\"https:\/\/www.enerjigazetesi.ist\/wp-content\/uploads\/2016\/11\/odenmemis-borclar-nedeniyle-irandan-elektrik-ithalati-durdu-300x168.jpg 300w, https:\/\/www.enerjigazetesi.ist\/wp-content\/uploads\/2016\/11\/odenmemis-borclar-nedeniyle-irandan-elektrik-ithalati-durdu-500x280.jpg 500w, https:\/\/www.enerjigazetesi.ist\/wp-content\/uploads\/2016\/11\/odenmemis-borclar-nedeniyle-irandan-elektrik-ithalati-durdu-80x44.jpg 80w, https:\/\/www.enerjigazetesi.ist\/wp-content\/uploads\/2016\/11\/odenmemis-borclar-nedeniyle-irandan-elektrik-ithalati-durdu.jpg 696w\" sizes=\"(max-width: 300px) 100vw, 300px\" \/><\/p>\n<p>Enerji Piyasas\u0131 D\u00fczenleme Kurumu (EPDK) taraf\u0131ndan Elektrik Piyasas\u0131 Da\u011f\u0131t\u0131m Sistemi Yat\u0131r\u0131mlar\u0131na \u0130li\u015fkin Usul ve Esaslar\u2019da yapt\u0131\u011f\u0131 de\u011fi\u015fiklik Resmi Gazete\u2019de yay\u0131mland\u0131.<\/p>\n<p>Yat\u0131r\u0131m plan\u0131 revizyonu, EPDK yetkisinde olacak ve kurul taraf\u0131ndan proje baz\u0131nda uygun g\u00f6r\u00fclen b\u00fct\u00e7e ba\u015fka bir b\u00fct\u00e7e i\u00e7in kullan\u0131lamayacak.\u00a0EPDK, bununla birlikte T\u00fcrkiye Elektrik \u0130letim Anonim \u015eirketi&#8217;nce (TE\u0130A\u015e) \u00f6nerilen Primer Frekans Kontrol Birim Hizmet Bedelinin 2017 y\u0131l\u0131n\u0131n 4\u2019\u00fcnc\u00fc \u00e7eyre\u011fi i\u00e7in megavatsaat ba\u015f\u0131na 29,60 lira olarak uygulanmas\u0131na y\u00f6nelik bir karar ald\u0131.<\/p>","protected":false},"excerpt":{"rendered":"<p>Sorry, this entry is only available in Turkish. For the sake of viewer convenience, the content is shown below in the alternative language. You may click the link to switch the active language.Elektrik da\u011f\u0131t\u0131m \u015firketleri bir uygulama d\u00f6neminde yapacaklar\u0131 yat\u0131r\u0131m harcamalar\u0131 miktar\u0131n\u0131n, toplam \u015febeke yat\u0131r\u0131mlar\u0131n\u0131n y\u00fczde 1\u2019ini ge\u00e7ece\u011fini \u00f6ng\u00f6rmeleri halinde, proje baz\u0131nda de\u011fi\u015fiklik taleplerini gerek\u00e7eleri [&hellip;]<\/p>\n","protected":false},"author":1,"featured_media":58864,"comment_status":"open","ping_status":"open","sticky":false,"template":"","format":"standard","meta":[],"categories":[51,53],"tags":[1266,1079,35579,35580,34979,19638,34980,26353,1046,750],"views":1018,"_links":{"self":[{"href":"https:\/\/www.enerjigazetesi.ist\/en\/wp-json\/wp\/v2\/posts\/68007"}],"collection":[{"href":"https:\/\/www.enerjigazetesi.ist\/en\/wp-json\/wp\/v2\/posts"}],"about":[{"href":"https:\/\/www.enerjigazetesi.ist\/en\/wp-json\/wp\/v2\/types\/post"}],"author":[{"embeddable":true,"href":"https:\/\/www.enerjigazetesi.ist\/en\/wp-json\/wp\/v2\/users\/1"}],"replies":[{"embeddable":true,"href":"https:\/\/www.enerjigazetesi.ist\/en\/wp-json\/wp\/v2\/comments?post=68007"}],"version-history":[{"count":1,"href":"https:\/\/www.enerjigazetesi.ist\/en\/wp-json\/wp\/v2\/posts\/68007\/revisions"}],"predecessor-version":[{"id":68008,"href":"https:\/\/www.enerjigazetesi.ist\/en\/wp-json\/wp\/v2\/posts\/68007\/revisions\/68008"}],"wp:featuredmedia":[{"embeddable":true,"href":"https:\/\/www.enerjigazetesi.ist\/en\/wp-json\/wp\/v2\/media\/58864"}],"wp:attachment":[{"href":"https:\/\/www.enerjigazetesi.ist\/en\/wp-json\/wp\/v2\/media?parent=68007"}],"wp:term":[{"taxonomy":"category","embeddable":true,"href":"https:\/\/www.enerjigazetesi.ist\/en\/wp-json\/wp\/v2\/categories?post=68007"},{"taxonomy":"post_tag","embeddable":true,"href":"https:\/\/www.enerjigazetesi.ist\/en\/wp-json\/wp\/v2\/tags?post=68007"}],"curies":[{"name":"wp","href":"https:\/\/api.w.org\/{rel}","templated":true}]}}