{"id":67992,"date":"2017-10-02T10:24:56","date_gmt":"2017-10-02T07:24:56","guid":{"rendered":"https:\/\/www.enerjigazetesi.ist\/?p=67992"},"modified":"2017-10-02T10:24:56","modified_gmt":"2017-10-02T07:24:56","slug":"vergi-yuzsuzleri-listesindeki-akaryakitcilar-4-milyar-tl-vergi-kacirdi","status":"publish","type":"post","link":"https:\/\/www.enerjigazetesi.ist\/en\/vergi-yuzsuzleri-listesindeki-akaryakitcilar-4-milyar-tl-vergi-kacirdi\/","title":{"rendered":"(Turkish) Vergi Y\u00fczs\u00fczleri Listesindeki Akaryak\u0131t\u00e7\u0131lar 4 Milyar TL Vergi Ka\u00e7\u0131rd\u0131!"},"content":{"rendered":"<p class=\"qtranxs-available-languages-message qtranxs-available-languages-message-en\">Sorry, this entry is only available in <a href=\"https:\/\/www.enerjigazetesi.ist\/tr\/wp-json\/wp\/v2\/posts\/67992\" class=\"qtranxs-available-language-link qtranxs-available-language-link-tr\" title=\"Turkish\">Turkish<\/a>. For the sake of viewer convenience, the content is shown below in the alternative language. You may click the link to switch the active language.<\/p><p><strong>EPG\u0130S Ba\u015fkan\u0131 Fesih Akta\u015f, H\u00fck\u00fcmet\u2019in a\u00e7\u0131klad\u0131\u011f\u0131 Orta Vadeli Program\u2019da (OVP) yer alan yeni vergilerin, sendika olarak uzun zamand\u0131r dile getirdikleri \u201cAkaryak\u0131tta KDV\u2019yi %18\u2019den %1\u2019e indirip, 17 puanl\u0131k fark\u0131 \u00d6TV\u2019ye ekleyerek vergi gelirini artt\u0131ral\u0131m\u201d \u00f6nerisinin \u00f6nemini ortaya koydu\u011funu s\u00f6yledi. <\/strong><\/p>\n<p>H\u00fck\u00fcmetin a\u00e7\u0131klad\u0131\u011f\u0131 Orta Vadeli Program\u2019da yer alan vergi mevzuat\u0131 ve oran\u0131 de\u011fi\u015fikli\u011fi haz\u0131rl\u0131klar\u0131, akaryak\u0131t sekt\u00f6r\u00fc akt\u00f6rleri taraf\u0131ndan da yak\u0131ndan izleniyor. Enerji Petrol Gaz \u0130kmal \u0130stasyonlar\u0131 <img loading=\"lazy\" class=\"alignleft size-medium wp-image-67993\" src=\"https:\/\/www.enerjigazetesi.ist\/wp-content\/uploads\/2017\/10\/vergi-yuzsuzleri-listesindeki-akaryakitcilar-4-milyar-tl-vergi-kacirdi-300x300.jpg\" alt=\"\" width=\"300\" height=\"300\" srcset=\"https:\/\/www.enerjigazetesi.ist\/wp-content\/uploads\/2017\/10\/vergi-yuzsuzleri-listesindeki-akaryakitcilar-4-milyar-tl-vergi-kacirdi-300x300.jpg 300w, https:\/\/www.enerjigazetesi.ist\/wp-content\/uploads\/2017\/10\/vergi-yuzsuzleri-listesindeki-akaryakitcilar-4-milyar-tl-vergi-kacirdi-150x150.jpg 150w, https:\/\/www.enerjigazetesi.ist\/wp-content\/uploads\/2017\/10\/vergi-yuzsuzleri-listesindeki-akaryakitcilar-4-milyar-tl-vergi-kacirdi-768x768.jpg 768w, https:\/\/www.enerjigazetesi.ist\/wp-content\/uploads\/2017\/10\/vergi-yuzsuzleri-listesindeki-akaryakitcilar-4-milyar-tl-vergi-kacirdi-400x400.jpg 400w, https:\/\/www.enerjigazetesi.ist\/wp-content\/uploads\/2017\/10\/vergi-yuzsuzleri-listesindeki-akaryakitcilar-4-milyar-tl-vergi-kacirdi-50x50.jpg 50w, https:\/\/www.enerjigazetesi.ist\/wp-content\/uploads\/2017\/10\/vergi-yuzsuzleri-listesindeki-akaryakitcilar-4-milyar-tl-vergi-kacirdi-144x144.jpg 144w, https:\/\/www.enerjigazetesi.ist\/wp-content\/uploads\/2017\/10\/vergi-yuzsuzleri-listesindeki-akaryakitcilar-4-milyar-tl-vergi-kacirdi.jpg 936w\" sizes=\"(max-width: 300px) 100vw, 300px\" \/>\u0130\u015fveren Sendikas\u0131 (EPG\u0130S) Fesih Akta\u015f konuyla ilgili yapt\u0131\u011f\u0131 de\u011ferlendirmede OVP\u2019de \u00f6ng\u00f6r\u00fclen de\u011fi\u015fikliklerin, sendika olarak daha \u00f6nce g\u00fcndeme getirdikleri akaryak\u0131tta vergi ka\u00e7a\u011f\u0131n\u0131 \u00f6nlemeye y\u00f6nelik \u00f6nerinin hakl\u0131l\u0131\u011f\u0131n\u0131 ortaya koydu\u011funu s\u00f6yledi. Akta\u015f, \u201cGelir \u0130daresi Ba\u015fkal\u0131\u011f\u0131 taraf\u0131ndan bu ay a\u00e7\u0131klanan vergi y\u00fczs\u00fczleri listesini inceledi\u011fimizde, akaryak\u0131t firmalar\u0131n\u0131n ka\u00e7\u0131rd\u0131klar\u0131 verginin 3.5 &#8211; 4 milyar TL civar\u0131nda oldu\u011funu g\u00f6r\u00fcyoruz. Bu rakam, akaryak\u0131ttaki vergi ka\u00e7a\u011f\u0131yla ilgili buzda\u011f\u0131n\u0131n sadece g\u00f6r\u00fcnen k\u0131sm\u0131d\u0131r. Bizim EPG\u0130S olarak \u00f6nerdi\u011fimiz akaryak\u0131ttaki KDV\u2019nin %18\u2019den y\u00fczde 1\u2019e indirilip, 17 puanl\u0131k fark\u0131n \u00d6TV\u2019ye eklenmesi \u00f6nerisi benimsenirse, b\u00fct\u00e7eye \u00e7ok \u00f6nemli bir katk\u0131 sa\u011flanm\u0131\u015f olacakt\u0131r\u201d dedi. Akta\u015f, \u00d6TV ve KDV de\u011fi\u015fiminin fiyatlara yans\u0131mayaca\u011f\u0131n\u0131, dolay\u0131s\u0131yla halka olumsuz bir etkisinin olmayaca\u011f\u0131n\u0131 da vurgulad\u0131.<\/p>\n<p><strong>\u201cAKARYAKITIN Y\u00dcZS\u00dcZLER\u0130 SEKT\u00d6R\u00dc VE \u00dcLKEY\u0130 BALTALIYOR\u201d<\/strong><\/p>\n<p>EPG\u0130S Ba\u015fkan\u0131 Fesih Akta\u015f, s\u00f6zlerini \u015f\u00f6yle s\u00fcrd\u00fcrd\u00fc:<\/p>\n<p>\u201cAkaryak\u0131t\u0131n y\u00fczs\u00fczleri, vergi \u00f6demedikleri i\u00e7in, sekt\u00f6rde referans olarak kabul edilen T\u00dcPRA\u015e \u00e7\u0131k\u0131\u015f fiyatlar\u0131n\u0131n bile alt\u0131nda fiyatlarla \u00fcr\u00fcn satarak haks\u0131z kazan\u00e7 elde ediyor. Vergisini \u00f6deyen sekt\u00f6r\u00fcn namuslu oyuncular\u0131n\u0131n bu fiyatlarla ba\u015f etmesi imkans\u0131z. KDV\u2019de yap\u0131lacak indirimin \u00d6TV\u2019ye eklenmesi \u00f6nerisi hayata ge\u00e7irilirse, hem akaryak\u0131tta adil bir rekabet ya\u015fanacak, sekt\u00f6r rahat nefes alacak, hem de vergi kayb\u0131 ortaya \u00e7\u0131kmayacak, yani Hazine de kazanacakt\u0131r.\u201d<\/p>\n<p><strong>\u201c\u00d6N\u00dcNE GELENE AKARYAKIT L\u0130SANSI VER\u0130LMES\u0130N<\/strong><\/p>\n<p>EPG\u0130S, akaryak\u0131tta vergi ka\u00e7a\u011f\u0131n\u0131n \u00f6n\u00fcne ge\u00e7ilebilmesi i\u00e7in, vergi \u00f6nleminin yan\u0131 s\u0131ra, akaryak\u0131t da\u011f\u0131t\u0131m firmas\u0131 kurma ko\u015fullar\u0131n\u0131n zorla\u015ft\u0131r\u0131lmas\u0131n\u0131 da talep ediyor. Fesih Akta\u015f, bu konuyla ilgili olarak, \u201cEPDK\u2019n\u0131n, akaryak\u0131t da\u011f\u0131t\u0131m firmas\u0131 kurmak i\u00e7in 10 milyon dolarl\u0131k teminat mektubu verme \u015fart\u0131n\u0131 getirmesi durumunda k\u00f6t\u00fc niyetli firmalar temizlenecek ve sekt\u00f6r\u00fcm\u00fcze s\u00fck\u00fbnet gelecektir\u201d dedi.<\/p>","protected":false},"excerpt":{"rendered":"<p>Sorry, this entry is only available in Turkish. For the sake of viewer convenience, the content is shown below in the alternative language. You may click the link to switch the active language.EPG\u0130S Ba\u015fkan\u0131 Fesih Akta\u015f, H\u00fck\u00fcmet\u2019in a\u00e7\u0131klad\u0131\u011f\u0131 Orta Vadeli Program\u2019da (OVP) yer alan yeni vergilerin, sendika olarak uzun zamand\u0131r dile getirdikleri \u201cAkaryak\u0131tta KDV\u2019yi %18\u2019den [&hellip;]<\/p>\n","protected":false},"author":1,"featured_media":67993,"comment_status":"open","ping_status":"open","sticky":false,"template":"","format":"standard","meta":[],"categories":[53,44],"tags":[2725,27667,33523,19840,34935,2388,34937,34936],"views":1281,"_links":{"self":[{"href":"https:\/\/www.enerjigazetesi.ist\/en\/wp-json\/wp\/v2\/posts\/67992"}],"collection":[{"href":"https:\/\/www.enerjigazetesi.ist\/en\/wp-json\/wp\/v2\/posts"}],"about":[{"href":"https:\/\/www.enerjigazetesi.ist\/en\/wp-json\/wp\/v2\/types\/post"}],"author":[{"embeddable":true,"href":"https:\/\/www.enerjigazetesi.ist\/en\/wp-json\/wp\/v2\/users\/1"}],"replies":[{"embeddable":true,"href":"https:\/\/www.enerjigazetesi.ist\/en\/wp-json\/wp\/v2\/comments?post=67992"}],"version-history":[{"count":1,"href":"https:\/\/www.enerjigazetesi.ist\/en\/wp-json\/wp\/v2\/posts\/67992\/revisions"}],"predecessor-version":[{"id":67994,"href":"https:\/\/www.enerjigazetesi.ist\/en\/wp-json\/wp\/v2\/posts\/67992\/revisions\/67994"}],"wp:featuredmedia":[{"embeddable":true,"href":"https:\/\/www.enerjigazetesi.ist\/en\/wp-json\/wp\/v2\/media\/67993"}],"wp:attachment":[{"href":"https:\/\/www.enerjigazetesi.ist\/en\/wp-json\/wp\/v2\/media?parent=67992"}],"wp:term":[{"taxonomy":"category","embeddable":true,"href":"https:\/\/www.enerjigazetesi.ist\/en\/wp-json\/wp\/v2\/categories?post=67992"},{"taxonomy":"post_tag","embeddable":true,"href":"https:\/\/www.enerjigazetesi.ist\/en\/wp-json\/wp\/v2\/tags?post=67992"}],"curies":[{"name":"wp","href":"https:\/\/api.w.org\/{rel}","templated":true}]}}