{"id":67989,"date":"2017-10-01T18:31:47","date_gmt":"2017-10-01T15:31:47","guid":{"rendered":"https:\/\/www.enerjigazetesi.ist\/?p=67989"},"modified":"2017-10-01T18:32:20","modified_gmt":"2017-10-01T15:32:20","slug":"sisecam-toplulugu-4-surdurulebilirlik-raporunu-yayimladi","status":"publish","type":"post","link":"https:\/\/www.enerjigazetesi.ist\/en\/sisecam-toplulugu-4-surdurulebilirlik-raporunu-yayimladi\/","title":{"rendered":"(Turkish) \u015ei\u015fecam Toplulu\u011fu 4. S\u00fcrd\u00fcr\u00fclebilirlik Raporu\u2019nu Yay\u0131mlad\u0131"},"content":{"rendered":"<p class=\"qtranxs-available-languages-message qtranxs-available-languages-message-en\">Sorry, this entry is only available in <a href=\"https:\/\/www.enerjigazetesi.ist\/tr\/wp-json\/wp\/v2\/posts\/67989\" class=\"qtranxs-available-language-link qtranxs-available-language-link-tr\" title=\"Turkish\">Turkish<\/a>. For the sake of viewer convenience, the content is shown below in the alternative language. You may click the link to switch the active language.<\/p><p><strong>D\u00fczcam, cam ev e\u015fyas\u0131, cam ambalaj ve kimyasallar ana i\u015f kollar\u0131nda faaliyet g\u00f6steren \u015ei\u015fecam Toplulu\u011fu, 4. S\u00fcrd\u00fcr\u00fclebilirlik Raporu\u2019nu yay\u0131nlad\u0131. \u0130nsana, \u00e7evreye duyarl\u0131l\u0131k anlay\u0131\u015f\u0131yla faaliyetlerine devam eden \u015ei\u015fecam Toplulu\u011fu, raporu, \u015feffafl\u0131k ve hesap verebilirlik ilkeleri do\u011frultusunda d\u00fczenlendi. <\/strong><\/p>\n<p><strong>\u015ei\u015fecam Toplulu\u011fu Y\u00f6netim Kurulu Ba\u015fkan Vekili ve Genel M\u00fcd\u00fcr\u00fc Prof. Dr. Ahmet K\u0131rman, \u201cK\u00fcresel pazarda ilk \u00fc\u00e7 aras\u0131nda yer alma hedefimize ula\u015fmak i\u00e7in y\u00fcr\u00fctmekte oldu\u011fumuz stratejik plan\u0131n \u00f6ncelikli unsurlar\u0131ndan biri, s\u00fcrd\u00fcr\u00fclebilirlik ilkelerine uyum olarak tan\u0131mlanm\u0131\u015ft\u0131r\u201d dedi.<\/strong><\/p>\n<p>D\u00fcnyan\u0131n cam ev e\u015fyas\u0131nda \u00fc\u00e7\u00fcnc\u00fc, cam ambalaj ve d\u00fczcamda be\u015finci b\u00fcy\u00fck \u00fcreticisi konumundaki \u015ei\u015fecam Toplulu\u011fu\u2019nun, S\u00fcrd\u00fcr\u00fclebilirlik Raporu bu y\u0131l d\u00f6rd\u00fcnc\u00fc kez yay\u0131nland\u0131.<\/p>\n<p>\u015ei\u015fecam Toplulu\u011fu Y\u00f6netim Kurulu Ba\u015fkan Vekili ve Genel M\u00fcd\u00fcr\u00fc Prof. Dr. Ahmet K\u0131rman \u201c\u015ei\u015fecam <img loading=\"lazy\" class=\"alignright size-medium wp-image-67990\" src=\"https:\/\/www.enerjigazetesi.ist\/wp-content\/uploads\/2017\/10\/sisecam-toplulugu-4-surdurulebilirlik-raporunu-yayimladi-300x144.jpg\" alt=\"\" width=\"300\" height=\"144\" srcset=\"https:\/\/www.enerjigazetesi.ist\/wp-content\/uploads\/2017\/10\/sisecam-toplulugu-4-surdurulebilirlik-raporunu-yayimladi-300x144.jpg 300w, https:\/\/www.enerjigazetesi.ist\/wp-content\/uploads\/2017\/10\/sisecam-toplulugu-4-surdurulebilirlik-raporunu-yayimladi-768x368.jpg 768w, https:\/\/www.enerjigazetesi.ist\/wp-content\/uploads\/2017\/10\/sisecam-toplulugu-4-surdurulebilirlik-raporunu-yayimladi-1024x491.jpg 1024w, https:\/\/www.enerjigazetesi.ist\/wp-content\/uploads\/2017\/10\/sisecam-toplulugu-4-surdurulebilirlik-raporunu-yayimladi-500x240.jpg 500w, https:\/\/www.enerjigazetesi.ist\/wp-content\/uploads\/2017\/10\/sisecam-toplulugu-4-surdurulebilirlik-raporunu-yayimladi-80x38.jpg 80w, https:\/\/www.enerjigazetesi.ist\/wp-content\/uploads\/2017\/10\/sisecam-toplulugu-4-surdurulebilirlik-raporunu-yayimladi.jpg 1243w\" sizes=\"(max-width: 300px) 100vw, 300px\" \/>Toplulu\u011fu s\u00fcrd\u00fcr\u00fclebilir b\u00fcy\u00fcme modeli kapsam\u0131nda, k\u00fcresel pazarda ilk \u00fc\u00e7 aras\u0131nda yer alma hedefimize ula\u015fmak i\u00e7in y\u00fcr\u00fctmekte oldu\u011fumuz stratejik plan\u0131n \u00f6ncelikli unsurlar\u0131 aras\u0131nda, s\u00fcrd\u00fcr\u00fclebilirlik ilkelerine uyum yer al\u0131yor. Yaratt\u0131\u011f\u0131m\u0131z de\u011ferin s\u00fcrd\u00fcr\u00fclebilirli\u011fini sa\u011flamak amac\u0131yla, s\u00fcre\u00e7lerimizin s\u00fcrd\u00fcr\u00fclebilirlik perspektifinden de\u011ferlendirilmesine ve \u00f6nceliklendirdi\u011fimiz unsurlar\u0131n i\u015f stratejilerimize entegre edilmesine kararl\u0131l\u0131kla devam ediyoruz. 2016-2017 d\u00f6neminde B\u0130ST S\u00fcrd\u00fcr\u00fclebilirlik Endeksi\u2019ne girmi\u015f olmam\u0131z, bu ba\u011flamdaki y\u00fcksek performans\u0131m\u0131z\u0131n en \u00f6nemli g\u00f6stergelerinden biridir\u201d dedi.<\/p>\n<p><strong>\u015ei\u015fecam Toplulu\u011fu k\u00fcresel bir aile <\/strong><\/p>\n<p>Topluluk ad\u0131na s\u00fcrd\u00fcr\u00fclebilirlik faaliyetlerini de\u011ferlendiren \u015ei\u015fecam Toplulu\u011fu Y\u00f6netim Kurulu Ba\u015fkan Vekili ve Genel M\u00fcd\u00fcr\u00fc Prof. Dr. Ahmet K\u0131rman, topluluk olarak faaliyetlerini sosyal sorumluluk, insana ve \u00e7evreye duyarl\u0131 bir yakla\u015f\u0131mla s\u00fcrd\u00fcrd\u00fcklerini ifade etti. K\u0131rman s\u00f6zlerine \u015f\u00f6yle devam etti: \u201c13 \u00fclkede 22.000\u2019e yak\u0131n \u00e7al\u0131\u015fan\u0131m\u0131zla d\u00fcnyan\u0131n \u00f6nde gelen sanayi kurulu\u015flar\u0131 aras\u0131nda yer alan k\u00fcresel bir aileyiz. Yaratt\u0131\u011f\u0131m\u0131z k\u00fcresel de\u011feri art\u0131rarak devam ettirmenin en \u00f6nemli unsuru olan \u00e7al\u0131\u015fanlar\u0131m\u0131z i\u00e7in mutlu, \u00fcretken, verimli, g\u00fcvenli ve farkl\u0131l\u0131klara sayg\u0131l\u0131 bir \u00e7al\u0131\u015fma ortam\u0131 olu\u015fturmaya y\u00f6nelik uygulamalar\u0131m\u0131za devam etmekteyiz.<\/p>\n<p>Bir d\u00fcnya \u015firketi olarak, yaratt\u0131\u011f\u0131m\u0131z de\u011feri bug\u00fcnk\u00fc seviyesine ta\u015f\u0131mam\u0131z\u0131n ve s\u00fcrd\u00fcr\u00fclebilir k\u0131lmam\u0131z\u0131n temelinde faaliyetlerimizi sosyal sorumluluk bilincinin yan\u0131 s\u0131ra insana ve \u00e7evreye duyarl\u0131 bir yakla\u015f\u0131mla s\u00fcrd\u00fcrmemiz yat\u0131yor. Payda\u015flar\u0131m\u0131z i\u00e7in yaratt\u0131\u011f\u0131m\u0131z de\u011ferin s\u00fcrd\u00fcr\u00fclebilirli\u011fini sa\u011flamak amac\u0131yla, s\u00fcre\u00e7lerimizin s\u00fcrd\u00fcr\u00fclebilirlik perspektifinden de\u011ferlendirilmesine ve \u00f6nceliklendirdi\u011fimiz unsurlar\u0131n i\u015f stratejilerimize entegre edilmesine kararl\u0131l\u0131kla devam ediyoruz.\u201d<\/p>\n<p>Toplulu\u011fun 2011 y\u0131l\u0131ndan bu yana s\u00fcrd\u00fcrd\u00fc\u011f\u00fc T\u00fcrkiye\u2019nin en kapsaml\u0131 s\u00fcrd\u00fcr\u00fclebilirlik ve sosyal sorumluluk projelerinden biri olan \u201cCam Yeniden Cam\u201d Projesi ile toplumsal davran\u0131\u015f de\u011fi\u015fikli\u011fi yaratarak geri d\u00f6n\u00fc\u015f\u00fcm toplumuna ge\u00e7i\u015fe destek olmaya 2016 y\u0131l\u0131nda da devam etti\u011fini vurgulayan Prof. Dr K\u0131rman, \u201cProje ba\u015flang\u0131c\u0131ndan bu yana, toplamda 233.000 ilk\u00f6\u011fretim \u00f6\u011frencisine geri d\u00f6n\u00fc\u015f\u00fcm konusunda e\u011fitimler verilmi\u015f, 17.400 adet kumbara hibe edilmi\u015f ve 740.000 ton cam ambalaj at\u0131\u011f\u0131n\u0131n geri d\u00f6n\u00fc\u015f\u00fcm\u00fc sa\u011flanm\u0131\u015ft\u0131r. Di\u011fer taraftan, Raporlama d\u00f6neminde ger\u00e7ekle\u015ftirdi\u011fimiz enerji verimlili\u011fi projeleri ile toplam 590.700 GJ enerji tasarrufu sa\u011flanm\u0131\u015f ve 25.800 t CO<sub>2<\/sub> sal\u0131m\u0131 engellenmi\u015ftir\u201d diye konu\u015ftu.<\/p>\n<p><strong>Kurumsal y\u00f6netim ilkeleri toplulu\u011fun temel ta\u015flar\u0131ndan biri<\/strong><\/p>\n<p>Kurumsal y\u00f6netim ilkelerinin Toplulu\u011fun temel ta\u015flar\u0131ndan birini olu\u015fturdu\u011funu ifade eden Prof. Dr. K\u0131rman, \u201cHayata ge\u00e7irilen y\u00f6netim uygulamalar\u0131 sonucunda 2015 y\u0131l\u0131nda yap\u0131lan de\u011ferlendirmeye g\u00f6re 93,53 (10 \u00fczerinden 9,35) olan Kurumsal Y\u00f6netim Derecelendirme notumuz 2016 y\u0131l\u0131 i\u00e7erisinde 94,41\u2019e y\u00fckseldi. Elde etti\u011fimiz bu ba\u015far\u0131y\u0131 daha ileri noktalara ta\u015f\u0131mak i\u00e7in Topluluk olarak d\u00fcr\u00fcstl\u00fck, \u015feffafl\u0131k, tarafs\u0131zl\u0131k ile yasalara ve d\u00fczenlemelere uyum ana prensipleri \u00e7er\u00e7evesinde \u00e7al\u0131\u015fmalar\u0131m\u0131z\u0131 geli\u015ftirerek s\u00fcrd\u00fcrmek \u00f6ncelikli hedeflerimiz aras\u0131nda yer almaktad\u0131r. S\u00fcrd\u00fcr\u00fclebilir b\u00fcy\u00fcme anlay\u0131\u015f\u0131m\u0131z\u0131n temelinde, i\u015f s\u00fcre\u00e7lerimizi esnek ve \u00e7\u00f6z\u00fcm odakl\u0131 bir yap\u0131yla daha etkin bir \u015fekilde y\u00f6netmek ve verimlili\u011fimizi \u00fcst seviyelerde korumak yer al\u0131yor\u201d dedi.<\/p>\n<p><strong>G\u00f6rme engelliler i\u00e7in haz\u0131rlanan ilk s\u00fcrd\u00fcr\u00fclebilirlik raporu<\/strong><\/p>\n<p>G\u00f6rme engelli \u00e7al\u0131\u015fanlar\u0131n rapora eri\u015febilmesini sa\u011flamak amac\u0131yla rapor, sesli kitap olarak da haz\u0131rlat\u0131ld\u0131 ve \u015ei\u015fecam\u2019\u0131n kurumsal web sitesinde yer ald\u0131. Ayr\u0131ca, da\u011f\u0131t\u0131lan t\u00fcm bro\u015f\u00fcrlere braille alfabesi ile yaz\u0131lm\u0131\u015f bir b\u00f6l\u00fcm eklenerek, rapora sesli kitap olarak eri\u015filebilecek web sayfas\u0131n\u0131n adresi verildi. G\u00f6rme engelli payda\u015flar\u0131n daha kolay eri\u015febilmesini sa\u011flamak amac\u0131yla Rapor, T\u00fcrk\u00e7e ve \u0130ngilizce dillerinde sesli kitap\u201d olarak haz\u0131rlat\u0131ld\u0131.<\/p>","protected":false},"excerpt":{"rendered":"<p>Sorry, this entry is only available in Turkish. For the sake of viewer convenience, the content is shown below in the alternative language. You may click the link to switch the active language.D\u00fczcam, cam ev e\u015fyas\u0131, cam ambalaj ve kimyasallar ana i\u015f kollar\u0131nda faaliyet g\u00f6steren \u015ei\u015fecam Toplulu\u011fu, 4. S\u00fcrd\u00fcr\u00fclebilirlik Raporu\u2019nu yay\u0131nlad\u0131. \u0130nsana, \u00e7evreye duyarl\u0131l\u0131k anlay\u0131\u015f\u0131yla [&hellip;]<\/p>\n","protected":false},"author":1,"featured_media":67990,"comment_status":"open","ping_status":"open","sticky":false,"template":"","format":"standard","meta":[],"categories":[53],"tags":[32734,33881,872],"views":604,"_links":{"self":[{"href":"https:\/\/www.enerjigazetesi.ist\/en\/wp-json\/wp\/v2\/posts\/67989"}],"collection":[{"href":"https:\/\/www.enerjigazetesi.ist\/en\/wp-json\/wp\/v2\/posts"}],"about":[{"href":"https:\/\/www.enerjigazetesi.ist\/en\/wp-json\/wp\/v2\/types\/post"}],"author":[{"embeddable":true,"href":"https:\/\/www.enerjigazetesi.ist\/en\/wp-json\/wp\/v2\/users\/1"}],"replies":[{"embeddable":true,"href":"https:\/\/www.enerjigazetesi.ist\/en\/wp-json\/wp\/v2\/comments?post=67989"}],"version-history":[{"count":1,"href":"https:\/\/www.enerjigazetesi.ist\/en\/wp-json\/wp\/v2\/posts\/67989\/revisions"}],"predecessor-version":[{"id":67991,"href":"https:\/\/www.enerjigazetesi.ist\/en\/wp-json\/wp\/v2\/posts\/67989\/revisions\/67991"}],"wp:featuredmedia":[{"embeddable":true,"href":"https:\/\/www.enerjigazetesi.ist\/en\/wp-json\/wp\/v2\/media\/67990"}],"wp:attachment":[{"href":"https:\/\/www.enerjigazetesi.ist\/en\/wp-json\/wp\/v2\/media?parent=67989"}],"wp:term":[{"taxonomy":"category","embeddable":true,"href":"https:\/\/www.enerjigazetesi.ist\/en\/wp-json\/wp\/v2\/categories?post=67989"},{"taxonomy":"post_tag","embeddable":true,"href":"https:\/\/www.enerjigazetesi.ist\/en\/wp-json\/wp\/v2\/tags?post=67989"}],"curies":[{"name":"wp","href":"https:\/\/api.w.org\/{rel}","templated":true}]}}