{"id":67945,"date":"2017-09-30T17:13:42","date_gmt":"2017-09-30T14:13:42","guid":{"rendered":"https:\/\/www.enerjigazetesi.ist\/?p=67945"},"modified":"2017-09-30T17:15:07","modified_gmt":"2017-09-30T14:15:07","slug":"istinyepark-10-yasini-alisveris-partisiyle-kutladi","status":"publish","type":"post","link":"https:\/\/www.enerjigazetesi.ist\/en\/istinyepark-10-yasini-alisveris-partisiyle-kutladi\/","title":{"rendered":"(Turkish) \u0130stinyePark 10. Ya\u015f\u0131n\u0131 Al\u0131\u015fveri\u015f Partisiyle Kutlad\u0131!"},"content":{"rendered":"<p class=\"qtranxs-available-languages-message qtranxs-available-languages-message-en\">Sorry, this entry is only available in <a href=\"https:\/\/www.enerjigazetesi.ist\/tr\/wp-json\/wp\/v2\/posts\/67945\" class=\"qtranxs-available-language-link qtranxs-available-language-link-tr\" title=\"Turkish\">Turkish<\/a>. For the sake of viewer convenience, the content is shown below in the alternative language. You may click the link to switch the active language.<\/p><p><strong>\u0130stinyePark Al\u0131\u015fveri\u015f Merkezi, 22 Eyl\u00fcl\u2019de 10 ya\u015f\u0131na bast\u0131. \u0130stinyePark 10. Ya\u015f\u0131n\u0131 Al\u0131\u015fveri\u015f Partisiyle Kutlad\u0131.<\/strong><\/p>\n<p><img loading=\"lazy\" class=\"alignright size-medium wp-image-67947\" src=\"https:\/\/www.enerjigazetesi.ist\/wp-content\/uploads\/2017\/09\/istinyepark-10-yasini-alisveris-partisiyle-kutladi-1-300x169.jpg\" alt=\"\" width=\"300\" height=\"169\" srcset=\"https:\/\/www.enerjigazetesi.ist\/wp-content\/uploads\/2017\/09\/istinyepark-10-yasini-alisveris-partisiyle-kutladi-1-300x169.jpg 300w, https:\/\/www.enerjigazetesi.ist\/wp-content\/uploads\/2017\/09\/istinyepark-10-yasini-alisveris-partisiyle-kutladi-1-768x432.jpg 768w, https:\/\/www.enerjigazetesi.ist\/wp-content\/uploads\/2017\/09\/istinyepark-10-yasini-alisveris-partisiyle-kutladi-1.jpg 1024w, https:\/\/www.enerjigazetesi.ist\/wp-content\/uploads\/2017\/09\/istinyepark-10-yasini-alisveris-partisiyle-kutladi-1-500x281.jpg 500w, https:\/\/www.enerjigazetesi.ist\/wp-content\/uploads\/2017\/09\/istinyepark-10-yasini-alisveris-partisiyle-kutladi-1-80x45.jpg 80w\" sizes=\"(max-width: 300px) 100vw, 300px\" \/><\/p>\n<p>22 Eyl\u00fcl 2017 tarihinde \u0130stinye Park AVM\u2019ndeki ma\u011fazalarda g\u00fcn boyu \u00e7e\u015fitli indirimler ve s\u00fcrpriz ziyaret\u00e7iler ile bulu\u015ftu. Ak\u015fam saat 20.00\u2019den sonra ise g\u00f6rkemli bir parti ile 10. Y\u0131l kutlamalar\u0131n devam etti\u011fi gecede Nouvelle Vague, Deeperise ft. Jabbar ve Mahmut Orhan sahne ald\u0131.<\/p>\n<p>Enerji Gazetesi olarak Onursal Ba\u015fkan\u0131m\u0131z ve Teknik Dan\u0131\u015fman\u0131m\u0131z Atilla ALTINEL&#8217;in davetliler aras\u0131nda yer ald\u0131\u011f\u0131 bu \u00f6zel g\u00fcnde \u0130stinye Park ailesinin yan\u0131ndayd\u0131k&#8230;<\/p>\n<p>&nbsp;<\/p>","protected":false},"excerpt":{"rendered":"<p>Sorry, this entry is only available in Turkish. For the sake of viewer convenience, the content is shown below in the alternative language. You may click the link to switch the active language.\u0130stinyePark Al\u0131\u015fveri\u015f Merkezi, 22 Eyl\u00fcl\u2019de 10 ya\u015f\u0131na bast\u0131. \u0130stinyePark 10. Ya\u015f\u0131n\u0131 Al\u0131\u015fveri\u015f Partisiyle Kutlad\u0131. 22 Eyl\u00fcl 2017 tarihinde \u0130stinye Park AVM\u2019ndeki ma\u011fazalarda g\u00fcn [&hellip;]<\/p>\n","protected":false},"author":1,"featured_media":67946,"comment_status":"open","ping_status":"open","sticky":false,"template":"","format":"standard","meta":[],"categories":[53,4],"tags":[35555,35556,35557,35558,35559,35560,35561,35562,35563],"views":1575,"_links":{"self":[{"href":"https:\/\/www.enerjigazetesi.ist\/en\/wp-json\/wp\/v2\/posts\/67945"}],"collection":[{"href":"https:\/\/www.enerjigazetesi.ist\/en\/wp-json\/wp\/v2\/posts"}],"about":[{"href":"https:\/\/www.enerjigazetesi.ist\/en\/wp-json\/wp\/v2\/types\/post"}],"author":[{"embeddable":true,"href":"https:\/\/www.enerjigazetesi.ist\/en\/wp-json\/wp\/v2\/users\/1"}],"replies":[{"embeddable":true,"href":"https:\/\/www.enerjigazetesi.ist\/en\/wp-json\/wp\/v2\/comments?post=67945"}],"version-history":[{"count":2,"href":"https:\/\/www.enerjigazetesi.ist\/en\/wp-json\/wp\/v2\/posts\/67945\/revisions"}],"predecessor-version":[{"id":67949,"href":"https:\/\/www.enerjigazetesi.ist\/en\/wp-json\/wp\/v2\/posts\/67945\/revisions\/67949"}],"wp:featuredmedia":[{"embeddable":true,"href":"https:\/\/www.enerjigazetesi.ist\/en\/wp-json\/wp\/v2\/media\/67946"}],"wp:attachment":[{"href":"https:\/\/www.enerjigazetesi.ist\/en\/wp-json\/wp\/v2\/media?parent=67945"}],"wp:term":[{"taxonomy":"category","embeddable":true,"href":"https:\/\/www.enerjigazetesi.ist\/en\/wp-json\/wp\/v2\/categories?post=67945"},{"taxonomy":"post_tag","embeddable":true,"href":"https:\/\/www.enerjigazetesi.ist\/en\/wp-json\/wp\/v2\/tags?post=67945"}],"curies":[{"name":"wp","href":"https:\/\/api.w.org\/{rel}","templated":true}]}}