{"id":67917,"date":"2017-09-29T14:12:48","date_gmt":"2017-09-29T11:12:48","guid":{"rendered":"https:\/\/www.enerjigazetesi.ist\/?p=67917"},"modified":"2017-09-29T14:14:19","modified_gmt":"2017-09-29T11:14:19","slug":"turkiyenin-ilk-hibrit-jeneratoru-teksana-enerji-verimliligi-odulu-getirdi","status":"publish","type":"post","link":"https:\/\/www.enerjigazetesi.ist\/en\/turkiyenin-ilk-hibrit-jeneratoru-teksana-enerji-verimliligi-odulu-getirdi\/","title":{"rendered":"(Turkish) T\u00fcrkiye\u2019nin \u0130lk Hibrit Jenerat\u00f6r\u00fc Teksan\u2019a Enerji Verimlili\u011fi \u00d6d\u00fcl\u00fc Getirdi!"},"content":{"rendered":"<p class=\"qtranxs-available-languages-message qtranxs-available-languages-message-en\">Sorry, this entry is only available in <a href=\"https:\/\/www.enerjigazetesi.ist\/tr\/wp-json\/wp\/v2\/posts\/67917\" class=\"qtranxs-available-language-link qtranxs-available-language-link-tr\" title=\"Turkish\">Turkish<\/a>. For the sake of viewer convenience, the content is shown below in the alternative language. You may click the link to switch the active language.<\/p><p><strong>\u2018\u0130SO Enerji Verimlili\u011fi \u00d6d\u00fclleri\u2019nde B\u00fcy\u00fck \u00d6l\u00e7ekli \u0130\u015fletme &#8211; \u201cEnerji Verimli \u00dcr\u00fcn\u201d kategorisinde ikincilik \u00f6d\u00fcl\u00fcn\u00fcn sahibi oldu. D\u00fczenlenen t\u00f6rende Teksan Jenerat\u00f6r\u2019\u00fcn \u00f6d\u00fcl\u00fcn\u00fc Y\u00f6netim Kurulu Ba\u015fkan\u0131 \u00d6zdemir Ata, T.C. Enerji ve Tabii Kaynaklar Bakan\u0131 Berat Albayrak\u2019\u0131n elinden ald\u0131.<\/strong><\/p>\n<p><img loading=\"lazy\" class=\"alignright size-medium wp-image-67918\" src=\"https:\/\/www.enerjigazetesi.ist\/wp-content\/uploads\/2017\/09\/turkiyenin-ilk-hibrit-jeneratoru-teksana-enerji-verimliligi-odulu-getirdi-300x200.jpg\" alt=\"\" width=\"300\" height=\"200\" srcset=\"https:\/\/www.enerjigazetesi.ist\/wp-content\/uploads\/2017\/09\/turkiyenin-ilk-hibrit-jeneratoru-teksana-enerji-verimliligi-odulu-getirdi-300x200.jpg 300w, https:\/\/www.enerjigazetesi.ist\/wp-content\/uploads\/2017\/09\/turkiyenin-ilk-hibrit-jeneratoru-teksana-enerji-verimliligi-odulu-getirdi-768x511.jpg 768w, https:\/\/www.enerjigazetesi.ist\/wp-content\/uploads\/2017\/09\/turkiyenin-ilk-hibrit-jeneratoru-teksana-enerji-verimliligi-odulu-getirdi-500x333.jpg 500w, https:\/\/www.enerjigazetesi.ist\/wp-content\/uploads\/2017\/09\/turkiyenin-ilk-hibrit-jeneratoru-teksana-enerji-verimliligi-odulu-getirdi-75x50.jpg 75w, https:\/\/www.enerjigazetesi.ist\/wp-content\/uploads\/2017\/09\/turkiyenin-ilk-hibrit-jeneratoru-teksana-enerji-verimliligi-odulu-getirdi.jpg 796w\" sizes=\"(max-width: 300px) 100vw, 300px\" \/><\/p>\n<p>T\u00fcrkiye\u2019nin Ar-Ge devleri aras\u0131nda yer alan Teksan Jenerat\u00f6r, son y\u0131llarda s\u00fcrd\u00fcr\u00fclebilir bir gelecek i\u00e7in enerji verimlili\u011fi sa\u011flayan teknolojilere yapt\u0131\u011f\u0131 yat\u0131r\u0131mlara \u00f6ne \u00e7\u0131k\u0131yor. Sekt\u00f6re kazand\u0131rd\u0131\u011f\u0131 ilklerle farkl\u0131la\u015fan marka, T\u00dcB\u0130TAK i\u015fbirli\u011fi ile geli\u015ftirdi\u011fi T\u00fcrkiye\u2019nin ilk hibrit jenerat\u00f6r\u00fc ile \u0130stanbul Sanayi Odas\u0131 (\u0130SO) taraf\u0131ndan d\u00fczenlenen \u201cEnerji Verimlili\u011fi \u00d6d\u00fclleri\u201dnde B\u00fcy\u00fck \u00d6l\u00e7ekli \u0130\u015fletme &#8211; \u201cEnerji Verimli \u00dcr\u00fcn\u201d kategorisinde ikincilik \u00f6d\u00fcl\u00fcn\u00fc kazand\u0131. Enerji verimlili\u011finde \u00f6nemli bir \u00e7\u00f6z\u00fcm olan hibrit teknolojisi ile kazan\u0131lan \u00f6d\u00fcl\u00fc <strong>Teksan Jenerat\u00f6r Y\u00f6netim Kurulu Ba\u015fkan\u0131 \u00d6zdemir Ata<\/strong>, <strong>T.C.<\/strong> <strong>Enerji ve Tabii Kaynaklar Bakan\u0131 Berat Albayrak<\/strong>\u2019\u0131n elinden ald\u0131.<\/p>\n<p>Teksan Y\u00f6netim Kurulu Ba\u015fkan\u0131 \u00d6zdemir Ata, \u00f6d\u00fcl sevincini hibrit ve yeni \u00e7evreci teknolojiler \u00fczerine \u00e7al\u0131\u015fmalar y\u00fcr\u00fcten Teksan Ar-Ge Merkezi \u00e7al\u0131\u015fanlar\u0131 ile payla\u015ft\u0131. R\u00fczg\u00e2r ve g\u00fcne\u015f gibi yenilenebilir enerji kaynaklar\u0131na entegre olarak \u00e7al\u0131\u015fan hibrit jenerat\u00f6r yak\u0131ttan y\u00fczde 65 tasarruf sa\u011flarken karbon sal\u0131n\u0131m\u0131n\u0131 da y\u00fczde 80 azalt\u0131yor.<\/p>","protected":false},"excerpt":{"rendered":"<p>Sorry, this entry is only available in Turkish. For the sake of viewer convenience, the content is shown below in the alternative language. You may click the link to switch the active language.\u2018\u0130SO Enerji Verimlili\u011fi \u00d6d\u00fclleri\u2019nde B\u00fcy\u00fck \u00d6l\u00e7ekli \u0130\u015fletme &#8211; \u201cEnerji Verimli \u00dcr\u00fcn\u201d kategorisinde ikincilik \u00f6d\u00fcl\u00fcn\u00fcn sahibi oldu. D\u00fczenlenen t\u00f6rende Teksan Jenerat\u00f6r\u2019\u00fcn \u00f6d\u00fcl\u00fcn\u00fc Y\u00f6netim Kurulu [&hellip;]<\/p>\n","protected":false},"author":1,"featured_media":67918,"comment_status":"open","ping_status":"open","sticky":false,"template":"","format":"standard","meta":[],"categories":[53,52],"tags":[2129,27051,754,227,33941,35544,9642,35543,69,27518,25924,793,5844],"views":1167,"_links":{"self":[{"href":"https:\/\/www.enerjigazetesi.ist\/en\/wp-json\/wp\/v2\/posts\/67917"}],"collection":[{"href":"https:\/\/www.enerjigazetesi.ist\/en\/wp-json\/wp\/v2\/posts"}],"about":[{"href":"https:\/\/www.enerjigazetesi.ist\/en\/wp-json\/wp\/v2\/types\/post"}],"author":[{"embeddable":true,"href":"https:\/\/www.enerjigazetesi.ist\/en\/wp-json\/wp\/v2\/users\/1"}],"replies":[{"embeddable":true,"href":"https:\/\/www.enerjigazetesi.ist\/en\/wp-json\/wp\/v2\/comments?post=67917"}],"version-history":[{"count":3,"href":"https:\/\/www.enerjigazetesi.ist\/en\/wp-json\/wp\/v2\/posts\/67917\/revisions"}],"predecessor-version":[{"id":67921,"href":"https:\/\/www.enerjigazetesi.ist\/en\/wp-json\/wp\/v2\/posts\/67917\/revisions\/67921"}],"wp:featuredmedia":[{"embeddable":true,"href":"https:\/\/www.enerjigazetesi.ist\/en\/wp-json\/wp\/v2\/media\/67918"}],"wp:attachment":[{"href":"https:\/\/www.enerjigazetesi.ist\/en\/wp-json\/wp\/v2\/media?parent=67917"}],"wp:term":[{"taxonomy":"category","embeddable":true,"href":"https:\/\/www.enerjigazetesi.ist\/en\/wp-json\/wp\/v2\/categories?post=67917"},{"taxonomy":"post_tag","embeddable":true,"href":"https:\/\/www.enerjigazetesi.ist\/en\/wp-json\/wp\/v2\/tags?post=67917"}],"curies":[{"name":"wp","href":"https:\/\/api.w.org\/{rel}","templated":true}]}}