{"id":67885,"date":"2017-09-28T14:06:20","date_gmt":"2017-09-28T11:06:20","guid":{"rendered":"https:\/\/www.enerjigazetesi.ist\/?p=67885"},"modified":"2017-09-28T14:06:20","modified_gmt":"2017-09-28T11:06:20","slug":"epgisten-palandokene-bir-sektorun-batisina-neden-olacaksiniz","status":"publish","type":"post","link":"https:\/\/www.enerjigazetesi.ist\/en\/epgisten-palandokene-bir-sektorun-batisina-neden-olacaksiniz\/","title":{"rendered":"(Turkish) EPG\u0130S\u2019ten Paland\u00f6ken\u2019e: \u201cBir Sekt\u00f6r\u00fcn Bat\u0131\u015f\u0131na Neden Olacaks\u0131n\u0131z\u201d"},"content":{"rendered":"<p class=\"qtranxs-available-languages-message qtranxs-available-languages-message-en\">Sorry, this entry is only available in <a href=\"https:\/\/www.enerjigazetesi.ist\/tr\/wp-json\/wp\/v2\/posts\/67885\" class=\"qtranxs-available-language-link qtranxs-available-language-link-tr\" title=\"Turkish\">Turkish<\/a>. For the sake of viewer convenience, the content is shown below in the alternative language. You may click the link to switch the active language.<\/p><p><strong>Enerji Petrol Gaz \u0130kmal \u0130stasyonlar\u0131 \u0130\u015fveren Sendikas\u0131 (EPG\u0130S) Ba\u015fkan\u0131 Fesih Akta\u015f, akaryak\u0131tta tavan fiyat uygulamas\u0131na ge\u00e7ilmesini isteyen T\u00fcrkiye Esnaf ve Sanatkarlar\u0131 Konfederasyonu Ba\u015fkan\u0131 Bendevi Paland\u00f6ken\u2019e, a\u00e7\u0131k bir mektupla tepki g\u00f6sterdi:<span id=\"more-94211\"><\/span>\u00a0\u201cTavan fiyat, bir sekt\u00f6r\u00fcn bat\u0131\u015f\u0131n\u0131 ba\u015flataca\u011f\u0131 i\u00e7in bu konudaki \u0131srar\u0131n\u0131z\u0131 anlamakta zorluk \u00e7ekiyoruz. Tavan fiyat uygulamas\u0131yla on binlerce insan\u0131n i\u015finden, a\u015f\u0131ndan olaca\u011f\u0131n\u0131 bilmiyor olamazs\u0131n\u0131z. Buna ra\u011fmen bu talepte \u0131srarc\u0131 olman\u0131z, sorumluluk ve vicdan anlay\u0131\u015f\u0131n\u0131z hakk\u0131nda bize fikir vermektedir.\u201d<\/strong><\/p>\n<p>EPG\u0130S Ba\u015fkan\u0131 Fesih Akta\u015f, yay\u0131nlad\u0131\u011f\u0131 mektupta \u015fu sat\u0131rlara yer verdi:<\/p>\n<p>Say\u0131n Paland\u00f6ken,<\/p>\n<p><img loading=\"lazy\" class=\"alignleft size-medium wp-image-67886\" src=\"https:\/\/www.enerjigazetesi.ist\/wp-content\/uploads\/2017\/09\/epgisten-palandokene-bir-sektorun-batisina-neden-olacaksiniz-300x147.jpg\" alt=\"\" width=\"300\" height=\"147\" srcset=\"https:\/\/www.enerjigazetesi.ist\/wp-content\/uploads\/2017\/09\/epgisten-palandokene-bir-sektorun-batisina-neden-olacaksiniz-300x147.jpg 300w, https:\/\/www.enerjigazetesi.ist\/wp-content\/uploads\/2017\/09\/epgisten-palandokene-bir-sektorun-batisina-neden-olacaksiniz-500x244.jpg 500w, https:\/\/www.enerjigazetesi.ist\/wp-content\/uploads\/2017\/09\/epgisten-palandokene-bir-sektorun-batisina-neden-olacaksiniz-80x39.jpg 80w, https:\/\/www.enerjigazetesi.ist\/wp-content\/uploads\/2017\/09\/epgisten-palandokene-bir-sektorun-batisina-neden-olacaksiniz.jpg 696w\" sizes=\"(max-width: 300px) 100vw, 300px\" \/>Neredeyse her akaryak\u0131t zamm\u0131ndan sonra mutat hale getirdi\u011finiz tavan fiyat uygulamas\u0131 talebini 26 Eyl\u00fcl 2017 tarihinde bir kez daha dile getirdi\u011finizi \u00f6\u011frenmi\u015f bulunmaktay\u0131z.<\/p>\n<p>Tavan fiyat, bir sekt\u00f6r\u00fcn bat\u0131\u015f\u0131n\u0131 ba\u015flataca\u011f\u0131 i\u00e7in bu konudaki \u0131srar\u0131n\u0131z\u0131 anlamakta zorluk \u00e7ekiyoruz. Tavan fiyat uygulamas\u0131yla on binlerce insan\u0131n i\u015finden, a\u015f\u0131ndan olaca\u011f\u0131n\u0131 bilmiyor olamazs\u0131n\u0131z. Buna ra\u011fmen bu talepte \u0131srarc\u0131 olman\u0131z, sorumluluk ve vicdan anlay\u0131\u015f\u0131n\u0131z hakk\u0131nda bize fikir vermektedir.<\/p>\n<p>Size cevap vermek bize zul gelse de, omuzlar\u0131m\u0131zda bulunan sekt\u00f6r\u00fcm\u00fcz\u00fc korumak mecburiyeti, bizi bu mektubu kaleme almaya itmi\u015ftir.<\/p>\n<p>Say\u0131n Ba\u015fkan, daha \u00f6nce form\u00fclleri ile a\u00e7\u0131klad\u0131\u011f\u0131m\u0131z fiyatlama esaslar\u0131\u0131n\u0131 bu defa sizin de anlayaca\u011f\u0131n\u0131z \u015fekilde anlatmaya \u00e7al\u0131\u015fal\u0131m.<\/p>\n<p>\u0130lk bilmeniz gereken \u015fudur. Fiyatlamalar\u0131n hi\u00e7bir a\u015famas\u0131nda ana da\u011f\u0131t\u0131c\u0131lar ve bayilerin dahli yoktur.<\/p>\n<p>\u015eimdi anlatmaya ba\u015flayal\u0131m;<\/p>\n<p>Ham petrol fiyatlar\u0131n\u0131n bize direkt bir etkisi yoktur. Ham petrol\u00fcn i\u015fleni\u015fi sonras\u0131nda elde edilen motorin ve benzinin fiyat\u0131, EPDK taraf\u0131ndan belirlenen form\u00fclle, d\u0131\u015f piyasalardaki fiyatlar ile yurti\u00e7inde Merkez Bankas\u0131 kurlar\u0131 baz al\u0131narak hesaplan\u0131r. Ortaya \u00e7\u0131kan rakama \u00d6TV ve \u00d6TV\u2019nin de i\u00e7inde oldu\u011fu toplam KDV eklenir. En son olarak yine EPDK taraf\u0131ndan belirlenen standart ana da\u011f\u0131t\u0131c\u0131 ve bayi kar\u0131 ilave edilir.<\/p>\n<p>Sizin istedi\u011finiz tavan fiyat uygulamas\u0131 EPDK taraf\u0131ndan form\u00fcle edilmi\u015f olan ana da\u011f\u0131t\u0131c\u0131 + bayi kar\u0131na m\u00fcdahale demektir. Allah korusun, olas\u0131 bir m\u00fcdahalede gelecek olan indirim litrede 15-20 kuru\u015f olacakt\u0131r. Yani hepi topu d\u00fcn gelen zam kadar. Bunun halka yans\u0131mas\u0131 minimal dahi demeyece\u011fimiz bir oranda ger\u00e7ekle\u015fir. \u0130\u015fte bu k\u00fc\u00e7\u00fck marj, sekt\u00f6r oyuncular\u0131n\u0131n hayat kayna\u011f\u0131d\u0131r. Tavan fiyat talebinizin olumlu kar\u015f\u0131lanmas\u0131 durumunda, zaten can \u00e7eki\u015fen akaryak\u0131t sekt\u00f6r\u00fc mezara g\u00f6m\u00fclecektir.<\/p>\n<p>Yani anlayaca\u011f\u0131n\u0131z say\u0131n Ba\u015fkan, tavan fiyat\u0131n ne sekt\u00f6re ne de halka bir yarar\u0131 yoktur.<\/p>\n<p>E\u011fer ger\u00e7ekten fiyatlar\u0131n inmesini istiyorsan\u0131z, do\u011fru adres devlettir. Y\u00fcre\u011finiz varsa, ger\u00e7ekten halk\u0131n \u00e7\u0131kar\u0131n\u0131 g\u00f6zetiyorsan\u0131z, \u00d6TV indirimi isteyin.<\/p>\n<p>EPG\u0130S HAKKINDA<br \/>\nEnerji Petrol Gaz \u0130kmal \u0130stasyonlar\u0131 \u0130\u015fveren Sendikas\u0131 EPG\u0130S, T\u00fcrkiye genelinde 250 binden fazla ki\u015fiye istihdam sa\u011flayan da\u011f\u0131t\u0131m sekt\u00f6r\u00fcn\u00fcn y\u0131llar i\u00e7inde biriken sorunlar\u0131n\u0131 \u00e7\u00f6zmek i\u00e7in 14 \u015eubat 2017 tarihinde kuruldu. EPG\u0130S\u2019in Kurucular Kurulu\u2019nda, \u0130zmir\u2019den \u015eanl\u0131urfa\u2019ya, Rize\u2019den Batman\u2019a, T\u00fcrkiye\u2019nin pek \u00e7ok ilinden isimler yer al\u0131yor.<\/p>","protected":false},"excerpt":{"rendered":"<p>Sorry, this entry is only available in Turkish. For the sake of viewer convenience, the content is shown below in the alternative language. You may click the link to switch the active language.Enerji Petrol Gaz \u0130kmal \u0130stasyonlar\u0131 \u0130\u015fveren Sendikas\u0131 (EPG\u0130S) Ba\u015fkan\u0131 Fesih Akta\u015f, akaryak\u0131tta tavan fiyat uygulamas\u0131na ge\u00e7ilmesini isteyen T\u00fcrkiye Esnaf ve Sanatkarlar\u0131 Konfederasyonu Ba\u015fkan\u0131 [&hellip;]<\/p>\n","protected":false},"author":1,"featured_media":67886,"comment_status":"open","ping_status":"open","sticky":false,"template":"","format":"standard","meta":[],"categories":[53,44],"tags":[35344,19855,14081,7260,33522,750,33523,1946,2388,34936,7258],"views":931,"_links":{"self":[{"href":"https:\/\/www.enerjigazetesi.ist\/en\/wp-json\/wp\/v2\/posts\/67885"}],"collection":[{"href":"https:\/\/www.enerjigazetesi.ist\/en\/wp-json\/wp\/v2\/posts"}],"about":[{"href":"https:\/\/www.enerjigazetesi.ist\/en\/wp-json\/wp\/v2\/types\/post"}],"author":[{"embeddable":true,"href":"https:\/\/www.enerjigazetesi.ist\/en\/wp-json\/wp\/v2\/users\/1"}],"replies":[{"embeddable":true,"href":"https:\/\/www.enerjigazetesi.ist\/en\/wp-json\/wp\/v2\/comments?post=67885"}],"version-history":[{"count":1,"href":"https:\/\/www.enerjigazetesi.ist\/en\/wp-json\/wp\/v2\/posts\/67885\/revisions"}],"predecessor-version":[{"id":67887,"href":"https:\/\/www.enerjigazetesi.ist\/en\/wp-json\/wp\/v2\/posts\/67885\/revisions\/67887"}],"wp:featuredmedia":[{"embeddable":true,"href":"https:\/\/www.enerjigazetesi.ist\/en\/wp-json\/wp\/v2\/media\/67886"}],"wp:attachment":[{"href":"https:\/\/www.enerjigazetesi.ist\/en\/wp-json\/wp\/v2\/media?parent=67885"}],"wp:term":[{"taxonomy":"category","embeddable":true,"href":"https:\/\/www.enerjigazetesi.ist\/en\/wp-json\/wp\/v2\/categories?post=67885"},{"taxonomy":"post_tag","embeddable":true,"href":"https:\/\/www.enerjigazetesi.ist\/en\/wp-json\/wp\/v2\/tags?post=67885"}],"curies":[{"name":"wp","href":"https:\/\/api.w.org\/{rel}","templated":true}]}}