{"id":67876,"date":"2017-09-28T13:22:09","date_gmt":"2017-09-28T10:22:09","guid":{"rendered":"https:\/\/www.enerjigazetesi.ist\/?p=67876"},"modified":"2017-09-28T13:22:09","modified_gmt":"2017-09-28T10:22:09","slug":"turkiye-ile-bulgaristan-enerji-is-birliginde-hedef-buyutecek","status":"publish","type":"post","link":"https:\/\/www.enerjigazetesi.ist\/en\/turkiye-ile-bulgaristan-enerji-is-birliginde-hedef-buyutecek\/","title":{"rendered":"(Turkish) T\u00fcrkiye \u0130le Bulgaristan Enerji \u0130\u015f birli\u011finde Hedef B\u00fcy\u00fctecek"},"content":{"rendered":"<p class=\"qtranxs-available-languages-message qtranxs-available-languages-message-en\">Sorry, this entry is only available in <a href=\"https:\/\/www.enerjigazetesi.ist\/tr\/wp-json\/wp\/v2\/posts\/67876\" class=\"qtranxs-available-language-link qtranxs-available-language-link-tr\" title=\"Turkish\">Turkish<\/a>. For the sake of viewer convenience, the content is shown below in the alternative language. You may click the link to switch the active language.<\/p><p><strong>Bulgaristan\u2019\u0131n Ankara B\u00fcy\u00fckel\u00e7isi Neynsky taraf\u0131ndan \u201cG\u00fcney Gaz Koridoru\u2019nun bir par\u00e7as\u0131 olan ve Bulgartransgaz ile BOTA\u015e\u2019\u0131n iletim sistemlerini birbirine ba\u011flamay\u0131 hedefleyen do\u011falgaz a\u011f\u0131 projesi, Bulgaristan ve g\u00fcneydo\u011fu Avrupa \u00fclkeleri i\u00e7in enerji\u00a0<\/strong><\/p>\n<p><img loading=\"lazy\" class=\"alignleft size-medium wp-image-67877\" src=\"https:\/\/www.enerjigazetesi.ist\/wp-content\/uploads\/2017\/09\/turkiye-ile-bulgaristan-enerji-is-birliginde-hedef-buyutecek-300x225.jpg\" alt=\"\" width=\"300\" height=\"225\" srcset=\"https:\/\/www.enerjigazetesi.ist\/wp-content\/uploads\/2017\/09\/turkiye-ile-bulgaristan-enerji-is-birliginde-hedef-buyutecek-300x225.jpg 300w, https:\/\/www.enerjigazetesi.ist\/wp-content\/uploads\/2017\/09\/turkiye-ile-bulgaristan-enerji-is-birliginde-hedef-buyutecek-500x375.jpg 500w, https:\/\/www.enerjigazetesi.ist\/wp-content\/uploads\/2017\/09\/turkiye-ile-bulgaristan-enerji-is-birliginde-hedef-buyutecek-67x50.jpg 67w, https:\/\/www.enerjigazetesi.ist\/wp-content\/uploads\/2017\/09\/turkiye-ile-bulgaristan-enerji-is-birliginde-hedef-buyutecek.jpg 700w\" sizes=\"(max-width: 300px) 100vw, 300px\" \/><\/p>\n<p><strong>kaynak ve g\u00fczergahlar\u0131n\u0131n \u00e7e\u015fitlendirilmesi anlam\u0131nda \u00f6nem arz etmektedir.&#8221; denildi.<\/strong><\/p>\n<p>Neynsky yapt\u0131\u011f\u0131 a\u00e7\u0131klamada, Enerji ve Tabii Kaynaklar Bakan\u0131 Berat Albayrak ve beraberindeki heyetin, bu ay\u0131n ba\u015flar\u0131nda Sofya\u2019daki temaslar\u0131 \u00e7er\u00e7evesinde, iki \u00fclke aras\u0131nda ili\u015fkilerde \u00f6zellikle enerji gibi y\u00fcksek potansiyel ta\u015f\u0131yan sekt\u00f6rlerde daha da derinle\u015fmesinin g\u00fcndeme geldi\u011fini ifade etti.<\/p>\n<p>G\u00f6r\u00fc\u015fmelerde \u00f6zellikle do\u011falgaz ve elektrik sekt\u00f6rlerindeki mevcut i\u015f birli\u011finin yo\u011funla\u015ft\u0131r\u0131lmas\u0131na y\u00f6nelik anla\u015fma sa\u011fland\u0131\u011f\u0131 belirtildi.<\/p>","protected":false},"excerpt":{"rendered":"<p>Sorry, this entry is only available in Turkish. For the sake of viewer convenience, the content is shown below in the alternative language. You may click the link to switch the active language.Bulgaristan\u2019\u0131n Ankara B\u00fcy\u00fckel\u00e7isi Neynsky taraf\u0131ndan \u201cG\u00fcney Gaz Koridoru\u2019nun bir par\u00e7as\u0131 olan ve Bulgartransgaz ile BOTA\u015e\u2019\u0131n iletim sistemlerini birbirine ba\u011flamay\u0131 hedefleyen do\u011falgaz a\u011f\u0131 projesi, [&hellip;]<\/p>\n","protected":false},"author":1,"featured_media":67877,"comment_status":"open","ping_status":"open","sticky":false,"template":"","format":"standard","meta":[],"categories":[46,53],"tags":[531,3323,34651,92,1128,35515,34929,23219,67,1009,22113,34923,23311,35516,2297,20076],"views":799,"_links":{"self":[{"href":"https:\/\/www.enerjigazetesi.ist\/en\/wp-json\/wp\/v2\/posts\/67876"}],"collection":[{"href":"https:\/\/www.enerjigazetesi.ist\/en\/wp-json\/wp\/v2\/posts"}],"about":[{"href":"https:\/\/www.enerjigazetesi.ist\/en\/wp-json\/wp\/v2\/types\/post"}],"author":[{"embeddable":true,"href":"https:\/\/www.enerjigazetesi.ist\/en\/wp-json\/wp\/v2\/users\/1"}],"replies":[{"embeddable":true,"href":"https:\/\/www.enerjigazetesi.ist\/en\/wp-json\/wp\/v2\/comments?post=67876"}],"version-history":[{"count":1,"href":"https:\/\/www.enerjigazetesi.ist\/en\/wp-json\/wp\/v2\/posts\/67876\/revisions"}],"predecessor-version":[{"id":67878,"href":"https:\/\/www.enerjigazetesi.ist\/en\/wp-json\/wp\/v2\/posts\/67876\/revisions\/67878"}],"wp:featuredmedia":[{"embeddable":true,"href":"https:\/\/www.enerjigazetesi.ist\/en\/wp-json\/wp\/v2\/media\/67877"}],"wp:attachment":[{"href":"https:\/\/www.enerjigazetesi.ist\/en\/wp-json\/wp\/v2\/media?parent=67876"}],"wp:term":[{"taxonomy":"category","embeddable":true,"href":"https:\/\/www.enerjigazetesi.ist\/en\/wp-json\/wp\/v2\/categories?post=67876"},{"taxonomy":"post_tag","embeddable":true,"href":"https:\/\/www.enerjigazetesi.ist\/en\/wp-json\/wp\/v2\/tags?post=67876"}],"curies":[{"name":"wp","href":"https:\/\/api.w.org\/{rel}","templated":true}]}}