{"id":67851,"date":"2017-09-28T08:56:54","date_gmt":"2017-09-28T05:56:54","guid":{"rendered":"https:\/\/www.enerjigazetesi.ist\/?p=67851"},"modified":"2017-09-28T08:56:54","modified_gmt":"2017-09-28T05:56:54","slug":"bp-turkiye-iletisim-mudurlugu-gorevine-eda-gokay-atandi","status":"publish","type":"post","link":"https:\/\/www.enerjigazetesi.ist\/en\/bp-turkiye-iletisim-mudurlugu-gorevine-eda-gokay-atandi\/","title":{"rendered":"(Turkish) BP T\u00fcrkiye \u0130leti\u015fim M\u00fcd\u00fcrl\u00fc\u011f\u00fc G\u00f6revine Eda G\u00f6kay Atand\u0131"},"content":{"rendered":"<p class=\"qtranxs-available-languages-message qtranxs-available-languages-message-en\">Sorry, this entry is only available in <a href=\"https:\/\/www.enerjigazetesi.ist\/tr\/wp-json\/wp\/v2\/posts\/67851\" class=\"qtranxs-available-language-link qtranxs-available-language-link-tr\" title=\"Turkish\">Turkish<\/a>. For the sake of viewer convenience, the content is shown below in the alternative language. You may click the link to switch the active language.<\/p><p><strong>BP T\u00fcrkiye \u0130leti\u015fim M\u00fcd\u00fcrl\u00fc\u011f\u00fc g\u00f6revine, Eyl\u00fcl 2017 itibariyle Eda G\u00f6kay atand\u0131. G\u00f6kay, bu yeni g\u00f6reviyle BP&#8217;nin Arama ve \u00dcretim ile Pazarlama ve Da\u011f\u0131t\u0131m\u2019\u0131 kapsayan t\u00fcm i\u015f kollar\u0131n\u0131n ileti\u015fim stratejilerinin olu\u015fturulmas\u0131, medya ili\u015fkileri, dijital ileti\u015fim ve kurumsal ileti\u015fimden sorumlu olacak.<\/strong><\/p>\n<p>Profesyonel i\u015f hayat\u0131na Aygaz firmas\u0131nda Kurumsal \u0130leti\u015fim biriminde ba\u015flayan Eda G\u00f6kay 15 y\u0131ld\u0131r <img loading=\"lazy\" class=\"alignleft size-medium wp-image-67852\" src=\"https:\/\/www.enerjigazetesi.ist\/wp-content\/uploads\/2017\/09\/bt-turkiye-300x200.jpg\" alt=\"\" width=\"300\" height=\"200\" srcset=\"https:\/\/www.enerjigazetesi.ist\/wp-content\/uploads\/2017\/09\/bt-turkiye.jpg 300w, https:\/\/www.enerjigazetesi.ist\/wp-content\/uploads\/2017\/09\/bt-turkiye-75x50.jpg 75w\" sizes=\"(max-width: 300px) 100vw, 300px\" \/>reklam, enerji ve ila\u00e7 sekt\u00f6rlerinde kurumsal ileti\u015fim, pazarlama ileti\u015fimi, kurumsal sosyal sorumluluk ve kamu ili\u015fkileri gibi \u00e7e\u015fitli alanlarda y\u00f6neticilik g\u00f6revlerinde bulundu. <strong>G\u00f6kay<\/strong>, BP b\u00fcnyesine kat\u0131lmadan \u00f6nce Roche \u0130la\u00e7 firmas\u0131nda Kamu \u0130li\u015fkileri M\u00fcd\u00fcr\u00fc olarak g\u00f6rev yap\u0131yordu. 2001 y\u0131l\u0131nda Bo\u011fazi\u00e7i \u00dcniversitesi Siyaset Bilimi ve Uluslararas\u0131 \u0130li\u015fkiler b\u00f6l\u00fcm\u00fcn\u00fc tamamlayan Eda G\u00f6kay, 2004 y\u0131l\u0131nda Galatasaray \u00dcniversitesi Sosyal Bilimler b\u00f6l\u00fcm\u00fcnden Stratejik ve B\u00f6lgesel \u00c7al\u0131\u015fmalar y\u00fcksek lisans diplomas\u0131n\u0131 ald\u0131. 1979 do\u011fumlu G\u00f6kay, \u0130ngilizce ve Frans\u0131zca bilmektedir.<\/p>\n<p><strong>Detayl\u0131 bilgi i\u00e7in: <a href=\"http:\/\/www.bp.com.tr\">www.bp.com.tr<\/a><\/strong><\/p>","protected":false},"excerpt":{"rendered":"<p>Sorry, this entry is only available in Turkish. For the sake of viewer convenience, the content is shown below in the alternative language. You may click the link to switch the active language.BP T\u00fcrkiye \u0130leti\u015fim M\u00fcd\u00fcrl\u00fc\u011f\u00fc g\u00f6revine, Eyl\u00fcl 2017 itibariyle Eda G\u00f6kay atand\u0131. G\u00f6kay, bu yeni g\u00f6reviyle BP&#8217;nin Arama ve \u00dcretim ile Pazarlama ve Da\u011f\u0131t\u0131m\u2019\u0131 [&hellip;]<\/p>\n","protected":false},"author":1,"featured_media":67852,"comment_status":"open","ping_status":"open","sticky":false,"template":"","format":"standard","meta":[],"categories":[53,44],"tags":[4781,810,35508,67,1009,34923,23311,2834,34935,2388,34937,34936],"views":1225,"_links":{"self":[{"href":"https:\/\/www.enerjigazetesi.ist\/en\/wp-json\/wp\/v2\/posts\/67851"}],"collection":[{"href":"https:\/\/www.enerjigazetesi.ist\/en\/wp-json\/wp\/v2\/posts"}],"about":[{"href":"https:\/\/www.enerjigazetesi.ist\/en\/wp-json\/wp\/v2\/types\/post"}],"author":[{"embeddable":true,"href":"https:\/\/www.enerjigazetesi.ist\/en\/wp-json\/wp\/v2\/users\/1"}],"replies":[{"embeddable":true,"href":"https:\/\/www.enerjigazetesi.ist\/en\/wp-json\/wp\/v2\/comments?post=67851"}],"version-history":[{"count":1,"href":"https:\/\/www.enerjigazetesi.ist\/en\/wp-json\/wp\/v2\/posts\/67851\/revisions"}],"predecessor-version":[{"id":67853,"href":"https:\/\/www.enerjigazetesi.ist\/en\/wp-json\/wp\/v2\/posts\/67851\/revisions\/67853"}],"wp:featuredmedia":[{"embeddable":true,"href":"https:\/\/www.enerjigazetesi.ist\/en\/wp-json\/wp\/v2\/media\/67852"}],"wp:attachment":[{"href":"https:\/\/www.enerjigazetesi.ist\/en\/wp-json\/wp\/v2\/media?parent=67851"}],"wp:term":[{"taxonomy":"category","embeddable":true,"href":"https:\/\/www.enerjigazetesi.ist\/en\/wp-json\/wp\/v2\/categories?post=67851"},{"taxonomy":"post_tag","embeddable":true,"href":"https:\/\/www.enerjigazetesi.ist\/en\/wp-json\/wp\/v2\/tags?post=67851"}],"curies":[{"name":"wp","href":"https:\/\/api.w.org\/{rel}","templated":true}]}}