{"id":67810,"date":"2017-09-27T11:11:33","date_gmt":"2017-09-27T08:11:33","guid":{"rendered":"https:\/\/www.enerjigazetesi.ist\/?p=67810"},"modified":"2017-09-27T11:12:42","modified_gmt":"2017-09-27T08:12:42","slug":"bir-ay-sonra-petrol-ve-gaz-kaynaklari-suriyenin-kontrolune-gececek","status":"publish","type":"post","link":"https:\/\/www.enerjigazetesi.ist\/en\/bir-ay-sonra-petrol-ve-gaz-kaynaklari-suriyenin-kontrolune-gececek\/","title":{"rendered":"(Turkish) Bir Ay Sonra Petrol ve Gaz Kaynaklar\u0131 Suriye\u2019nin Kontrol\u00fcne Ge\u00e7ecek"},"content":{"rendered":"<p class=\"qtranxs-available-languages-message qtranxs-available-languages-message-en\">Sorry, this entry is only available in <a href=\"https:\/\/www.enerjigazetesi.ist\/tr\/wp-json\/wp\/v2\/posts\/67810\" class=\"qtranxs-available-language-link qtranxs-available-language-link-tr\" title=\"Turkish\">Turkish<\/a>. For the sake of viewer convenience, the content is shown below in the alternative language. You may click the link to switch the active language.<\/p><p><strong>Suriye\u2019nin \u00c7in B\u00fcy\u00fckel\u00e7isi \u0130mad Mustafa taraf\u0131ndan \u015eam y\u00f6netiminin ekim ay\u0131 sonuna kadar \u00fclkedeki t\u00fcm petrol ve do\u011falgaz yataklar\u0131ndaki kontrol\u00fc ele ge\u00e7irebilece\u011fi belirtildi.<\/strong><\/p>\n<p><img loading=\"lazy\" class=\"alignright wp-image-41813 size-medium\" src=\"https:\/\/www.enerjigazetesi.ist\/wp-content\/uploads\/2015\/07\/arar-petrol-sanliurfada-dogalgaz-kesfetti-300x150.jpg\" alt=\"bir-ay-sonra-petrol-ve-gaz-kaynaklari-suriyenin-kontrolune-gececek\" width=\"300\" height=\"150\" srcset=\"https:\/\/www.enerjigazetesi.ist\/wp-content\/uploads\/2015\/07\/arar-petrol-sanliurfada-dogalgaz-kesfetti-300x150.jpg 300w, https:\/\/www.enerjigazetesi.ist\/wp-content\/uploads\/2015\/07\/arar-petrol-sanliurfada-dogalgaz-kesfetti-500x249.jpg 500w, https:\/\/www.enerjigazetesi.ist\/wp-content\/uploads\/2015\/07\/arar-petrol-sanliurfada-dogalgaz-kesfetti-80x40.jpg 80w, https:\/\/www.enerjigazetesi.ist\/wp-content\/uploads\/2015\/07\/arar-petrol-sanliurfada-dogalgaz-kesfetti.jpg 620w\" sizes=\"(max-width: 300px) 100vw, 300px\" \/><\/p>\n<p><span id=\"more-94094\"><\/span>Global Times\u2019a a\u00e7\u0131klamalarda bulunan \u00c7in B\u00fcy\u00fckel\u00e7isi \u0130mad Mustafa, \u201cSuriye y\u00f6netimi, son iki ay i\u00e7inde b\u00fcy\u00fck petrol yataklar\u0131n\u0131n b\u00fcy\u00fck b\u00f6l\u00fcm\u00fcnde kontrol\u00fc sa\u011flad\u0131. Ekim sonuna kadar petrol ve do\u011falgaz kaynaklar\u0131n\u0131n tamam\u0131n\u0131n Suriye h\u00fck\u00fcmeti taraf\u0131na kontrol\u00fcn\u00fcn ge\u00e7ece\u011fine inanmaktay\u0131z\u201d dedi.<\/p>\n<p>Di\u011fer yandan \u0130mad Mustafa ise \u015eam y\u00f6netiminin sava\u015ftan sonras\u0131 Suriye\u2019nin yeniden kalk\u0131nd\u0131r\u0131lmas\u0131na y\u00f6nelik projeler \u00fczerinde \u00e7al\u0131\u015fmalar yapt\u0131\u011f\u0131n\u0131 belirterek \u00f6nceli\u011fin elektrik hatlar\u0131n\u0131n yenilenmesi, enerji sekt\u00f6r\u00fcne ve konut in\u015fas\u0131na verildi\u011fine de vurgu yapt\u0131.<\/p>","protected":false},"excerpt":{"rendered":"<p>Sorry, this entry is only available in Turkish. For the sake of viewer convenience, the content is shown below in the alternative language. You may click the link to switch the active language.Suriye\u2019nin \u00c7in B\u00fcy\u00fckel\u00e7isi \u0130mad Mustafa taraf\u0131ndan \u015eam y\u00f6netiminin ekim ay\u0131 sonuna kadar \u00fclkedeki t\u00fcm petrol ve do\u011falgaz yataklar\u0131ndaki kontrol\u00fc ele ge\u00e7irebilece\u011fi belirtildi. Global [&hellip;]<\/p>\n","protected":false},"author":1,"featured_media":41813,"comment_status":"open","ping_status":"open","sticky":false,"template":"","format":"standard","meta":[],"categories":[46,53,44],"tags":[1128,19761,34929,23219,67,1009,34935,2388,34937,34936],"views":727,"_links":{"self":[{"href":"https:\/\/www.enerjigazetesi.ist\/en\/wp-json\/wp\/v2\/posts\/67810"}],"collection":[{"href":"https:\/\/www.enerjigazetesi.ist\/en\/wp-json\/wp\/v2\/posts"}],"about":[{"href":"https:\/\/www.enerjigazetesi.ist\/en\/wp-json\/wp\/v2\/types\/post"}],"author":[{"embeddable":true,"href":"https:\/\/www.enerjigazetesi.ist\/en\/wp-json\/wp\/v2\/users\/1"}],"replies":[{"embeddable":true,"href":"https:\/\/www.enerjigazetesi.ist\/en\/wp-json\/wp\/v2\/comments?post=67810"}],"version-history":[{"count":2,"href":"https:\/\/www.enerjigazetesi.ist\/en\/wp-json\/wp\/v2\/posts\/67810\/revisions"}],"predecessor-version":[{"id":67812,"href":"https:\/\/www.enerjigazetesi.ist\/en\/wp-json\/wp\/v2\/posts\/67810\/revisions\/67812"}],"wp:featuredmedia":[{"embeddable":true,"href":"https:\/\/www.enerjigazetesi.ist\/en\/wp-json\/wp\/v2\/media\/41813"}],"wp:attachment":[{"href":"https:\/\/www.enerjigazetesi.ist\/en\/wp-json\/wp\/v2\/media?parent=67810"}],"wp:term":[{"taxonomy":"category","embeddable":true,"href":"https:\/\/www.enerjigazetesi.ist\/en\/wp-json\/wp\/v2\/categories?post=67810"},{"taxonomy":"post_tag","embeddable":true,"href":"https:\/\/www.enerjigazetesi.ist\/en\/wp-json\/wp\/v2\/tags?post=67810"}],"curies":[{"name":"wp","href":"https:\/\/api.w.org\/{rel}","templated":true}]}}