{"id":67803,"date":"2017-09-26T14:24:47","date_gmt":"2017-09-26T11:24:47","guid":{"rendered":"https:\/\/www.enerjigazetesi.ist\/?p=67803"},"modified":"2017-09-26T14:25:29","modified_gmt":"2017-09-26T11:25:29","slug":"ikby-sahasindan-ceyhan-terminaline-petrol-akisi-suruyor","status":"publish","type":"post","link":"https:\/\/www.enerjigazetesi.ist\/en\/ikby-sahasindan-ceyhan-terminaline-petrol-akisi-suruyor\/","title":{"rendered":"(Turkish) IKBY Sahas\u0131ndan Ceyhan Terminaline Petrol Ak\u0131\u015f\u0131 S\u00fcr\u00fcyor"},"content":{"rendered":"<p class=\"qtranxs-available-languages-message qtranxs-available-languages-message-en\">Sorry, this entry is only available in <a href=\"https:\/\/www.enerjigazetesi.ist\/tr\/wp-json\/wp\/v2\/posts\/67803\" class=\"qtranxs-available-language-link qtranxs-available-language-link-tr\" title=\"Turkish\">Turkish<\/a>. For the sake of viewer convenience, the content is shown below in the alternative language. You may click the link to switch the active language.<\/p><p><strong>Irak K\u00fcrt B\u00f6lgesel Y\u00f6netimi sahalar\u0131ndan Ceyhan terminaline petrol ak\u0131\u015f\u0131 normal seyrinde s\u00fcrmektedir.<\/strong><\/p>\n<p><img loading=\"lazy\" class=\"alignright size-medium wp-image-34378\" src=\"https:\/\/www.enerjigazetesi.ist\/wp-content\/uploads\/2014\/12\/turkiyede-2015-2019-arasinda-petrol-ve-gaz-aramalari-icin-1086-kuyu-acilacak-300x193.jpg\" alt=\"\" width=\"300\" height=\"193\" srcset=\"https:\/\/www.enerjigazetesi.ist\/wp-content\/uploads\/2014\/12\/turkiyede-2015-2019-arasinda-petrol-ve-gaz-aramalari-icin-1086-kuyu-acilacak-300x193.jpg 300w, https:\/\/www.enerjigazetesi.ist\/wp-content\/uploads\/2014\/12\/turkiyede-2015-2019-arasinda-petrol-ve-gaz-aramalari-icin-1086-kuyu-acilacak-500x322.jpg 500w, https:\/\/www.enerjigazetesi.ist\/wp-content\/uploads\/2014\/12\/turkiyede-2015-2019-arasinda-petrol-ve-gaz-aramalari-icin-1086-kuyu-acilacak-77x50.jpg 77w, https:\/\/www.enerjigazetesi.ist\/wp-content\/uploads\/2014\/12\/turkiyede-2015-2019-arasinda-petrol-ve-gaz-aramalari-icin-1086-kuyu-acilacak.jpg 870w\" sizes=\"(max-width: 300px) 100vw, 300px\" \/><\/p>\n<p><span id=\"more-94086\"><\/span>D\u00fcn ba\u011f\u0131ms\u0131zl\u0131k referandumu d\u00fczenleyen taraf\u0131n kontrol\u00fcnde olan petrol sahalar\u0131ndan Ceyhan terminaline petrol sevkiyat\u0131n\u0131n d\u00fcn sabah itibariyle normal seyrinde s\u00fcrd\u00fc\u011f\u00fc belirtildi. Irak\u2019\u0131n kuzeyindeki petrol sahalar\u0131ndan \u00e7\u0131kar\u0131lan petrol, Kerk\u00fck-Ceyhan boru hatt\u0131 \u00fczerinden Ceyhan terminaline aktar\u0131l\u0131p ihra\u00e7 i\u00e7in tankerlere y\u00fcklenmektedir.<\/p>\n<p>Cumhurba\u015fkan\u0131 Recep Tayyip Erdo\u011fan&#8217;\u0131n d\u00fcnk\u00fc konu\u015fmas\u0131nda, K\u00fcrt B\u00f6lgesel Y\u00f6netimi\u2019ni tek resmi petrol ihracat kanal\u0131 olan boru hatt\u0131 hakk\u0131nda, \u201cArt\u0131k Kuzey Irak y\u00f6netimi petrol\u00fcn\u00fc hangi kanalla nereye aktaracak, nereye satacak? vana bizde, vanay\u0131 kapatt\u0131\u011f\u0131m\u0131z anda o i\u015f de bitti\u201d ifadeleri kullan\u0131ld\u0131.<\/p>","protected":false},"excerpt":{"rendered":"<p>Sorry, this entry is only available in Turkish. For the sake of viewer convenience, the content is shown below in the alternative language. You may click the link to switch the active language.Irak K\u00fcrt B\u00f6lgesel Y\u00f6netimi sahalar\u0131ndan Ceyhan terminaline petrol ak\u0131\u015f\u0131 normal seyrinde s\u00fcrmektedir. D\u00fcn ba\u011f\u0131ms\u0131zl\u0131k referandumu d\u00fczenleyen taraf\u0131n kontrol\u00fcnde olan petrol sahalar\u0131ndan Ceyhan terminaline [&hellip;]<\/p>\n","protected":false},"author":1,"featured_media":34378,"comment_status":"open","ping_status":"open","sticky":false,"template":"","format":"standard","meta":[],"categories":[53,44],"tags":[3072,6386,59,34935,2388,628,34937,8122,34936],"views":690,"_links":{"self":[{"href":"https:\/\/www.enerjigazetesi.ist\/en\/wp-json\/wp\/v2\/posts\/67803"}],"collection":[{"href":"https:\/\/www.enerjigazetesi.ist\/en\/wp-json\/wp\/v2\/posts"}],"about":[{"href":"https:\/\/www.enerjigazetesi.ist\/en\/wp-json\/wp\/v2\/types\/post"}],"author":[{"embeddable":true,"href":"https:\/\/www.enerjigazetesi.ist\/en\/wp-json\/wp\/v2\/users\/1"}],"replies":[{"embeddable":true,"href":"https:\/\/www.enerjigazetesi.ist\/en\/wp-json\/wp\/v2\/comments?post=67803"}],"version-history":[{"count":2,"href":"https:\/\/www.enerjigazetesi.ist\/en\/wp-json\/wp\/v2\/posts\/67803\/revisions"}],"predecessor-version":[{"id":67805,"href":"https:\/\/www.enerjigazetesi.ist\/en\/wp-json\/wp\/v2\/posts\/67803\/revisions\/67805"}],"wp:featuredmedia":[{"embeddable":true,"href":"https:\/\/www.enerjigazetesi.ist\/en\/wp-json\/wp\/v2\/media\/34378"}],"wp:attachment":[{"href":"https:\/\/www.enerjigazetesi.ist\/en\/wp-json\/wp\/v2\/media?parent=67803"}],"wp:term":[{"taxonomy":"category","embeddable":true,"href":"https:\/\/www.enerjigazetesi.ist\/en\/wp-json\/wp\/v2\/categories?post=67803"},{"taxonomy":"post_tag","embeddable":true,"href":"https:\/\/www.enerjigazetesi.ist\/en\/wp-json\/wp\/v2\/tags?post=67803"}],"curies":[{"name":"wp","href":"https:\/\/api.w.org\/{rel}","templated":true}]}}