{"id":67781,"date":"2017-09-26T11:21:15","date_gmt":"2017-09-26T08:21:15","guid":{"rendered":"https:\/\/www.enerjigazetesi.ist\/?p=67781"},"modified":"2017-09-26T11:23:57","modified_gmt":"2017-09-26T08:23:57","slug":"gelecegin-muhendislerinin-tasarladigi-otomobiller-istanbulda-yaristi","status":"publish","type":"post","link":"https:\/\/www.enerjigazetesi.ist\/en\/gelecegin-muhendislerinin-tasarladigi-otomobiller-istanbulda-yaristi\/","title":{"rendered":"(Turkish) Gelece\u011fin M\u00fchendislerinin Tasarlad\u0131\u011f\u0131 Otomobiller \u0130stanbul\u2019da Yar\u0131\u015ft\u0131"},"content":{"rendered":"<p class=\"qtranxs-available-languages-message qtranxs-available-languages-message-en\">Sorry, this entry is only available in <a href=\"https:\/\/www.enerjigazetesi.ist\/tr\/wp-json\/wp\/v2\/posts\/67781\" class=\"qtranxs-available-language-link qtranxs-available-language-link-tr\" title=\"Turkish\">Turkish<\/a>. For the sake of viewer convenience, the content is shown below in the alternative language. You may click the link to switch the active language.<\/p><p><strong>Shell T\u00fcrkiye, T\u00fcrkiye \u0130hracat\u00e7\u0131lar Meclisi (T\u0130M) ve Uluda\u011f Otomotiv End\u00fcstrisi \u0130hracat\u00e7\u0131lar\u0131 Birli\u011fi (O\u0130B) i\u015f birli\u011fiyle, gen\u00e7leri enerji tasarruflu ara\u00e7lar tasarlay\u0131p \u00fcretmeye te\u015fvik etmek amac\u0131yla d\u00fczenlenen \u201cShell Eco-marathon T\u00fcrkiye\u201d 24 Eyl\u00fcl\u2019de d\u00fczenlenen \u00f6d\u00fcl t\u00f6reniyle tamamland\u0131. Gelece\u011fin m\u00fchendislerinin en az enerjiyle en uzun mesafeyi kat etmek i\u00e7in yar\u0131\u015ft\u0131\u011f\u0131 Shell Eco-marathon T\u00fcrkiye\u2019ye 4 \u00fclkeden 22 tak\u0131m ve yakla\u015f\u0131k 300 \u00f6\u011frenci kat\u0131ld\u0131.<\/strong><\/p>\n<p>T\u00fcrkiye\u2019nin enerji sekt\u00f6r\u00fcne, sanayisine, \u00fcretimine ve istihdam\u0131na 94 y\u0131ld\u0131r katk\u0131da bulunan Shell\u2019in, 32 y\u0131ld\u0131r t\u00fcm d\u00fcnyadan gen\u00e7leri enerji tasarruflu yenilik\u00e7i ara\u00e7lar tasarlay\u0131p \u00fcretmek i\u00e7in te\u015fvik etmek <img loading=\"lazy\" class=\"alignleft size-medium wp-image-67782\" src=\"https:\/\/www.enerjigazetesi.ist\/wp-content\/uploads\/2017\/09\/gelecegin-muhendislerinin-tasarladigi-otomobiller-istanbulda-yaristi-300x200.jpg\" alt=\"\" width=\"300\" height=\"200\" srcset=\"https:\/\/www.enerjigazetesi.ist\/wp-content\/uploads\/2017\/09\/gelecegin-muhendislerinin-tasarladigi-otomobiller-istanbulda-yaristi-300x200.jpg 300w, https:\/\/www.enerjigazetesi.ist\/wp-content\/uploads\/2017\/09\/gelecegin-muhendislerinin-tasarladigi-otomobiller-istanbulda-yaristi-768x512.jpg 768w, https:\/\/www.enerjigazetesi.ist\/wp-content\/uploads\/2017\/09\/gelecegin-muhendislerinin-tasarladigi-otomobiller-istanbulda-yaristi-500x334.jpg 500w, https:\/\/www.enerjigazetesi.ist\/wp-content\/uploads\/2017\/09\/gelecegin-muhendislerinin-tasarladigi-otomobiller-istanbulda-yaristi-75x50.jpg 75w, https:\/\/www.enerjigazetesi.ist\/wp-content\/uploads\/2017\/09\/gelecegin-muhendislerinin-tasarladigi-otomobiller-istanbulda-yaristi.jpg 850w\" sizes=\"(max-width: 300px) 100vw, 300px\" \/>amac\u0131yla k\u00fcresel \u00f6l\u00e7ekte d\u00fczenledi\u011fi \u201cShell Eco-marathon\u201d, bu y\u0131l \u00fc\u00e7\u00fcnc\u00fc kez T\u00fcrkiye \u0130hracat\u00e7\u0131lar Meclisi (T\u0130M) ve Uluda\u011f Otomotiv End\u00fcstrisi \u0130hracat\u00e7\u0131lar\u0131 Birli\u011fi (O\u0130B) ortakl\u0131\u011f\u0131yla, 22-24 Eyl\u00fcl tarihleri aras\u0131nda \u0130stanbul\u2019da d\u00fczenlendi. T\u00fcrkiye\u2019nin 8 farkl\u0131 \u015fehrindeki lise ve \u00fcniversitelerden kat\u0131lan \u00f6\u011frencilerin yan\u0131 s\u0131ra T\u00fcrkiye d\u0131\u015f\u0131ndan okullar\u0131n da kat\u0131ld\u0131\u011f\u0131 yar\u0131\u015fmada, toplam 22 tak\u0131m ve yakla\u015f\u0131k 300 \u00f6\u011frenci yar\u0131\u015ft\u0131. \u201cShell Eco-marathon T\u00fcrkiye\u201d Yunanistan, Bulgaristan ve Slovakya\u2019dan gelen toplam 5 tak\u0131ma ev sahipli\u011fi yapt\u0131.<\/p>\n<p><strong>1 kWh\u2019lik elektrikle \u0130stanbul\u2019dan Ankara\u2019ya<\/strong><\/p>\n<p>Shell Eco-marathon T\u00fcrkiye\u2019de, 5\u2019i pist i\u00e7i ve 3\u2019\u00fc pist d\u0131\u015f\u0131 olmak \u00fczere 8 farkl\u0131 kategoride \u00f6d\u00fcller verildi. Prototip ara\u00e7lar kategorisinde hidrojenle \u00e7al\u0131\u015fan ara\u00e7lar i\u00e7erisinde en az enerjiyi harcayarak biti\u015f \u00e7izgisini g\u00f6rmeyi ba\u015faran tak\u0131m, Anadolu \u00dcniversitesi\u2019nden \u201cHidroana\u201d oldu, Hidroana 356.42 km\/m3 sonucuyla birincili\u011fi g\u00f6\u011f\u00fcsledi. Prototip ara\u00e7lar kategorisinde, elektrikli batarya ile \u00e7al\u0131\u015fan ara\u00e7lar\u0131yla Yunanistan Piraeus \u00dcniversitesi\u2019nden \u201cPoseidon\u201d tak\u0131m\u0131, 504.11 km\/kWh\u2019lik sonu\u00e7la bu kategorinin birincisi oldu. Prototip ara\u00e7lar kategorisinin \u201cBenzin\u201d enerji tipinde ise, Bratislava Teknoloji \u00dcniversitesi\u2019nin \u201cFME Racing Team\u201din arac\u0131, 377.59 km\/lt sonucuyla kategorinin kazanan\u0131 oldu.<\/p>\n<p>\u015eehir konsepti kategorisinde, elektrikle \u00e7al\u0131\u015fan ara\u00e7lar aras\u0131nda \u00c7ukurova \u00dcniversitesi \u201c\u00c7ukurova Elektromobil\u201d tak\u0131m\u0131 107,66 km\/kWh\u2019lik sonu\u00e7la \u015fampiyonlu\u011fu g\u00f6\u011f\u00fcsledi. \u0130stanbul \u00dcniversitesi\u2019nin \u201cHidroist\u201d tak\u0131m\u0131, \u015fehir konseptli hidrojenle \u00e7al\u0131\u015fan ara\u00e7lar\u0131n\u0131n elde etti\u011fi 196,66 km\/m3\u2019l\u00fck sonu\u00e7la bu kategorinin birincisi oldu.<\/p>\n<p>Yar\u0131\u015fmada pist d\u0131\u015f\u0131 \u00f6d\u00fcllerde; \u201cEn \u0130yi Tasar\u0131m\u201d \u00f6d\u00fcl\u00fc Bulgaristan\u2019dan Ruse \u00dcniversitesi \u201cHydRU Racing Team\u201d, \u201c\u0130novasyon \u00d6d\u00fcl\u00fc\u201d \u0130stanbul Teknik \u00dcniversitesi \u201cFacilis\u201d, \u201cEkip Ruhu \u00d6d\u00fcl\u00fc\u201d ise Uluda\u011f \u00dcniversitesi \u201cUMAK\u0130T\u201d tak\u0131mlar\u0131n\u0131n oldu.<\/p>\n<p>Shell Eco-marathon T\u00fcrkiye yar\u0131\u015fmas\u0131nda ba\u015far\u0131 elde eden tak\u0131mlar, 2018\u2019de Londra\u2019da d\u00fczenlenecek Shell Eco-marathon Avrupa\u2019ya kat\u0131l\u0131m hakk\u0131 elde ederek Avrupa\u2019n\u0131n yakla\u015f\u0131k 30 \u00fclkesinden gelen akranlar\u0131yla yar\u0131\u015facaklar.<\/p>\n<p><strong>\u00c7ocuklar i\u00e7in d\u00fczenlenen inovasyon at\u00f6lyeleri yar\u0131\u015fmaya renk katt\u0131<\/strong><\/p>\n<p>Shell Eco-marathon T\u00fcrkiye etkinli\u011fi i\u00e7in kurulan yar\u0131\u015f pistinde gen\u00e7lerin \u00fcretti\u011fi enerji tasarruflu ara\u00e7lar en az enerjiyi harcayarak biti\u015f \u00e7izgisini g\u00f6rmek \u00fczere yar\u0131\u015f\u0131rken, \u0130novasyon Festivali alan\u0131nda \u00e7ocuklar i\u00e7in inovasyon at\u00f6lyeleri d\u00fczenlendi. Maker \u00c7ocuk taraf\u0131ndan d\u00fczenlenen kodlama, 3 boyutlu yaz\u0131c\u0131 ve robot at\u00f6lyelerine, UserSpots taraf\u0131ndan d\u00fczenlenen nesnelerin interneti at\u00f6lyesine ve INOVATIM taraf\u0131ndan d\u00fczenlenen drone at\u00f6lyelerine ilgi b\u00fcy\u00fck oldu.<\/p>\n<p>Shell Eco-marathon T\u00fcrkiye\u2019ye destek veren \u015firketlere de \u00f6d\u00fcl t\u00f6reni s\u0131ras\u0131nda plaketleri verildi. Shell Eco-marathon T\u00fcrkiye 2017 Hidrojen Sponsoru Linde Gaz A.\u015e. ve \u00fc\u00e7 g\u00fcn s\u00fcren yar\u0131\u015fma boyunca \u00f6\u011frencilere enerji i\u00e7ece\u011fiyle destek veren Redbull\u2019a te\u015fekk\u00fcr plaketleri takdim edildi.<\/p>\n<p>Kapan\u0131\u015f t\u00f6reninde konu\u015fan Shell T\u00fcrkiye \u00dclke Ba\u015fkan\u0131 Ahmet Erdem; \u201cShell Eco-marathon T\u00fcrkiye\u2019yi T\u0130M ve O\u0130B i\u015f birli\u011fi ve di\u011fer kurulu\u015flar\u0131m\u0131z\u0131n deste\u011fi ile her y\u0131l daha da ileriye ta\u015f\u0131yoruz. Bug\u00fcn T\u00fcrkiye\u2019nin 8 farkl\u0131 \u015fehrinden gelen \u00f6\u011frencilerimizin yan\u0131 s\u0131ra Yunanistan, Bulgaristan ve Slovakya\u2019dan kat\u0131lan tak\u0131mlar da dahil olmak \u00fczere toplam 22 \u00f6\u011frenci tak\u0131m\u0131n\u0131, 300 \u00f6\u011frenciyi \u201cShell Eco-marathon T\u00fcrkiye\u201dde a\u011f\u0131rlad\u0131k. Yurtd\u0131\u015f\u0131ndan gelen t\u00fcm tak\u0131mlar\u0131m\u0131za da kat\u0131l\u0131mlar\u0131 i\u00e7in te\u015fekk\u00fcr ediyorum. \u00dc\u00e7 g\u00fcn s\u00fcren etkinlikte gen\u00e7lerimiz \u00e7ok \u00e7al\u0131\u015ft\u0131lar, \u00e7ok \u00f6nemli bir tecr\u00fcbe edindiler ve birbirleriyle \u00e7ok de\u011ferli payla\u015f\u0131mlarda bulundular. Shell Eco-marathon T\u00fcrkiye\u2019de yer alan gen\u00e7lerimiz, daha \u015fimdiden, gelece\u011fin enerji kaynaklar\u0131yla \u00e7al\u0131\u015fan ara\u00e7lar tasarlay\u0131p \u00fcreterek, yenilik\u00e7i bir vizyon sahibi olmak ad\u0131na \u00f6nemli bir geli\u015fim g\u00f6sterdiler. Gen\u00e7lerimizin ilerleyen y\u0131llarda Shell Eco-marathon\u2019da daha da b\u00fcy\u00fck ba\u015far\u0131lara imza atarak T\u00fcrkiye\u2019den ne kadar \u00fcretken, yenilik\u00e7i m\u00fchendislerin ve bilim insanlar\u0131n\u0131n \u00e7\u0131kt\u0131\u011f\u0131n\u0131 t\u00fcm d\u00fcnyaya g\u00f6stereceklerinden hi\u00e7 ku\u015fkumuz yok. T\u00fcm tak\u0131mlar\u0131m\u0131z\u0131 ba\u015far\u0131lar\u0131ndan dolay\u0131 tebrik ediyorum. Bu g\u00fczel etkinli\u011fin ger\u00e7ekle\u015fmesindeki \u00e7ok de\u011ferli destekleri i\u00e7in T\u0130M ve O\u0130B\u2019e, Shell\u2019in global organizasyonunda g\u00f6rev yapan ve bu de\u011ferli proje i\u00e7in aram\u0131zda bulunan global Shell Eco-marathon ekibimize, 3 g\u00fcn boyunca bu etkinlikte g\u00f6n\u00fcll\u00fc olarak g\u00f6rev alan Shell T\u00fcrkiye \u00e7al\u0131\u015fanlar\u0131na, INOVATIM\u2019e ve eme\u011fi ge\u00e7en herkese te\u015fekk\u00fcr ediyorum\u201d dedi.<\/p>\n<p>T\u0130M Ba\u015fkan\u0131 Mehmet B\u00fcy\u00fckek\u015fi ise Shell Eco-marathon\u2019un \u00f6nemini vurgulayarak \u201cT\u00fcrkiye \u0130hracat\u00e7\u0131lar Meclisi olarak ihracat\u0131m\u0131z\u0131n katma de\u011ferini artt\u0131rmak i\u00e7in \u00e7ok \u00f6nemli \u00e7al\u0131\u015fmalar yap\u0131yoruz. Katma de\u011feri artt\u0131rman\u0131n d\u00f6rt ana unsuru var. Bunlardan bir tanesi inovasyon, birisi tasar\u0131m, birisi Ar-Ge, bir di\u011feri de marka. Bu d\u00f6rt unsuru yan yana getirdi\u011fimizde, ihra\u00e7 \u00fcr\u00fcnlerimizi y\u00fckte hafif pahada a\u011f\u0131r hale getirdi\u011fimizde ihracata \u00e7ok b\u00fcy\u00fck katk\u0131da bulunmu\u015f olaca\u011f\u0131z. Son 10 y\u0131ld\u0131r otomotiv end\u00fcstrimiz ihracatta lider oluyor. 2017 gurur duyulacak bir y\u0131l. Otomotiv end\u00fcstrisi ihracat\u0131n\u0131 %35 art\u0131rd\u0131 ve hedefleri 30 milyar dolara \u00e7\u0131kabilmek. Shell Eco-marathon\u2019u bu nedenle \u00e7ok \u00f6nemsiyorum. Kat\u0131lan b\u00fct\u00fcn tak\u0131mlar\u0131 tebrik ediyor, ilerleyen y\u0131llarda bu g\u00fczel etkinli\u011fi devam ettirmeyi diliyorum\u201d diye konu\u015ftu.<\/p>\n<p>Uluda\u011f Otomotiv End\u00fcstrisi \u0130hracat\u00e7\u0131lar\u0131 Birli\u011fi Ba\u015fkan Yard\u0131mc\u0131s\u0131 \u00d6mer Burhano\u011flu da otomotiv end\u00fcstrisinin geli\u015fimi ve yar\u0131\u015fmaya dair \u201cSon 200 y\u0131lda d\u00fcnya n\u00fcfusu 10 kat, ekonomi 100 kat, kat edilen yol 1000 kat b\u00fcy\u00fcm\u00fc\u015f. Otomotiv sekt\u00f6r\u00fc, en h\u0131zl\u0131 b\u00fcy\u00fcyen ve lokomotif olan sekt\u00f6rlerden biri. Dolay\u0131s\u0131 ile otomotiv alan\u0131nda \u00e7al\u0131\u015fma yapan t\u00fcm gen\u00e7lerimize do\u011fru sekt\u00f6rde olduklar\u0131n\u0131 s\u00f6yleyebilirim. Shell Eco-marathon\u2019da kazanmaktan ziyade yar\u0131\u015fmak, bu tecr\u00fcbeye sahip olmak \u00e7ok \u00f6nemli. Bu nedenle kazanan, kazanmayan t\u00fcm ekipleri g\u00f6n\u00fclden kutluyorum\u201d dedi.<\/p>\n<p>&nbsp;<\/p>","protected":false},"excerpt":{"rendered":"<p>Sorry, this entry is only available in Turkish. For the sake of viewer convenience, the content is shown below in the alternative language. You may click the link to switch the active language.Shell T\u00fcrkiye, T\u00fcrkiye \u0130hracat\u00e7\u0131lar Meclisi (T\u0130M) ve Uluda\u011f Otomotiv End\u00fcstrisi \u0130hracat\u00e7\u0131lar\u0131 Birli\u011fi (O\u0130B) i\u015f birli\u011fiyle, gen\u00e7leri enerji tasarruflu ara\u00e7lar tasarlay\u0131p \u00fcretmeye te\u015fvik etmek [&hellip;]<\/p>\n","protected":false},"author":1,"featured_media":67782,"comment_status":"open","ping_status":"open","sticky":false,"template":"","format":"standard","meta":[],"categories":[53,52],"tags":[8498,1270,35491,26107,35492,27259,4018],"views":642,"_links":{"self":[{"href":"https:\/\/www.enerjigazetesi.ist\/en\/wp-json\/wp\/v2\/posts\/67781"}],"collection":[{"href":"https:\/\/www.enerjigazetesi.ist\/en\/wp-json\/wp\/v2\/posts"}],"about":[{"href":"https:\/\/www.enerjigazetesi.ist\/en\/wp-json\/wp\/v2\/types\/post"}],"author":[{"embeddable":true,"href":"https:\/\/www.enerjigazetesi.ist\/en\/wp-json\/wp\/v2\/users\/1"}],"replies":[{"embeddable":true,"href":"https:\/\/www.enerjigazetesi.ist\/en\/wp-json\/wp\/v2\/comments?post=67781"}],"version-history":[{"count":3,"href":"https:\/\/www.enerjigazetesi.ist\/en\/wp-json\/wp\/v2\/posts\/67781\/revisions"}],"predecessor-version":[{"id":67785,"href":"https:\/\/www.enerjigazetesi.ist\/en\/wp-json\/wp\/v2\/posts\/67781\/revisions\/67785"}],"wp:featuredmedia":[{"embeddable":true,"href":"https:\/\/www.enerjigazetesi.ist\/en\/wp-json\/wp\/v2\/media\/67782"}],"wp:attachment":[{"href":"https:\/\/www.enerjigazetesi.ist\/en\/wp-json\/wp\/v2\/media?parent=67781"}],"wp:term":[{"taxonomy":"category","embeddable":true,"href":"https:\/\/www.enerjigazetesi.ist\/en\/wp-json\/wp\/v2\/categories?post=67781"},{"taxonomy":"post_tag","embeddable":true,"href":"https:\/\/www.enerjigazetesi.ist\/en\/wp-json\/wp\/v2\/tags?post=67781"}],"curies":[{"name":"wp","href":"https:\/\/api.w.org\/{rel}","templated":true}]}}