{"id":67723,"date":"2017-09-23T13:04:49","date_gmt":"2017-09-23T10:04:49","guid":{"rendered":"https:\/\/www.enerjigazetesi.ist\/?p=67723"},"modified":"2017-09-23T13:04:49","modified_gmt":"2017-09-23T10:04:49","slug":"kibris-israil-ve-yunanistan-elektrik-kablolariyla-avrupaya-baglanacak","status":"publish","type":"post","link":"https:\/\/www.enerjigazetesi.ist\/en\/kibris-israil-ve-yunanistan-elektrik-kablolariyla-avrupaya-baglanacak\/","title":{"rendered":"(Turkish) K\u0131br\u0131s, \u0130srail ve Yunanistan Elektrik Kablolar\u0131yla Avrupa\u2019ya Ba\u011flanacak"},"content":{"rendered":"<p class=\"qtranxs-available-languages-message qtranxs-available-languages-message-en\">Sorry, this entry is only available in <a href=\"https:\/\/www.enerjigazetesi.ist\/tr\/wp-json\/wp\/v2\/posts\/67723\" class=\"qtranxs-available-language-link qtranxs-available-language-link-tr\" title=\"Turkish\">Turkish<\/a>. For the sake of viewer convenience, the content is shown below in the alternative language. You may click the link to switch the active language.<\/p><p><strong>\u201cEuroasian Interconnector\u201d olarak isimlendirilen ve G\u00fcney K\u0131br\u0131s ile \u0130srail\u2019i, di\u011fer yandan ise Yunanistan\u2019\u0131 Avrupa\u2019ya elektrik kablolar\u0131 arac\u0131l\u0131\u011f\u0131 ile ba\u011flayacak projenin b\u00fct\u00e7esinin, 3,5 milyar Euro\u2019ya ula\u015faca\u011f\u0131 belirtildi.<\/strong><\/p>\n<p><img loading=\"lazy\" class=\"alignright wp-image-10693 size-medium\" src=\"https:\/\/www.enerjigazetesi.ist\/wp-content\/uploads\/2013\/05\/elektrik-iletim-sebekesi-gediz-edas-ozellestirmesi-300x200.jpg\" alt=\"kibris-israil-ve-yunanistan-elektrik-kablolariyla-avrupaya-baglanacak\" width=\"300\" height=\"200\" srcset=\"https:\/\/www.enerjigazetesi.ist\/wp-content\/uploads\/2013\/05\/elektrik-iletim-sebekesi-gediz-edas-ozellestirmesi-300x200.jpg 300w, https:\/\/www.enerjigazetesi.ist\/wp-content\/uploads\/2013\/05\/elektrik-iletim-sebekesi-gediz-edas-ozellestirmesi-74x50.jpg 74w, https:\/\/www.enerjigazetesi.ist\/wp-content\/uploads\/2013\/05\/elektrik-iletim-sebekesi-gediz-edas-ozellestirmesi.jpg 448w\" sizes=\"(max-width: 300px) 100vw, 300px\" \/><\/p>\n<p>Projenin ilk a\u015famas\u0131na ili\u015fkin \u201c\u00c7evresel Etki De\u011ferlendirme \u00c7al\u0131\u015fmas\u0131\u201dn\u0131nda a\u00e7\u0131\u011fa \u00e7\u0131kt\u0131\u011f\u0131n\u0131 ve bunlar\u0131n yetkili Rum devlet birimlerine sunuldu\u011funu belirten Fileleftheros gazetesi, iki a\u015famada ger\u00e7ekle\u015ftirilecek projede, \u0130srail-G\u00fcney K\u0131br\u0131s, G\u00fcney K\u0131br\u0131s-Girit ve Girit-Attiki (Yunanistan) olmak \u00fczere, \u00fc\u00e7 g\u00fczerg\u00e2h\u0131n olaca\u011f\u0131 a\u00e7\u0131kland\u0131.<\/p>\n<p>Gazete ayr\u0131ca, Kablolar\u0131n d\u00f6\u015fenece\u011fi noktan\u0131n, Larnaka il\u00e7esine ba\u011fl\u0131 Alaminyo k\u00f6y\u00fc k\u0131y\u0131s\u0131nda olaca\u011f\u0131n\u0131 ve kablolar\u0131n d\u00f6\u015fenece\u011fi yerlerin ve g\u00fczerg\u00e2hlara y\u00f6nelik gerekli incelemelerin temelde yap\u0131ld\u0131\u011f\u0131n\u0131 da ifade etti.<\/p>","protected":false},"excerpt":{"rendered":"<p>Sorry, this entry is only available in Turkish. For the sake of viewer convenience, the content is shown below in the alternative language. You may click the link to switch the active language.\u201cEuroasian Interconnector\u201d olarak isimlendirilen ve G\u00fcney K\u0131br\u0131s ile \u0130srail\u2019i, di\u011fer yandan ise Yunanistan\u2019\u0131 Avrupa\u2019ya elektrik kablolar\u0131 arac\u0131l\u0131\u011f\u0131 ile ba\u011flayacak projenin b\u00fct\u00e7esinin, 3,5 milyar [&hellip;]<\/p>\n","protected":false},"author":1,"featured_media":10693,"comment_status":"open","ping_status":"open","sticky":false,"template":"","format":"standard","meta":[],"categories":[51,53],"tags":[35462,68,34979,19638,35463,34980,26353,35464,35465],"views":1113,"_links":{"self":[{"href":"https:\/\/www.enerjigazetesi.ist\/en\/wp-json\/wp\/v2\/posts\/67723"}],"collection":[{"href":"https:\/\/www.enerjigazetesi.ist\/en\/wp-json\/wp\/v2\/posts"}],"about":[{"href":"https:\/\/www.enerjigazetesi.ist\/en\/wp-json\/wp\/v2\/types\/post"}],"author":[{"embeddable":true,"href":"https:\/\/www.enerjigazetesi.ist\/en\/wp-json\/wp\/v2\/users\/1"}],"replies":[{"embeddable":true,"href":"https:\/\/www.enerjigazetesi.ist\/en\/wp-json\/wp\/v2\/comments?post=67723"}],"version-history":[{"count":1,"href":"https:\/\/www.enerjigazetesi.ist\/en\/wp-json\/wp\/v2\/posts\/67723\/revisions"}],"predecessor-version":[{"id":67724,"href":"https:\/\/www.enerjigazetesi.ist\/en\/wp-json\/wp\/v2\/posts\/67723\/revisions\/67724"}],"wp:featuredmedia":[{"embeddable":true,"href":"https:\/\/www.enerjigazetesi.ist\/en\/wp-json\/wp\/v2\/media\/10693"}],"wp:attachment":[{"href":"https:\/\/www.enerjigazetesi.ist\/en\/wp-json\/wp\/v2\/media?parent=67723"}],"wp:term":[{"taxonomy":"category","embeddable":true,"href":"https:\/\/www.enerjigazetesi.ist\/en\/wp-json\/wp\/v2\/categories?post=67723"},{"taxonomy":"post_tag","embeddable":true,"href":"https:\/\/www.enerjigazetesi.ist\/en\/wp-json\/wp\/v2\/tags?post=67723"}],"curies":[{"name":"wp","href":"https:\/\/api.w.org\/{rel}","templated":true}]}}