{"id":67699,"date":"2017-09-22T16:34:44","date_gmt":"2017-09-22T13:34:44","guid":{"rendered":"https:\/\/www.enerjigazetesi.ist\/?p=67699"},"modified":"2017-09-22T16:38:30","modified_gmt":"2017-09-22T13:38:30","slug":"cw-enerjiden-catilar-icin-inovatif-urun","status":"publish","type":"post","link":"https:\/\/www.enerjigazetesi.ist\/en\/cw-enerjiden-catilar-icin-inovatif-urun\/","title":{"rendered":"(Turkish) CW Enerji\u2019den \u00c7at\u0131lar \u0130\u00e7in \u0130novatif \u00dcr\u00fcn!"},"content":{"rendered":"<p class=\"qtranxs-available-languages-message qtranxs-available-languages-message-en\">Sorry, this entry is only available in <a href=\"https:\/\/www.enerjigazetesi.ist\/tr\/wp-json\/wp\/v2\/posts\/67699\" class=\"qtranxs-available-language-link qtranxs-available-language-link-tr\" title=\"Turkish\">Turkish<\/a>. For the sake of viewer convenience, the content is shown below in the alternative language. You may click the link to switch the active language.<\/p><p><strong>T\u00fcrkiye\u2019nin en b\u00fcy\u00fck g\u00fcne\u015f paneli \u00fcreticilerinden CW Enerji, h\u0131zla geli\u015fen \u00e7at\u0131 \u00fcst\u00fc g\u00fcne\u015f enerjisi pazar\u0131na y\u00f6nelik geli\u015ftirdi\u011fi inovatif \u00fcr\u00fcn\u00fcn\u00fc tan\u0131tt\u0131.<\/strong><\/p>\n<p>CW Enerji\u2019den konu ile ilgili yap\u0131lan a\u00e7\u0131klamada \u2018\u2019\u00c7at\u0131ya uygun s\u0131zd\u0131rmaz g\u00fcne\u015f paneli \u00e7er\u00e7eve sistemi\u2019\u2019 \u00fcr\u00fcn\u00fc ile gelecek y\u00fczy\u0131l\u0131n evlerini tasarlanabilece\u011fine ve yeni \u00fcr\u00fcn\u00fcn hem in\u015faat firmalar\u0131na hem de <img loading=\"lazy\" class=\"alignleft size-medium wp-image-67703\" src=\"https:\/\/www.enerjigazetesi.ist\/wp-content\/uploads\/2017\/09\/cw-enerjiden-catilar-icin-inovatif-urun-1-287x300.jpg\" alt=\"\" width=\"287\" height=\"300\" srcset=\"https:\/\/www.enerjigazetesi.ist\/wp-content\/uploads\/2017\/09\/cw-enerjiden-catilar-icin-inovatif-urun-1-287x300.jpg 287w, https:\/\/www.enerjigazetesi.ist\/wp-content\/uploads\/2017\/09\/cw-enerjiden-catilar-icin-inovatif-urun-1-383x400.jpg 383w, https:\/\/www.enerjigazetesi.ist\/wp-content\/uploads\/2017\/09\/cw-enerjiden-catilar-icin-inovatif-urun-1-48x50.jpg 48w, https:\/\/www.enerjigazetesi.ist\/wp-content\/uploads\/2017\/09\/cw-enerjiden-catilar-icin-inovatif-urun-1.jpg 530w\" sizes=\"(max-width: 287px) 100vw, 287px\" \/>kullan\u0131c\u0131lar\u0131na \u00e7ok \u00f6nemli yan faydalar sa\u011flad\u0131\u011f\u0131na da dikkat \u00e7ekildi.<\/p>\n<p>\u015eirketin CEO\u2019su Tar\u0131k Sarvan CW Enerji\u2019nin yeni \u00fcr\u00fcn\u00fc hakk\u0131nda \u015funlar\u0131 s\u00f6yledi;<\/p>\n<p>\u201cT\u00fcrkiye\u2019de bir ilki ger\u00e7ekle\u015ftirerek \u00f6zel kau\u00e7uklu, \u00e7at\u0131ya uygun, su-hava-nem-s\u0131cakl\u0131k ge\u00e7irmeyen, t\u00fcm hava ko\u015fullar\u0131na dayan\u0131kl\u0131 bir sistem \u00fcrettik. \u00c7at\u0131ya uygun s\u0131zd\u0131rmaz g\u00fcne\u015f paneli \u00e7er\u00e7eve sistemini ister \u00e7at\u0131 kiremiti olarak isterseniz sandvi\u00e7 panel \u015feklinde de kullanabilirsiniz. Her boy ve ebatta \u00fcretti\u011fimiz bu \u00fcr\u00fcn\u00fc \u00f6ncelikle Avrupa ve Arap Yar\u0131madas\u0131\u2019na ihra\u00e7 etmeyi planl\u0131yoruz. 20 watt ile 330 watt aral\u0131\u011f\u0131nda seri \u00fcretimine ba\u015flad\u0131\u011f\u0131m\u0131z \u00fcr\u00fcn\u00fcm\u00fcz\u00fc bu y\u0131l sadece yurt d\u0131\u015f\u0131 pazar\u0131na yeti\u015ftirebiliyoruz. \u00d6n\u00fcm\u00fczdeki sene \u015fubat ay\u0131nda \u00fclkemizde de bayilerimiz \u00fczerinden \u00fcr\u00fcne ula\u015fabileceksiniz. Gururluyuz. Yeni milli panelimiz, tasarruflu \u00e7at\u0131ya uygun s\u0131zd\u0131rmaz g\u00fcne\u015f paneli \u00e7er\u00e7eve sistemimiz \u00fclkemize hay\u0131rl\u0131 olsun.\u201d<\/p>\n<p>Tar\u0131k Sarvan s\u00f6zlerinin devam\u0131nda geli\u015ftirdikleri \u00fcr\u00fcn\u00fcn g\u00fcne\u015f enerjisinden elektrik \u00fcretmenin yan\u0131nda ayn\u0131 anda \u00e7at\u0131lar i\u00e7in su yal\u0131t\u0131m\u0131 i\u015flevi de sa\u011flad\u0131\u011f\u0131na vurgu yaparken, \u00fcr\u00fcn\u00fcn bu faydalar\u0131n\u0131n in\u015faat projeleri i\u00e7in alt yap\u0131 malzemesi, i\u015f\u00e7ilik ve nakliye kalemlerinden de tasarruf sa\u011flad\u0131\u011f\u0131na dikkat \u00e7ekti.<\/p>\n<p>CW Enerji CEO\u2019su Sarvan \u00fcr\u00fcn\u00fcn kullan\u0131c\u0131lar\u0131na da yal\u0131t\u0131m \u00f6zelli\u011fi yan\u0131nda g\u00fcne\u015ften \u00fcretilen elektrik sayesinde g\u00fcne\u015f enerjisinden \u00fcretilen elektrik sayesinde, yat\u0131r\u0131m maliyetini kar\u015f\u0131lama yan\u0131nda, yat\u0131r\u0131m\u0131n kendisini kar\u015f\u0131lamas\u0131ndan sonra d\u00fczenli ek gelir elde etme imkan\u0131 sa\u011flad\u0131\u011f\u0131n\u0131n da alt\u0131n\u0131 \u00e7izdi.<\/p>","protected":false},"excerpt":{"rendered":"<p>Sorry, this entry is only available in Turkish. For the sake of viewer convenience, the content is shown below in the alternative language. You may click the link to switch the active language.T\u00fcrkiye\u2019nin en b\u00fcy\u00fck g\u00fcne\u015f paneli \u00fcreticilerinden CW Enerji, h\u0131zla geli\u015fen \u00e7at\u0131 \u00fcst\u00fc g\u00fcne\u015f enerjisi pazar\u0131na y\u00f6nelik geli\u015ftirdi\u011fi inovatif \u00fcr\u00fcn\u00fcn\u00fc tan\u0131tt\u0131. CW Enerji\u2019den konu [&hellip;]<\/p>\n","protected":false},"author":1,"featured_media":67703,"comment_status":"open","ping_status":"open","sticky":false,"template":"","format":"standard","meta":[],"categories":[53,49,18007],"tags":[35453,34868,23416,23133,142,8255,34925,23131],"views":1822,"_links":{"self":[{"href":"https:\/\/www.enerjigazetesi.ist\/en\/wp-json\/wp\/v2\/posts\/67699"}],"collection":[{"href":"https:\/\/www.enerjigazetesi.ist\/en\/wp-json\/wp\/v2\/posts"}],"about":[{"href":"https:\/\/www.enerjigazetesi.ist\/en\/wp-json\/wp\/v2\/types\/post"}],"author":[{"embeddable":true,"href":"https:\/\/www.enerjigazetesi.ist\/en\/wp-json\/wp\/v2\/users\/1"}],"replies":[{"embeddable":true,"href":"https:\/\/www.enerjigazetesi.ist\/en\/wp-json\/wp\/v2\/comments?post=67699"}],"version-history":[{"count":3,"href":"https:\/\/www.enerjigazetesi.ist\/en\/wp-json\/wp\/v2\/posts\/67699\/revisions"}],"predecessor-version":[{"id":67704,"href":"https:\/\/www.enerjigazetesi.ist\/en\/wp-json\/wp\/v2\/posts\/67699\/revisions\/67704"}],"wp:featuredmedia":[{"embeddable":true,"href":"https:\/\/www.enerjigazetesi.ist\/en\/wp-json\/wp\/v2\/media\/67703"}],"wp:attachment":[{"href":"https:\/\/www.enerjigazetesi.ist\/en\/wp-json\/wp\/v2\/media?parent=67699"}],"wp:term":[{"taxonomy":"category","embeddable":true,"href":"https:\/\/www.enerjigazetesi.ist\/en\/wp-json\/wp\/v2\/categories?post=67699"},{"taxonomy":"post_tag","embeddable":true,"href":"https:\/\/www.enerjigazetesi.ist\/en\/wp-json\/wp\/v2\/tags?post=67699"}],"curies":[{"name":"wp","href":"https:\/\/api.w.org\/{rel}","templated":true}]}}