{"id":6769,"date":"2013-02-16T15:11:49","date_gmt":"2013-02-16T12:11:49","guid":{"rendered":"https:\/\/www.enerjigazetesi.ist\/?p=6769"},"modified":"2013-02-16T15:12:07","modified_gmt":"2013-02-16T12:12:07","slug":"limak-enerji-abk-enerji-ile-ruzgar-enerjisi-alaninda-isbirligine-gitti","status":"publish","type":"post","link":"https:\/\/www.enerjigazetesi.ist\/en\/limak-enerji-abk-enerji-ile-ruzgar-enerjisi-alaninda-isbirligine-gitti\/","title":{"rendered":"(Turkish) Limak Enerji, ABK Enerji ile R\u00fczgar Enerjisi Alan\u0131nda \u0130\u015fbirli\u011fine Gitti"},"content":{"rendered":"<p class=\"qtranxs-available-languages-message qtranxs-available-languages-message-en\">Sorry, this entry is only available in <a href=\"https:\/\/www.enerjigazetesi.ist\/tr\/wp-json\/wp\/v2\/posts\/6769\" class=\"qtranxs-available-language-link qtranxs-available-language-link-tr\" title=\"Turkish\">Turkish<\/a>. For the sake of viewer convenience, the content is shown below in the alternative language. You may click the link to switch the active language.<\/p><p><strong>ABK Enerji&#8217;nin Ayd\u0131n&#8217;da bulunan 30 MW g\u00fcc\u00fcndeki S\u00f6ke-\u00c7atalb\u00fck R\u00fczgar Enerjisi \u00dcretim Santrali&#8217;nin, 2013 y\u0131l\u0131 boyunca \u00fcretece\u011fi t\u00fcm enerjinin Limak Enerji&#8217;ye sat\u0131\u015f\u0131 i\u00e7in bir anla\u015fma imzaland\u0131.<\/strong><br \/>\nLimak Enerji Ticareti A.\u015e. CEO&#8217;su Birol Erg\u00fcven &#8220;Anla\u015fma ile birlikte santralin t\u00fcm dengesizliklerini de biz y\u00f6netece\u011fiz. B\u00f6ylece hem t\u00fcm sistemin daha iyi i\u015flemesine katk\u0131da bulunaca\u011f\u0131z hem de r\u00fczgar belirsizli\u011finden do\u011fan maliyetleri d\u00fc\u015f\u00fcrece\u011fiz&#8221; dedi.<br \/>\n<img loading=\"lazy\" class=\"alignright size-medium wp-image-6770\" title=\"Limak_Ruzgar_enerjisinde_ABK_ile_isbirligi_yapacak_48380_27fce\" src=\"https:\/\/www.enerjigazetesi.ist\/wp-content\/uploads\/2013\/02\/Limak_Ruzgar_enerjisinde_ABK_ile_isbirligi_yapacak_48380_27fce-300x164.jpg\" alt=\"\" width=\"300\" height=\"164\" srcset=\"https:\/\/www.enerjigazetesi.ist\/wp-content\/uploads\/2013\/02\/Limak_Ruzgar_enerjisinde_ABK_ile_isbirligi_yapacak_48380_27fce-300x164.jpg 300w, https:\/\/www.enerjigazetesi.ist\/wp-content\/uploads\/2013\/02\/Limak_Ruzgar_enerjisinde_ABK_ile_isbirligi_yapacak_48380_27fce-80x43.jpg 80w, https:\/\/www.enerjigazetesi.ist\/wp-content\/uploads\/2013\/02\/Limak_Ruzgar_enerjisinde_ABK_ile_isbirligi_yapacak_48380_27fce.jpg 466w\" sizes=\"(max-width: 300px) 100vw, 300px\" \/>Erg\u00fcven, hidroelektrik santrallerinin yan\u0131 s\u0131ra r\u00fczgar enerjisinde de b\u00fcy\u00fck bir portf\u00f6y sahibi olduklar\u0131n\u0131, t\u00fcm yenilenebilir enerji kaynaklar\u0131na b\u00fcy\u00fck \u00f6nem verdiklerini s\u00f6yledi. ABK Enerji ile yap\u0131lan anla\u015fma sonras\u0131nda portf\u00f6y\u00fc bir \u00fcst seviyeye ta\u015f\u0131d\u0131klar\u0131n\u0131 s\u00f6yleyen Erg\u00fcven, elektrik enerjisi sekt\u00f6r\u00fcnde bir\u00e7ok de\u011fi\u015fikli\u011fin oldu\u011fu bu d\u00f6nemde, uzun vadeli tedarik anla\u015fmalar\u0131n\u0131n enerji ticareti \u015firketlerinin risklerini y\u00f6netmesi i\u00e7in \u00e7ok \u00f6nemli oldu\u011funu ve \u00f6rnek te\u015fkil etti\u011fini belirtti.<br \/>\nLimak Enerji, ABK Enerji ile yapt\u0131\u011f\u0131 anla\u015fma \u00e7er\u00e7evesinde sadece S\u00f6ke-\u00c7atalb\u00fck RES&#8217;in \u00fcretti\u011fi enerjiyi de\u011fil, ayn\u0131 zamanda dengesizliklerini de y\u00f6netecek. \u00d6zellikle yenilenebilir enerji kaynaklar\u0131na dayal\u0131 santrallerin \u00fcretebilecekleri net enerji miktar\u0131n\u0131n hatas\u0131z olarak tahmin edilmesinin m\u00fcmk\u00fcn olmad\u0131\u011f\u0131n\u0131 s\u00f6yleyen Birol Erg\u00fcven, yap\u0131lan pozitif ya da negatif tahmin hatalar\u0131n\u0131n da enerji sisteminde dengesizlik yaratt\u0131\u011f\u0131n\u0131 iletti. Erg\u00fcven &#8220;Sahip oldu\u011fumuz &#8216;Dengeden Sorumlu Grubumuz&#8217;, bir\u00e7ok farkl\u0131 tipteki santralin dengesizliklerini tek bir \u00e7at\u0131 alt\u0131nda topluyor. Farkl\u0131 portf\u00f6yleri y\u00f6neterek toplamda daha az dengesizlik yaratan bir grup olu\u015fturuyoruz. Bu sayede sistemin daha d\u00fczg\u00fcn i\u015flemesine katk\u0131 sa\u011flad\u0131\u011f\u0131m\u0131z gibi grup i\u00e7indeki dengesizliklerden do\u011fan maliyetleri de d\u00fc\u015f\u00fcrmeyi hedefliyoruz&#8221; dedi.<\/p>\n<h2>&#8220;DENGES\u0130ZL\u0130K MAL\u0130YETLER\u0130N\u0130 EN AZA \u0130ND\u0130RECE\u011e\u0130Z&#8221;<\/h2>\n<p>R\u00fczgar enerjisi alan\u0131nda 2000 y\u0131l\u0131ndan beri \u00e7al\u0131\u015fmalar\u0131n\u0131 s\u00fcrd\u00fcren ABK Enerji sahip oldu\u011fu 30MW g\u00fcc\u00fcndeki S\u00f6ke-\u00c7atalb\u00fck RES&#8217;in yan\u0131s\u0131ra 25 MW kapasiteye sahip \u00c7atalb\u00fck RES projesini de 2014 y\u0131l\u0131nda devreye almay\u0131 ama\u00e7l\u0131yor. \u00c7al\u0131\u015fmalar\u0131na h\u0131zla devam eden ABK Enerji&#8217;nin Y\u00f6netim Kurulu Ba\u015fkan\u0131 \u00dcnal Kabaca Limak Enerji ile yapt\u0131klar\u0131 anla\u015fmadan dolay\u0131 mutlu olduklar\u0131n\u0131, anla\u015fma ile birlikte PMUM&#8217;da (Piyasa Mali Uzla\u015ft\u0131rma Merkezi) olu\u015fan y\u00fcksek dengesizlik maliyetlerini de en aza indireceklerini s\u00f6yledi.<\/p>\n<p>Kaynak: <a href=\"http:\/\/enerjienstitusu.com\/\" target=\"_blank\">Enerji Enstit\u00fcs\u00fc<\/a><\/p>","protected":false},"excerpt":{"rendered":"<p>Sorry, this entry is only available in Turkish. For the sake of viewer convenience, the content is shown below in the alternative language. You may click the link to switch the active language.ABK Enerji&#8217;nin Ayd\u0131n&#8217;da bulunan 30 MW g\u00fcc\u00fcndeki S\u00f6ke-\u00c7atalb\u00fck R\u00fczgar Enerjisi \u00dcretim Santrali&#8217;nin, 2013 y\u0131l\u0131 boyunca \u00fcretece\u011fi t\u00fcm enerjinin Limak Enerji&#8217;ye sat\u0131\u015f\u0131 i\u00e7in bir [&hellip;]<\/p>\n","protected":false},"author":1,"featured_media":6770,"comment_status":"open","ping_status":"open","sticky":false,"template":"","format":"standard","meta":[],"categories":[53,50],"tags":[2498,67,2497,2499,16],"views":719,"_links":{"self":[{"href":"https:\/\/www.enerjigazetesi.ist\/en\/wp-json\/wp\/v2\/posts\/6769"}],"collection":[{"href":"https:\/\/www.enerjigazetesi.ist\/en\/wp-json\/wp\/v2\/posts"}],"about":[{"href":"https:\/\/www.enerjigazetesi.ist\/en\/wp-json\/wp\/v2\/types\/post"}],"author":[{"embeddable":true,"href":"https:\/\/www.enerjigazetesi.ist\/en\/wp-json\/wp\/v2\/users\/1"}],"replies":[{"embeddable":true,"href":"https:\/\/www.enerjigazetesi.ist\/en\/wp-json\/wp\/v2\/comments?post=6769"}],"version-history":[{"count":2,"href":"https:\/\/www.enerjigazetesi.ist\/en\/wp-json\/wp\/v2\/posts\/6769\/revisions"}],"predecessor-version":[{"id":6772,"href":"https:\/\/www.enerjigazetesi.ist\/en\/wp-json\/wp\/v2\/posts\/6769\/revisions\/6772"}],"wp:featuredmedia":[{"embeddable":true,"href":"https:\/\/www.enerjigazetesi.ist\/en\/wp-json\/wp\/v2\/media\/6770"}],"wp:attachment":[{"href":"https:\/\/www.enerjigazetesi.ist\/en\/wp-json\/wp\/v2\/media?parent=6769"}],"wp:term":[{"taxonomy":"category","embeddable":true,"href":"https:\/\/www.enerjigazetesi.ist\/en\/wp-json\/wp\/v2\/categories?post=6769"},{"taxonomy":"post_tag","embeddable":true,"href":"https:\/\/www.enerjigazetesi.ist\/en\/wp-json\/wp\/v2\/tags?post=6769"}],"curies":[{"name":"wp","href":"https:\/\/api.w.org\/{rel}","templated":true}]}}