{"id":67575,"date":"2017-09-19T11:52:00","date_gmt":"2017-09-19T08:52:00","guid":{"rendered":"https:\/\/www.enerjigazetesi.ist\/?p=67575"},"modified":"2017-09-19T11:55:32","modified_gmt":"2017-09-19T08:55:32","slug":"enerji-kaybi-tahmin-edilenden-cok-daha-fazla-ekonomik-zarar-olusturuyor","status":"publish","type":"post","link":"https:\/\/www.enerjigazetesi.ist\/en\/enerji-kaybi-tahmin-edilenden-cok-daha-fazla-ekonomik-zarar-olusturuyor\/","title":{"rendered":"(Turkish) \u201cEnerji Kayb\u0131, Tahmin Edilenden Daha Fazla Ekonomik Zarar Olu\u015fturur&#8221;"},"content":{"rendered":"<p class=\"qtranxs-available-languages-message qtranxs-available-languages-message-en\">Sorry, this entry is only available in <a href=\"https:\/\/www.enerjigazetesi.ist\/tr\/wp-json\/wp\/v2\/posts\/67575\" class=\"qtranxs-available-language-link qtranxs-available-language-link-tr\" title=\"Turkish\">Turkish<\/a>. For the sake of viewer convenience, the content is shown below in the alternative language. You may click the link to switch the active language.<\/p><p><strong>Beyrut\u2019ta d\u00fczenlenen\u00a08\u2019inci \u201cUluslararas\u0131 Beyrut Enerji Forumu\u201d&#8217;nun \u201cL\u00fcbnan\u2019da \u00c7evre Kirlili\u011fi, Yol ve Ta\u015f\u0131mac\u0131l\u0131k Sekt\u00f6r\u00fc\u201d ba\u015fl\u0131kl\u0131 ilk oturumunda Beyrut Amerikan \u00dcniversitesi\u2019nden (AUB) Prof Nejat Avn Saliba, L\u00fcbnan \u00c7evre Bakanl\u0131\u011f\u0131 \u0130klim De\u011fi\u015fikli\u011fi masas\u0131ndan Li Ebucevde ve IPT Enerji Merkezi Ba\u015fkan\u0131 Toni \u0130sa yer ald\u0131.<\/strong><\/p>\n<p><img loading=\"lazy\" class=\"alignright wp-image-27853 size-medium\" src=\"https:\/\/www.enerjigazetesi.ist\/wp-content\/uploads\/2014\/06\/elektrik-iletim-sektoru-2013-yili-raporu-yayinlandi-300x183.jpg\" alt=\"enerji-kaybi-tahmin-edilenden-cok-daha-fazla-ekonomik-zarar-olusturuyor\" width=\"300\" height=\"183\" srcset=\"https:\/\/www.enerjigazetesi.ist\/wp-content\/uploads\/2014\/06\/elektrik-iletim-sektoru-2013-yili-raporu-yayinlandi-300x183.jpg 300w, https:\/\/www.enerjigazetesi.ist\/wp-content\/uploads\/2014\/06\/elektrik-iletim-sektoru-2013-yili-raporu-yayinlandi-500x305.jpg 500w, https:\/\/www.enerjigazetesi.ist\/wp-content\/uploads\/2014\/06\/elektrik-iletim-sektoru-2013-yili-raporu-yayinlandi-80x48.jpg 80w, https:\/\/www.enerjigazetesi.ist\/wp-content\/uploads\/2014\/06\/elektrik-iletim-sektoru-2013-yili-raporu-yayinlandi.jpg 600w\" sizes=\"(max-width: 300px) 100vw, 300px\" \/><\/p>\n<p>IPT Enerji Merkezi Ba\u015fkan\u0131 \u0130sa, L\u00fcbnan\u2019da uzun y\u0131llard\u0131r s\u00fcren \u00e7evre kirlili\u011fi ve buna ba\u011fl\u0131 enerji kayb\u0131 meselesine y\u00f6nelik art\u0131k ak\u0131lc\u0131 \u00e7\u00f6z\u00fcmlerin sunulmas\u0131n\u0131n zaman\u0131n\u0131n geldi\u011fini belirterek, \u201cEnerji kayb\u0131, tahmin edilenden daha fazla ekonomik zarara neden olmaktad\u0131r. Zaman\u0131nda \u00f6nlem al\u0131nmazsa telafisi zor problemler ortaya \u00e7\u0131kabilmektedir.\u201d ifadelerini kulland\u0131.<\/p>\n<p>3 g\u00fcn boyunca s\u00fcrecek \u201cUluslararas\u0131 Beyrut Enerji Forumu\u2019nda\u201d s\u00fcrd\u00fcr\u00fclebilir enerji projeleri, \u00e7evre kirlili\u011fi, enerji verimlili\u011fi, yenilenebilir enerji ve ye\u015fil enerji konular\u0131 masaya yat\u0131r\u0131lacak. Alan\u0131nda uzman \u00e7ok say\u0131da akademisyen, b\u00fcrokrat ve uzmanla birlikte L\u00fcbnanl\u0131 siyaset\u00e7iler de forumda konu\u015fmac\u0131 olarak yer alacak.<\/p>\n<p>L\u00fcbnan\u2019da enerji s\u0131k\u0131nt\u0131s\u0131ndan dolay\u0131 baz\u0131 yerlere hi\u00e7 elektrik verilemezken, baz\u0131 yerlerde 12 ve 6 saat, ba\u015fkent Beyrut\u2019ta ise her g\u00fcn 3 saat elektrik kesintisi meydana gelmektedir. \u00dclke enerji ihtiyac\u0131na y\u00f6nelik bir k\u0131s\u0131m enerjisini T\u00fcrkiye\u2019den gelen iki b\u00fcy\u00fck enerji gemisi ile sa\u011flamaktad\u0131r.<\/p>","protected":false},"excerpt":{"rendered":"<p>Sorry, this entry is only available in Turkish. For the sake of viewer convenience, the content is shown below in the alternative language. You may click the link to switch the active language.Beyrut\u2019ta d\u00fczenlenen\u00a08\u2019inci \u201cUluslararas\u0131 Beyrut Enerji Forumu\u201d&#8217;nun \u201cL\u00fcbnan\u2019da \u00c7evre Kirlili\u011fi, Yol ve Ta\u015f\u0131mac\u0131l\u0131k Sekt\u00f6r\u00fc\u201d ba\u015fl\u0131kl\u0131 ilk oturumunda Beyrut Amerikan \u00dcniversitesi\u2019nden (AUB) Prof Nejat Avn [&hellip;]<\/p>\n","protected":false},"author":1,"featured_media":27853,"comment_status":"open","ping_status":"open","sticky":false,"template":"","format":"standard","meta":[],"categories":[51,53,52],"tags":[2050,34979,19638,34980,26353,3079,13842,12,4307,35418,105,218],"views":962,"_links":{"self":[{"href":"https:\/\/www.enerjigazetesi.ist\/en\/wp-json\/wp\/v2\/posts\/67575"}],"collection":[{"href":"https:\/\/www.enerjigazetesi.ist\/en\/wp-json\/wp\/v2\/posts"}],"about":[{"href":"https:\/\/www.enerjigazetesi.ist\/en\/wp-json\/wp\/v2\/types\/post"}],"author":[{"embeddable":true,"href":"https:\/\/www.enerjigazetesi.ist\/en\/wp-json\/wp\/v2\/users\/1"}],"replies":[{"embeddable":true,"href":"https:\/\/www.enerjigazetesi.ist\/en\/wp-json\/wp\/v2\/comments?post=67575"}],"version-history":[{"count":5,"href":"https:\/\/www.enerjigazetesi.ist\/en\/wp-json\/wp\/v2\/posts\/67575\/revisions"}],"predecessor-version":[{"id":67580,"href":"https:\/\/www.enerjigazetesi.ist\/en\/wp-json\/wp\/v2\/posts\/67575\/revisions\/67580"}],"wp:featuredmedia":[{"embeddable":true,"href":"https:\/\/www.enerjigazetesi.ist\/en\/wp-json\/wp\/v2\/media\/27853"}],"wp:attachment":[{"href":"https:\/\/www.enerjigazetesi.ist\/en\/wp-json\/wp\/v2\/media?parent=67575"}],"wp:term":[{"taxonomy":"category","embeddable":true,"href":"https:\/\/www.enerjigazetesi.ist\/en\/wp-json\/wp\/v2\/categories?post=67575"},{"taxonomy":"post_tag","embeddable":true,"href":"https:\/\/www.enerjigazetesi.ist\/en\/wp-json\/wp\/v2\/tags?post=67575"}],"curies":[{"name":"wp","href":"https:\/\/api.w.org\/{rel}","templated":true}]}}