{"id":67483,"date":"2017-09-17T12:07:19","date_gmt":"2017-09-17T09:07:19","guid":{"rendered":"https:\/\/www.enerjigazetesi.ist\/?p=67483"},"modified":"2017-09-17T12:07:48","modified_gmt":"2017-09-17T09:07:48","slug":"almanyanin-gunesi-42-gw-sinirini-gecti","status":"publish","type":"post","link":"https:\/\/www.enerjigazetesi.ist\/en\/almanyanin-gunesi-42-gw-sinirini-gecti\/","title":{"rendered":"(Turkish) Almanya&#8217;n\u0131n G\u00fcne\u015fi 42 GW S\u0131n\u0131r\u0131n\u0131 Ge\u00e7ti&#8230;"},"content":{"rendered":"<p class=\"qtranxs-available-languages-message qtranxs-available-languages-message-en\">Sorry, this entry is only available in <a href=\"https:\/\/www.enerjigazetesi.ist\/tr\/wp-json\/wp\/v2\/posts\/67483\" class=\"qtranxs-available-language-link qtranxs-available-language-link-tr\" title=\"Turkish\">Turkish<\/a>. For the sake of viewer convenience, the content is shown below in the alternative language. You may click the link to switch the active language.<\/p><p><strong>Almanya, g\u00fcne\u015f elektri\u011fi g\u00fcc\u00fcnde Temmuz&#8217;da 154,619 MW&#8217;l\u0131k bir art\u0131\u015f sa\u011flad\u0131.\u00a0Temmuz&#8217;daki art\u0131\u015f ile birlikte g\u00fcne\u015f enerjisi g\u00fcc\u00fc 2017 y\u0131l\u0131n\u0131n ilk 7 ay\u0131nda ger\u00e7ekle\u015fen art\u0131\u015fla birlikte 1.055,3 MW\u2019a y\u00fckseldi ve toplam g\u00fc\u00e7 ise 42,16 GW\u2019a ula\u015ft\u0131.<\/strong><\/p>\n<p><img loading=\"lazy\" class=\"alignright size-medium wp-image-67484\" src=\"https:\/\/www.enerjigazetesi.ist\/wp-content\/uploads\/2017\/09\/almanyanin-gunesi-42-gw-sinirini-gecti-300x169.jpg\" alt=\"\" width=\"300\" height=\"169\" srcset=\"https:\/\/www.enerjigazetesi.ist\/wp-content\/uploads\/2017\/09\/almanyanin-gunesi-42-gw-sinirini-gecti-300x169.jpg 300w, https:\/\/www.enerjigazetesi.ist\/wp-content\/uploads\/2017\/09\/almanyanin-gunesi-42-gw-sinirini-gecti-500x281.jpg 500w, https:\/\/www.enerjigazetesi.ist\/wp-content\/uploads\/2017\/09\/almanyanin-gunesi-42-gw-sinirini-gecti-80x45.jpg 80w, https:\/\/www.enerjigazetesi.ist\/wp-content\/uploads\/2017\/09\/almanyanin-gunesi-42-gw-sinirini-gecti.jpg 620w\" sizes=\"(max-width: 300px) 100vw, 300px\" \/><\/p>\n<p>Temmuz&#8217;da ger\u00e7ekle\u015fen bu art\u0131\u015f\u0131n 139,3 MW\u2019l\u0131k b\u00f6l\u00fcm\u00fcn\u00fc k\u00fc\u00e7\u00fck \u00f6l\u00e7ekli sistemler olu\u015fturdu. Bu d\u00f6nemde zemine monteli \u015fekilde 15,3 MW\u2019l\u0131k kurulum devreye al\u0131n\u0131rken, 6,5 MW g\u00fcc\u00fcnde devreye al\u0131nan proje \u00fclkede ge\u00e7en d\u00f6nemlerde yap\u0131lan ihalelerde yat\u0131r\u0131m izni sa\u011flanan projelerden meydana geldi.<\/p>\n<p>Almanya\u2019da g\u00fcne\u015f enerjisine dayal\u0131 elektrik \u00fcretim kapasitesi 2016 y\u0131l\u0131nda 1,51 GW, 2015 y\u0131l\u0131nda ise 1,45 GW&#8217;l\u0131k bir art\u0131\u015f kaydetmi\u015fti.<\/p>","protected":false},"excerpt":{"rendered":"<p>Sorry, this entry is only available in Turkish. For the sake of viewer convenience, the content is shown below in the alternative language. You may click the link to switch the active language.Almanya, g\u00fcne\u015f elektri\u011fi g\u00fcc\u00fcnde Temmuz&#8217;da 154,619 MW&#8217;l\u0131k bir art\u0131\u015f sa\u011flad\u0131.\u00a0Temmuz&#8217;daki art\u0131\u015f ile birlikte g\u00fcne\u015f enerjisi g\u00fcc\u00fc 2017 y\u0131l\u0131n\u0131n ilk 7 ay\u0131nda ger\u00e7ekle\u015fen art\u0131\u015fla [&hellip;]<\/p>\n","protected":false},"author":1,"featured_media":67484,"comment_status":"open","ping_status":"open","sticky":false,"template":"","format":"standard","meta":[],"categories":[53,49,18007],"tags":[929,2326,23416,2569,23133,34925,23131,26829],"views":1273,"_links":{"self":[{"href":"https:\/\/www.enerjigazetesi.ist\/en\/wp-json\/wp\/v2\/posts\/67483"}],"collection":[{"href":"https:\/\/www.enerjigazetesi.ist\/en\/wp-json\/wp\/v2\/posts"}],"about":[{"href":"https:\/\/www.enerjigazetesi.ist\/en\/wp-json\/wp\/v2\/types\/post"}],"author":[{"embeddable":true,"href":"https:\/\/www.enerjigazetesi.ist\/en\/wp-json\/wp\/v2\/users\/1"}],"replies":[{"embeddable":true,"href":"https:\/\/www.enerjigazetesi.ist\/en\/wp-json\/wp\/v2\/comments?post=67483"}],"version-history":[{"count":2,"href":"https:\/\/www.enerjigazetesi.ist\/en\/wp-json\/wp\/v2\/posts\/67483\/revisions"}],"predecessor-version":[{"id":67486,"href":"https:\/\/www.enerjigazetesi.ist\/en\/wp-json\/wp\/v2\/posts\/67483\/revisions\/67486"}],"wp:featuredmedia":[{"embeddable":true,"href":"https:\/\/www.enerjigazetesi.ist\/en\/wp-json\/wp\/v2\/media\/67484"}],"wp:attachment":[{"href":"https:\/\/www.enerjigazetesi.ist\/en\/wp-json\/wp\/v2\/media?parent=67483"}],"wp:term":[{"taxonomy":"category","embeddable":true,"href":"https:\/\/www.enerjigazetesi.ist\/en\/wp-json\/wp\/v2\/categories?post=67483"},{"taxonomy":"post_tag","embeddable":true,"href":"https:\/\/www.enerjigazetesi.ist\/en\/wp-json\/wp\/v2\/tags?post=67483"}],"curies":[{"name":"wp","href":"https:\/\/api.w.org\/{rel}","templated":true}]}}